{"id":19342,"date":"2016-11-11T12:29:50","date_gmt":"2016-11-11T14:29:50","guid":{"rendered":"http:\/\/catolicanet.net\/wp-cnet\/2016\/11\/11\/jubileu-sacerdotal-de-diamante\/"},"modified":"2017-05-05T14:37:35","modified_gmt":"2017-05-05T17:37:35","slug":"jubileu-sacerdotal-de-diamante","status":"publish","type":"post","link":"https:\/\/catolicanet.net\/wp-cnet\/jubileu-sacerdotal-de-diamante\/","title":{"rendered":"Jubileu Sacerdotal de Diamante"},"content":{"rendered":"<p style=\"text-align: justify;\">Neste Ano da Voca\u00e7\u00e3o Sacerdotal em nossa Arquidiocese, temos a alegria de celebrar os sessenta anos de Ordena\u00e7\u00e3o Presbiteral do Reverend\u00edssimo Senhor C\u00d4NEGO JOS\u00c9 GERALDO VIDIGAL DE CARVALHO. Um exemplar Sacerdote que a todos nos encanta!<br \/>Em 1\u00b0 de dezembro de 1933, nascia o segundo filho de Dr. Crist\u00f3vam Lopes de Carvalho e Maria Augusta Vidigal de Carvalho. Aprendeu as primeiras letras na escola da Professora Argina Silvino Ferreira. Fez o curso secund\u00e1rio no Semin\u00e1rio de Mariana e seguiu para o Semin\u00e1rio Cora\u00e7\u00e3o Eucar\u00edstico, em Belo Horizonte. Retornou a Mariana e ordenou-se no dia 2 de dezembro de 1956, na Catedral Bas\u00edlica de Mariana, depois de cursar Filosofia e Teologia no Semin\u00e1rio S\u00e3o Jos\u00e9. Diplomou-se em Filosofia em S\u00e3o Jo\u00e3o Del Rei. Fez a p\u00f3s-gradua\u00e7\u00e3o na PUC Minas, especializando-se em Hist\u00f3ria do Brasil. Obteve certificado de diversos Cursos de Extens\u00e3o Universit\u00e1ria como o de Jornalismo, na C\u00e1sper L\u00edbero em S\u00e3o Paulo; Psicologia Din\u00e2mica e Psicologia Experimental, na Faculdade Dom Bosco; Programa de Capacita\u00e7\u00e3o para as Chefias da Universidade Federal de Ouro Preto.<br \/>A voca\u00e7\u00e3o para o sacerd\u00f3cio surgiu na vida do C\u00f4nego ainda crian\u00e7a. O P\u00e1roco de Vi\u00e7osa era o Padre \u00c1lvaro Corr\u00eaa Borges. Sempre dizia que queria ser Padre tamb\u00e9m. Em companhia de seu Pai, ao passar em frente \u00e0 Matriz, este lhe dizia: \u201cj\u00e1 que seu sonho \u00e9 ser Padre, ent\u00e3o, deve ir ao altar e pedir a Jesus que o fa\u00e7a Padre\u201d. Com grande apoio da fam\u00edlia e com grandes Sacerdotes que lhe serviram de exemplo e inspira\u00e7\u00e3o, seguiu adiante.<br \/>C\u00f4nego Catedr\u00e1tico do Cabido Metropolitano aos 3\/12\/1961, sua rica biografia inclui os cargos de Professor, em Mariana, na Escola Estadual \u201cDom Silv\u00e9rio\u201d e no Semin\u00e1rio: de Filosofia, Hist\u00f3ria da Am\u00e9rica, Hist\u00f3ria do Brasil, Cultura Religiosa nos Cursos de Licenciatura da PUC Minas; de Hist\u00f3ria, Franc\u00eas, Economia Pol\u00edtica e Estat\u00edstica, na Escola Dom Frei Manoel da Cruz; de Introdu\u00e7\u00e3o aos Estudos Hist\u00f3ricos e Teoria da Hist\u00f3ria, no Instituto de Ci\u00eancias Humanas e Sociais, da UFOP; Hist\u00f3ria da Igreja, Eloqu\u00eancia e Hist\u00f3ria da Filosofia Antiga e Medieval, no Semin\u00e1rio Arquidiocesano S\u00e3o Jos\u00e9. Em Vi\u00e7osa, Hist\u00f3ria e Filosofia, na Escola Estadual \u201cEffie Rolfs\u201d. Ocupou cargos em diversos \u00f3rg\u00e3os e institui\u00e7\u00f5es, \u00e9 poliglota e j\u00e1 recebeu in\u00fameras homenagens e t\u00edtulos de reconhecimento. Publicou cerca de vinte livros. Como escritor consagrado, assumiu a cadeira de n\u00famero doze da Academia Mineira de Letras. \u00c9 tamb\u00e9m membro da Academia Municipalista de Letras de Minas Gerais; da Academia de Letras de Mariana e de Vi\u00e7osa; da Academia Marial de Aparecida, da Academia de Letras e Artes \u201cMater Salvatoris\u201d, de Salvador. \u00c9 um dos diretores regionais da Sociedade Brasileira de Fil\u00f3sofos Cat\u00f3licos; membro do Instituto Hist\u00f3rico e Geogr\u00e1fico de Minas Gerais; da Societ\u00e0 Internazionale Tommaso d\u2019Aquino, de Roma e da Sociedade Interamericana de Filosofia.<br \/>Sua ampla folha de servi\u00e7os \u00e0 Igreja e \u00e0 P\u00e1tria inclui a dire\u00e7\u00e3o do Jornal O ARQUIDIOCESANO e da Editora Dom Vi\u00e7oso; Diretor do Instituto de Ci\u00eancias Humanas e Sociais da UFOP, \u00e9poca em que presidiu seu Conselho Departamental, integrando ainda o Conselho Universit\u00e1rio e o Conselho de Ensino, Pesquisa e Extens\u00e3o; membro da Funda\u00e7\u00e3o Marianense de Educa\u00e7\u00e3o; da Revista \u201cRua Direita\u201d e Coordenador dos Cursos de Licenciatura de Mariana, Extens\u00e3o da PUC Minas.<br \/>Al\u00e9m de suas in\u00fameras obras publicadas, escreve para v\u00e1rios sites na Internet, abordando temas teol\u00f3gicos, filos\u00f3ficos, pol\u00edticos, cient\u00edficos. Articulista em jornais de circula\u00e7\u00e3o nacional, atuando, semanalmente, na Rede Cat\u00f3lica de R\u00e1dio.<br \/>Em Vi\u00e7osa, onde reside, exerce com generosa disponibilidade seu Minist\u00e9rio, sendo o respons\u00e1vel pelo surgimento de v\u00e1rias comunidades formadas nos bairros da cidade. Preside Missas, diariamente, na Par\u00f3quia Santa Rita de C\u00e1ssia, sendo grande parte no Santu\u00e1rio, oferecendo aos fi\u00e9is sua rica prega\u00e7\u00e3o e o testemunho de solicitude pela causa de Cristo e de Seu Evangelho, com destaque especial aos inesquec\u00edveis eruditos e magistrais Serm\u00f5es na Semana Santa, no Jubileu da Padroeira e demais efem\u00e9rides. Al\u00e9m dos preciosos servi\u00e7os oferecidos ao Povo de Deus, por meio de confer\u00eancias, palestras, sobressai a empatia estabelecida com a juventude que o procura para Confiss\u00e3o e Dire\u00e7\u00e3o Espiritual. Os Grupos Jovens dele recebem segura orienta\u00e7\u00e3o espiritual, oferecendo-lhes a melhor forma\u00e7\u00e3o nas Jornadas de Conscientiza\u00e7\u00e3o Crist\u00e3, do Grupo Jovens Seguidores de Cristo (JSC) e nos Encontros do Grupo Jovens Unidos em Cristo (JUC) do Bairro Santo Ant\u00f4nio.<br \/>O C\u00f4nego Vidigal prossegue fazendo o bem, atrav\u00e9s de sua vasta cultura, austera dedica\u00e7\u00e3o e invej\u00e1vel disposi\u00e7\u00e3o ao trabalho disciplinado, cotidianamente, por um perfil que o configura entre os mais ilustres Vi\u00e7osenses, verdadeira honra do Clero Marianense.<\/p>\n<p style=\"text-align: justify;\"> Padre Paulo Dion\u00ea Quint\u00e3o \u2013 P\u00e1roco de \u201cSanta Rita de C\u00e1ssia\u201d \u2013 Vi\u00e7osa \u2013 MG<\/p>\n","protected":false},"excerpt":{"rendered":"<p>Neste Ano da Voca\u00e7\u00e3o Sacerdotal em nossa Arquidiocese, temos a alegria de celebrar os sessenta anos de Ordena\u00e7\u00e3o Presbiteral do Reverend\u00edssimo Senhor C\u00d4NEGO JOS\u00c9 GERALDO VIDIGAL DE CARVALHO. Um exemplar Sacerdote que a todos nos encanta!Em 1\u00b0 de dezembro de 1933, nascia o segundo filho de Dr. Crist\u00f3vam Lopes de Carvalho e Maria Augusta Vidigal [&hellip;]<\/p>\n","protected":false},"author":1,"featured_media":0,"comment_status":"open","ping_status":"open","sticky":false,"template":"","format":"standard","meta":{"footnotes":""},"categories":[9],"tags":[],"class_list":["post-19342","post","type-post","status-publish","format-standard","hentry","category-artigos"],"_links":{"self":[{"href":"https:\/\/catolicanet.net\/wp-cnet\/wp-json\/wp\/v2\/posts\/19342","targetHints":{"allow":["GET"]}}],"collection":[{"href":"https:\/\/catolicanet.net\/wp-cnet\/wp-json\/wp\/v2\/posts"}],"about":[{"href":"https:\/\/catolicanet.net\/wp-cnet\/wp-json\/wp\/v2\/types\/post"}],"author":[{"embeddable":true,"href":"https:\/\/catolicanet.net\/wp-cnet\/wp-json\/wp\/v2\/users\/1"}],"replies":[{"embeddable":true,"href":"https:\/\/catolicanet.net\/wp-cnet\/wp-json\/wp\/v2\/comments?post=19342"}],"version-history":[{"count":1,"href":"https:\/\/catolicanet.net\/wp-cnet\/wp-json\/wp\/v2\/posts\/19342\/revisions"}],"predecessor-version":[{"id":21206,"href":"https:\/\/catolicanet.net\/wp-cnet\/wp-json\/wp\/v2\/posts\/19342\/revisions\/21206"}],"wp:attachment":[{"href":"https:\/\/catolicanet.net\/wp-cnet\/wp-json\/wp\/v2\/media?parent=19342"}],"wp:term":[{"taxonomy":"category","embeddable":true,"href":"https:\/\/catolicanet.net\/wp-cnet\/wp-json\/wp\/v2\/categories?post=19342"},{"taxonomy":"post_tag","embeddable":true,"href":"https:\/\/catolicanet.net\/wp-cnet\/wp-json\/wp\/v2\/tags?post=19342"}],"curies":[{"name":"wp","href":"https:\/\/api.w.org\/{rel}","templated":true}]}}