{"id":19335,"date":"2016-11-10T17:54:36","date_gmt":"2016-11-10T19:54:36","guid":{"rendered":"http:\/\/catolicanet.net\/wp-cnet\/2016\/11\/10\/lider-cristao-baleado-na-siria-compartilho-a-cruz-de-muitos-que-sofrem\/"},"modified":"2017-05-30T16:27:40","modified_gmt":"2017-05-30T19:27:40","slug":"lider-cristao-baleado-na-siria-compartilho-a-cruz-de-muitos-que-sofrem","status":"publish","type":"post","link":"https:\/\/catolicanet.net\/wp-cnet\/lider-cristao-baleado-na-siria-compartilho-a-cruz-de-muitos-que-sofrem\/","title":{"rendered":"L\u00edder crist\u00e3o baleado na S\u00edria: Compartilho a cruz de muitos que sofrem"},"content":{"rendered":"<p style=\"text-align: justify;\"><img decoding=\"async\" src=\"http:\/\/www.catolicanet.com.br\/images\/stories\/noticias\/xelliderortodoxo.jpg\" border=\"0\" align=\"left\" \/>ROMA, 10 Nov. 16 \/ 11:00 am (ACI).- O vig\u00e1rio patriarcal s\u00edrio-ortodoxo de Aleppo, Raban Boutros Kassis, foi baleado por franco-atiradores no dia 6 de novembro, enquanto retornava \u00e0 cidade com o seu autom\u00f3vel. Para ele, esta experi\u00eancia significa \u201ccompartilhar a mesma cruz de tanta gente que sofre hoje na S\u00edria\u201d.<\/p>\n<p>\u201cDou gra\u00e7as a Deus que me protegeu e me manteve com vida\u201d, disse \u00e0 ag\u00eancia vaticana Fides. \u201cTodos os dias sofremos agress\u00f5es e bombardeios, todos os dias pessoas s\u00e3o feridas e morrem\u201d, denunciou.<\/p>\n<p>Conforme indicou Fides, a estrada em que Boutros foi ferido une as cidades do Homs a Aleppo e est\u00e1 em uma \u00e1rea controlada pelo governo s\u00edrio, mas \u00e9 fechada \u00e0 noite porque grupos terroristas colocam minas no local.<\/p>\n<p>Os agressores feriram o l\u00edder ortodoxo com dois tiros no ombro. Depois do ataque, o seu motorista o levou ao hospital cat\u00f3lico de S\u00e3o Luis de Aleppo, onde permanece em recupera\u00e7\u00e3o.<\/p>\n<p>\u201cEstou feliz por saborear a amargura da cruz em comunh\u00e3o com Cristo e com tantos inocentes que sofrem. Temos a certeza de que a morte n\u00e3o \u00e9 a \u00faltima palavra, mas que o fim \u00e9 a Ressurrei\u00e7\u00e3o\u201d, disse.<\/p>\n<p>Aleppo \u00e9 uma das cidades mais afetadas pela guerra civil na S\u00edria. Seus habitantes est\u00e3o entre o fogo do ex\u00e9rcito s\u00edrio, os rebeldes e os grupos terroristas.<\/p>\n<p>Os constantes bombardeios destru\u00edram hospitais, centros de provis\u00f5es, inclusive afetaram alguns bairros crist\u00e3os da cidade. No \u00faltimo dia 23, um m\u00edssil caiu no jardim de um convento carmelita e milagrosamente n\u00e3o explodiu.<\/p>\n<p>O Arcebispo maronita (cat\u00f3lico) de Aleppo, Dom Joseph Tobij, indicou \u00e0 Fides que na semana passada os rebeldes e os jihadistas atacaram os bairros controlados pelas for\u00e7as do governo s\u00edrio. Esta ofensiva causou 90 v\u00edtimas mortais.<\/p>\n<p>No dia 4 de novembro, a R\u00fassia concedeu a \u201c\u00faltima tr\u00e9gua\u201d para que os civis e insurgentes pudessem sair da zona rebelde da cidade. Depois desta tr\u00e9gua, continuaram fazendo bombardeios.<\/p>\n<p>Dom Tobij indicou que durante a tr\u00e9gua \u201calguns civis queriam sair, mas come\u00e7aram a atirar contra eles e desistiram\u201d.<\/p>\n<p style=\"text-align: justify;\">\u00a0<\/p>\n<p style=\"text-align: justify;\">Fonte: Acidigital<\/p>\n","protected":false},"excerpt":{"rendered":"<p>ROMA, 10 Nov. 16 \/ 11:00 am (ACI).- O vig\u00e1rio patriarcal s\u00edrio-ortodoxo de Aleppo, Raban Boutros Kassis, foi baleado por franco-atiradores no dia 6 de novembro, enquanto retornava \u00e0 cidade com o seu autom\u00f3vel. Para ele, esta experi\u00eancia significa \u201ccompartilhar a mesma cruz de tanta gente que sofre hoje na S\u00edria\u201d. \u201cDou gra\u00e7as a Deus [&hellip;]<\/p>\n","protected":false},"author":1,"featured_media":19334,"comment_status":"open","ping_status":"open","sticky":false,"template":"","format":"standard","meta":{"footnotes":""},"categories":[4],"tags":[],"class_list":["post-19335","post","type-post","status-publish","format-standard","has-post-thumbnail","hentry","category-cotidiano"],"_links":{"self":[{"href":"https:\/\/catolicanet.net\/wp-cnet\/wp-json\/wp\/v2\/posts\/19335","targetHints":{"allow":["GET"]}}],"collection":[{"href":"https:\/\/catolicanet.net\/wp-cnet\/wp-json\/wp\/v2\/posts"}],"about":[{"href":"https:\/\/catolicanet.net\/wp-cnet\/wp-json\/wp\/v2\/types\/post"}],"author":[{"embeddable":true,"href":"https:\/\/catolicanet.net\/wp-cnet\/wp-json\/wp\/v2\/users\/1"}],"replies":[{"embeddable":true,"href":"https:\/\/catolicanet.net\/wp-cnet\/wp-json\/wp\/v2\/comments?post=19335"}],"version-history":[{"count":1,"href":"https:\/\/catolicanet.net\/wp-cnet\/wp-json\/wp\/v2\/posts\/19335\/revisions"}],"predecessor-version":[{"id":24952,"href":"https:\/\/catolicanet.net\/wp-cnet\/wp-json\/wp\/v2\/posts\/19335\/revisions\/24952"}],"wp:featuredmedia":[{"embeddable":true,"href":"https:\/\/catolicanet.net\/wp-cnet\/wp-json\/wp\/v2\/media\/19334"}],"wp:attachment":[{"href":"https:\/\/catolicanet.net\/wp-cnet\/wp-json\/wp\/v2\/media?parent=19335"}],"wp:term":[{"taxonomy":"category","embeddable":true,"href":"https:\/\/catolicanet.net\/wp-cnet\/wp-json\/wp\/v2\/categories?post=19335"},{"taxonomy":"post_tag","embeddable":true,"href":"https:\/\/catolicanet.net\/wp-cnet\/wp-json\/wp\/v2\/tags?post=19335"}],"curies":[{"name":"wp","href":"https:\/\/api.w.org\/{rel}","templated":true}]}}