{"id":19332,"date":"2016-11-10T17:06:25","date_gmt":"2016-11-10T19:06:25","guid":{"rendered":"http:\/\/catolicanet.net\/wp-cnet\/2016\/11\/10\/diocese-de-criciuma-celebra-jubileu-dos-presos\/"},"modified":"2017-05-26T13:44:32","modified_gmt":"2017-05-26T16:44:32","slug":"diocese-de-criciuma-celebra-jubileu-dos-presos","status":"publish","type":"post","link":"https:\/\/catolicanet.net\/wp-cnet\/diocese-de-criciuma-celebra-jubileu-dos-presos\/","title":{"rendered":"Diocese de Crici\u00fama celebra Jubileu dos Presos"},"content":{"rendered":"<p style=\"text-align: justify;\"><img decoding=\"async\" src=\"http:\/\/www.catolicanet.com.br\/images\/stories\/noticias\/sul_4.jpg\" border=\"0\" align=\"left\" \/>Pres\u00eddio Santa Augusta recebeu a visita do bispo diocesano, dom Jacinto In\u00e1cio Flach<\/p>\n<p>A Pastoral Carcer\u00e1ria da diocese de Crici\u00fama (SC) celebrou, no pres\u00eddio Santa Augusta, o Jubileu dos Presos, na quarta-feira, 9. A iniciativa atende ao pedido feito pelo papa Francisco de a Igreja celebrar tamb\u00e9m junto \u00e0queles que est\u00e3o no c\u00e1rcere, durante o Ano Santo da Miseric\u00f3rdia.<\/p>\n<p>Uma missa teve in\u00edcio \u00e0s 9h, presidida pelo bispo diocesano, dom Jacinto Inacio Flach, e concelebrada pelo assessor eclesi\u00e1stico da Pastoral Carcer\u00e1ria, padre Jos\u00e9 Aires Pereira. Um grupo de 30 reclusos foi selecionado pela dire\u00e7\u00e3o da unidade prisional para a celebra\u00e7\u00e3o, que contou com a participa\u00e7\u00e3o de 13 agentes pastorais, entre eles seminaristas, e mais nove agentes penitenci\u00e1rios, incluindo o diretor do pres\u00eddio, Felipe Alves Goulart.<\/p>\n<p>Em sua homilia, dom Jacinto recordou que o Jubileu dos Presos foi realizado a milhares deles, no mundo todo, e explicou o que a Igreja quer dizer quando fala em miseric\u00f3rdia. \u201cNossa mis\u00e9ria humana precisa encontrar o cora\u00e7\u00e3o de Deus. Jesus morreu na cruz, n\u00e3o porque somos santos e perfeitos, mas porque somos pecadores, necessitados de seu amor. Deus espera que n\u00f3s reconhe\u00e7amos nossos pecados. Ele n\u00e3o se escandaliza conosco, pois conhece cada um de n\u00f3s. E n\u00e3o olha com raiva ou \u00f3dio, mas nos ama; sabe que precisamos mudar de vida \u2013 eu e voc\u00eas \u2013 todo mundo precisa, para que, no fim de nossa vida, possamos encontr\u00e1-lo face a face\u201d, afirmou. <\/p>\n<p>O bispo complementou dizendo, ainda, que apesar dos presos estarem ali, isto n\u00e3o significa que perderam a miseric\u00f3rdia. \u201cJesus mesmo disse que veio para os que mais precisam. Sempre digo que o caminho que leva ao inferno \u00e9 o orgulho, por isso precisamos reconhecer nossas faltas. Amanh\u00e3 voc\u00eas poder\u00e3o estar l\u00e1 fora e cultivar uma vida nova, junto \u00e0s suas fam\u00edlias e pessoas que tanto amam\u201d, ressaltou. <\/p>\n<p><img decoding=\"async\" src=\"http:\/\/www.catolicanet.com.br\/images\/stories\/noticias\/sul_44.jpg\" border=\"0\" align=\"right\" \/>Dom Jacinto tamb\u00e9m contemplou com alegria as melhorias na reforma da unidade prisional e disse que isso garantir\u00e1 aos encarcerados viver com mais dignidade dentro da pris\u00e3o. \u201cSempre disse \u00e0 Secret\u00e1ria de Justi\u00e7a que a estrutura deve ser mais humana, pois o fato de errar n\u00e3o deve tirar a dignidade de filhos e filhas de Deus\u201d, contou o bispo.<\/p>\n<p>Para o recluso J.B.D., a celebra\u00e7\u00e3o foi significado de b\u00ean\u00e7\u00e3o. \u201cAs palavras do bispo marcaram bastante. Gostaria de participar sempre da missa\u201d, disse.<br \/>O pres\u00eddio<\/p>\n<p>A unidade prisional recebe, todas as quartas-feiras, a visita da Igreja Cat\u00f3lica, por meio de agentes leigos, religiosas e seminaristas. Segundo o gerente da unidade, Felipe Goulart, esta iniciativa auxilia no processo de ressocializa\u00e7\u00e3o dos apenados, que no dia de hoje somam 688, entre eles, 80 mulheres. \u201cNosso trabalho \u00e9 ressocializar pessoas. Entendemos que o Estado \u00e9 laico e que \u00e9 direito do preso ter assist\u00eancia religiosa dentro da pris\u00e3o. Falar de Deus \u00e9 falar do bem e, consequentemente, faz com que as pessoas se tornem melhores. Muitas vezes se espera somente do Estado os meios e a estrutura para isso. Essas entidades e a organiza\u00e7\u00e3o da sociedade tamb\u00e9m s\u00e3o importantes no processo e acabam tamb\u00e9m por regrar a vida das pessoas, que antes n\u00e3o eram regradas\u201d, salientou o diretor.<\/p>\n<p>Ap\u00f3s a missa, Goulart apresentou as obras do pres\u00eddio ao bispo e aos agentes da Pastoral Carcer\u00e1ria. Conforme o gerente, a reforma prev\u00ea todos os direitos estabelecidos por lei para que os apenados sejam ressocializados.<br \/>Com informa\u00e7\u00f5es e fotos da diocese de Crici\u00fama (SC)<\/p>\n<p style=\"text-align: justify;\">\u00a0<\/p>\n<p style=\"text-align: justify;\">Fonte: CNBB<\/p>\n","protected":false},"excerpt":{"rendered":"<p>Pres\u00eddio Santa Augusta recebeu a visita do bispo diocesano, dom Jacinto In\u00e1cio Flach A Pastoral Carcer\u00e1ria da diocese de Crici\u00fama (SC) celebrou, no pres\u00eddio Santa Augusta, o Jubileu dos Presos, na quarta-feira, 9. A iniciativa atende ao pedido feito pelo papa Francisco de a Igreja celebrar tamb\u00e9m junto \u00e0queles que est\u00e3o no c\u00e1rcere, durante o [&hellip;]<\/p>\n","protected":false},"author":1,"featured_media":19331,"comment_status":"open","ping_status":"open","sticky":false,"template":"","format":"standard","meta":{"footnotes":""},"categories":[7],"tags":[],"class_list":["post-19332","post","type-post","status-publish","format-standard","has-post-thumbnail","hentry","category-cnbb"],"_links":{"self":[{"href":"https:\/\/catolicanet.net\/wp-cnet\/wp-json\/wp\/v2\/posts\/19332","targetHints":{"allow":["GET"]}}],"collection":[{"href":"https:\/\/catolicanet.net\/wp-cnet\/wp-json\/wp\/v2\/posts"}],"about":[{"href":"https:\/\/catolicanet.net\/wp-cnet\/wp-json\/wp\/v2\/types\/post"}],"author":[{"embeddable":true,"href":"https:\/\/catolicanet.net\/wp-cnet\/wp-json\/wp\/v2\/users\/1"}],"replies":[{"embeddable":true,"href":"https:\/\/catolicanet.net\/wp-cnet\/wp-json\/wp\/v2\/comments?post=19332"}],"version-history":[{"count":1,"href":"https:\/\/catolicanet.net\/wp-cnet\/wp-json\/wp\/v2\/posts\/19332\/revisions"}],"predecessor-version":[{"id":23355,"href":"https:\/\/catolicanet.net\/wp-cnet\/wp-json\/wp\/v2\/posts\/19332\/revisions\/23355"}],"wp:featuredmedia":[{"embeddable":true,"href":"https:\/\/catolicanet.net\/wp-cnet\/wp-json\/wp\/v2\/media\/19331"}],"wp:attachment":[{"href":"https:\/\/catolicanet.net\/wp-cnet\/wp-json\/wp\/v2\/media?parent=19332"}],"wp:term":[{"taxonomy":"category","embeddable":true,"href":"https:\/\/catolicanet.net\/wp-cnet\/wp-json\/wp\/v2\/categories?post=19332"},{"taxonomy":"post_tag","embeddable":true,"href":"https:\/\/catolicanet.net\/wp-cnet\/wp-json\/wp\/v2\/tags?post=19332"}],"curies":[{"name":"wp","href":"https:\/\/api.w.org\/{rel}","templated":true}]}}