{"id":19330,"date":"2016-11-10T16:01:46","date_gmt":"2016-11-10T18:01:46","guid":{"rendered":"http:\/\/catolicanet.net\/wp-cnet\/2016\/11\/10\/americaguatemala-a-luta-a-corrupcao-e-fundamental-denunciam-os-bispos\/"},"modified":"2017-05-30T16:27:41","modified_gmt":"2017-05-30T19:27:41","slug":"americaguatemala-a-luta-a-corrupcao-e-fundamental-denunciam-os-bispos","status":"publish","type":"post","link":"https:\/\/catolicanet.net\/wp-cnet\/americaguatemala-a-luta-a-corrupcao-e-fundamental-denunciam-os-bispos\/","title":{"rendered":"AM\u00c9RICA\/GUATEMALA &#8211; \u201cA luta \u00e0 corrup\u00e7\u00e3o \u00e9 fundamental\u201d denunciam os Bispos"},"content":{"rendered":"<p style=\"text-align: justify;\"><img decoding=\"async\" src=\"http:\/\/www.catolicanet.com.br\/images\/stories\/noticias\/primopiano_2830.jpg\" border=\"0\" align=\"left\" \/>Guatemala (Ag\u00eancia Fides) \u2013 Em comunicado intitulado \u201cDeus ama a justi\u00e7a e o direito\u201d (Sal. 33), os Bispos da Guatemala denunciam uma \u201cparalisa\u00e7\u00e3o institucional\u201d manifestada em v\u00e1rios modos, como o obstrucionismo entre deputados e atitudes que det\u00eam o andamento normal da justi\u00e7a, enquanto esta deveria ser \u2018veloz, imparcial e alheia \u00e0s for\u00e7as externas\u2019, consta no comunicado recebido pela Fides.<br \/>O documento recorda a necessidade de refor\u00e7ar a democracia nos momentos dif\u00edceis, e por isso os Bispos reprop\u00f5em as afirma\u00e7\u00f5es feitas em junho de 2015, quando publicaram um documento sobre a necessidade de democracia na defesa do bem comum e sobre a promo\u00e7\u00e3o da dignidade humana: \u201cO primeiro princ\u00edpio de um povo soberano \u00e9 n\u00e3o se submeter a press\u00f5es externas ou aceitar condi\u00e7\u00f5es para o pa\u00eds\u201d.<br \/>\u201cA luta \u00e0 corrup\u00e7\u00e3o \u00e9 fundamental, mas \u00e9 necess\u00e1rio enquadr\u00e1-la dentro de objetivos imediatos de constru\u00e7\u00e3o de um projeto nacional\u201d, destacam os Bispos. \u201cA situa\u00e7\u00e3o s\u00f3cio-pol\u00edtica que estamos vivendo \u00e9 preocupante e toca todos os guatemaltecos. Queremos uma Guatemala diferente e nos comprometemos para que a verdade do Evangelho seja a nossa maior contribui\u00e7\u00e3o para as mudan\u00e7as sociais e \u00e9ticas de que como na\u00e7\u00e3o estamos precisando\u201d, conclui o texto, assinado pelo Presidente da Confer\u00eancia Episcopal, Dom Rodolfo Valenzuela N\u00fa\u00f1ez, Bispo da diocese de Vera Paz, datado de 6 de novembro.<br \/>No ano passado, os guatemaltecos ficaram chocados com os efeitos do processo contra um ex-ministro e outras 10 pessoas envolvidas em um caso de corrup\u00e7\u00e3o em altos escal\u00f5es. Segundo a imprensa local, surgiram ainda outros casos de corrup\u00e7\u00e3o nas alf\u00e2ndegas e entre pol\u00edticos e dirigentes banc\u00e1rios.<\/p>\n<p style=\"text-align: justify;\">\u00a0<\/p>\n<p style=\"text-align: justify;\">Fonte: Ag\u00eancia Fides<\/p>\n","protected":false},"excerpt":{"rendered":"<p>Guatemala (Ag\u00eancia Fides) \u2013 Em comunicado intitulado \u201cDeus ama a justi\u00e7a e o direito\u201d (Sal. 33), os Bispos da Guatemala denunciam uma \u201cparalisa\u00e7\u00e3o institucional\u201d manifestada em v\u00e1rios modos, como o obstrucionismo entre deputados e atitudes que det\u00eam o andamento normal da justi\u00e7a, enquanto esta deveria ser \u2018veloz, imparcial e alheia \u00e0s for\u00e7as externas\u2019, consta no [&hellip;]<\/p>\n","protected":false},"author":1,"featured_media":19329,"comment_status":"open","ping_status":"open","sticky":false,"template":"","format":"standard","meta":{"footnotes":""},"categories":[4],"tags":[],"class_list":["post-19330","post","type-post","status-publish","format-standard","has-post-thumbnail","hentry","category-cotidiano"],"_links":{"self":[{"href":"https:\/\/catolicanet.net\/wp-cnet\/wp-json\/wp\/v2\/posts\/19330","targetHints":{"allow":["GET"]}}],"collection":[{"href":"https:\/\/catolicanet.net\/wp-cnet\/wp-json\/wp\/v2\/posts"}],"about":[{"href":"https:\/\/catolicanet.net\/wp-cnet\/wp-json\/wp\/v2\/types\/post"}],"author":[{"embeddable":true,"href":"https:\/\/catolicanet.net\/wp-cnet\/wp-json\/wp\/v2\/users\/1"}],"replies":[{"embeddable":true,"href":"https:\/\/catolicanet.net\/wp-cnet\/wp-json\/wp\/v2\/comments?post=19330"}],"version-history":[{"count":1,"href":"https:\/\/catolicanet.net\/wp-cnet\/wp-json\/wp\/v2\/posts\/19330\/revisions"}],"predecessor-version":[{"id":24953,"href":"https:\/\/catolicanet.net\/wp-cnet\/wp-json\/wp\/v2\/posts\/19330\/revisions\/24953"}],"wp:featuredmedia":[{"embeddable":true,"href":"https:\/\/catolicanet.net\/wp-cnet\/wp-json\/wp\/v2\/media\/19329"}],"wp:attachment":[{"href":"https:\/\/catolicanet.net\/wp-cnet\/wp-json\/wp\/v2\/media?parent=19330"}],"wp:term":[{"taxonomy":"category","embeddable":true,"href":"https:\/\/catolicanet.net\/wp-cnet\/wp-json\/wp\/v2\/categories?post=19330"},{"taxonomy":"post_tag","embeddable":true,"href":"https:\/\/catolicanet.net\/wp-cnet\/wp-json\/wp\/v2\/tags?post=19330"}],"curies":[{"name":"wp","href":"https:\/\/api.w.org\/{rel}","templated":true}]}}