{"id":19316,"date":"2016-11-10T13:32:05","date_gmt":"2016-11-10T15:32:05","guid":{"rendered":"http:\/\/catolicanet.net\/wp-cnet\/2016\/11\/10\/guarda-exposicao-no-museu-do-sabugal-alerta-para-patrimonio-em-risco\/"},"modified":"2017-05-30T16:27:42","modified_gmt":"2017-05-30T19:27:42","slug":"guarda-exposicao-no-museu-do-sabugal-alerta-para-patrimonio-em-risco","status":"publish","type":"post","link":"https:\/\/catolicanet.net\/wp-cnet\/guarda-exposicao-no-museu-do-sabugal-alerta-para-patrimonio-em-risco\/","title":{"rendered":"Guarda: Exposi\u00e7\u00e3o no Museu do Sabugal alerta para patrim\u00f4nio em risco"},"content":{"rendered":"<p style=\"text-align: justify;\"><img decoding=\"async\" src=\"http:\/\/www.catolicanet.com.br\/images\/stories\/noticias\/114939451.jpg\" border=\"0\" align=\"left\" \/>Iniciativa da diocese em parceria com a autarquia local quer valorizar par\u00f3quias atrav\u00e9s das suas obras de arte<\/p>\n<p>Guarda, 10 nov 2016 (Ecclesia) \u2013 O Departamento do Patrim\u00f4nio Cultural (DPC) da Diocese da Guarda inaugura hoje no Sabugal a exposi\u00e7\u00e3o tempor\u00e1ria \u201cGrande s\u00e3o as obras do Senhor\u201d, com 54 pe\u00e7as de arte sacra de todas as par\u00f3quias do conselho.<\/p>\n<p>Num comunicado enviado \u00e0 Ag\u00eancia ECCLESIA, a coordenadora do DPC explica que \u201cas pe\u00e7as expostas s\u00e3o uma pequena parte de um esp\u00f3lio extraordinariamente mais rico, fruto da devo\u00e7\u00e3o, do empenho e trabalho de todos quantos habitaram estas terras\u201d.<\/p>\n<p>\u201cO alerta sobre a sua import\u00e2ncia e necessidade de conserva\u00e7\u00e3o \u00e9 sem d\u00favida o primeiro objetivo desta mostra, que esperamos seja um momento de reflex\u00e3o sobre o destino deste patrim\u00f4nio e a sua nem sempre f\u00e1cil dupla fun\u00e7\u00e3o, de mem\u00f3ria hist\u00f3rica que sem d\u00favida \u00e9, e de instrumento de f\u00e9, que continua a ser\u201d, pode ler-se.<\/p>\n<p>J\u00e1 o Munic\u00edpio do Sabugal sublinha, em comunicado, que v\u00e3o ser apresentadas &#8220;pe\u00e7as utilizadas na liturgia e nas demonstra\u00e7\u00f5es de devo\u00e7\u00e3o popular das gentes do conselho, algumas das quais com s\u00e9culos de exist\u00eancia e todas com elevado valor afetivo&#8221;.<\/p>\n<p>&#8220;Esta exposi\u00e7\u00e3o constitui uma valoriza\u00e7\u00e3o da nossa cultura e da nossa hist\u00f3ria, que n\u00e3o seria poss\u00edvel sem a concretiza\u00e7\u00e3o do invent\u00e1rio exaustivo realizado pela Diocese da Guarda&#8221;, acrescenta a nota.<\/p>\n<p>Entre os elementos do esp\u00f3lio, que integra os arciprestados do Sabugal e do Rochoso, est\u00e3o um missal romano do s\u00e9culo XVII e 20 esculturas de tem\u00e1tica mariana e hagiogr\u00e1fica, datas entre os s\u00e9culos XV e XX.<\/p>\n<p>Tamb\u00e9m 17 pe\u00e7as de ourivesaria (coroa, pendente, c\u00e1lice, galhetas, p\u00edxides, cust\u00f3dias, porta-vi\u00e1tico, relic\u00e1rio, naveta, tur\u00edbulo, caldeirinha de \u00e1gua benta, cruz processional) e 16 pe\u00e7as de t\u00eaxteis (toalha de altar e um conjunto completo de paramentos) do s\u00e9culo XIX.<\/p>\n<p>A exposi\u00e7\u00e3o vai abrir hoje e poder\u00e1 ser visitada at\u00e9 8 de janeiro de 2017, com entrada livre, na sala de exposi\u00e7\u00f5es tempor\u00e1rias do Museu do Sabugal.<\/p>\n<p>Os hor\u00e1rios s\u00e3o: ter\u00e7a-feira a domingo das 09h30 \u00e0s 13h00 e das 14h00 \u00e0s 17h30, sendo que o museu encerra nos dias 25 de dezembro e 1 de janeiro.<\/p>\n<p style=\"text-align: justify;\">\u00a0<\/p>\n<p style=\"text-align: justify;\">Fonte: Ag\u00eancia Ecclesia<\/p>\n","protected":false},"excerpt":{"rendered":"<p>Iniciativa da diocese em parceria com a autarquia local quer valorizar par\u00f3quias atrav\u00e9s das suas obras de arte Guarda, 10 nov 2016 (Ecclesia) \u2013 O Departamento do Patrim\u00f4nio Cultural (DPC) da Diocese da Guarda inaugura hoje no Sabugal a exposi\u00e7\u00e3o tempor\u00e1ria \u201cGrande s\u00e3o as obras do Senhor\u201d, com 54 pe\u00e7as de arte sacra de todas [&hellip;]<\/p>\n","protected":false},"author":1,"featured_media":19315,"comment_status":"open","ping_status":"open","sticky":false,"template":"","format":"standard","meta":{"footnotes":""},"categories":[4],"tags":[],"class_list":["post-19316","post","type-post","status-publish","format-standard","has-post-thumbnail","hentry","category-cotidiano"],"_links":{"self":[{"href":"https:\/\/catolicanet.net\/wp-cnet\/wp-json\/wp\/v2\/posts\/19316","targetHints":{"allow":["GET"]}}],"collection":[{"href":"https:\/\/catolicanet.net\/wp-cnet\/wp-json\/wp\/v2\/posts"}],"about":[{"href":"https:\/\/catolicanet.net\/wp-cnet\/wp-json\/wp\/v2\/types\/post"}],"author":[{"embeddable":true,"href":"https:\/\/catolicanet.net\/wp-cnet\/wp-json\/wp\/v2\/users\/1"}],"replies":[{"embeddable":true,"href":"https:\/\/catolicanet.net\/wp-cnet\/wp-json\/wp\/v2\/comments?post=19316"}],"version-history":[{"count":1,"href":"https:\/\/catolicanet.net\/wp-cnet\/wp-json\/wp\/v2\/posts\/19316\/revisions"}],"predecessor-version":[{"id":24957,"href":"https:\/\/catolicanet.net\/wp-cnet\/wp-json\/wp\/v2\/posts\/19316\/revisions\/24957"}],"wp:featuredmedia":[{"embeddable":true,"href":"https:\/\/catolicanet.net\/wp-cnet\/wp-json\/wp\/v2\/media\/19315"}],"wp:attachment":[{"href":"https:\/\/catolicanet.net\/wp-cnet\/wp-json\/wp\/v2\/media?parent=19316"}],"wp:term":[{"taxonomy":"category","embeddable":true,"href":"https:\/\/catolicanet.net\/wp-cnet\/wp-json\/wp\/v2\/categories?post=19316"},{"taxonomy":"post_tag","embeddable":true,"href":"https:\/\/catolicanet.net\/wp-cnet\/wp-json\/wp\/v2\/tags?post=19316"}],"curies":[{"name":"wp","href":"https:\/\/api.w.org\/{rel}","templated":true}]}}