{"id":19314,"date":"2016-11-10T13:26:52","date_gmt":"2016-11-10T15:26:52","guid":{"rendered":"http:\/\/catolicanet.net\/wp-cnet\/2016\/11\/10\/igrejasociedade-ritmos-atuais-exigem-lmeios-pastorais-diferentesr-d-manuel-clemente\/"},"modified":"2017-05-29T15:16:32","modified_gmt":"2017-05-29T18:16:32","slug":"igrejasociedade-ritmos-atuais-exigem-lmeios-pastorais-diferentesr-d-manuel-clemente","status":"publish","type":"post","link":"https:\/\/catolicanet.net\/wp-cnet\/igrejasociedade-ritmos-atuais-exigem-lmeios-pastorais-diferentesr-d-manuel-clemente\/","title":{"rendered":"Igreja\/Sociedade: Ritmos atuais exigem \u00abmeios pastorais diferentes\u00bb &#8211; D. Manuel Clemente"},"content":{"rendered":"<p style=\"text-align: justify;\"><img decoding=\"async\" src=\"http:\/\/www.catolicanet.com.br\/images\/stories\/noticias\/pastoral_grandes_cidades.jpg\" border=\"0\" align=\"left\" \/>Cardeal-patriarca de Lisboa participou em F\u00e1tima na apresenta\u00e7\u00e3o do livro \u00abA Pastoral nas grandes cidades\u00bb<\/p>\n<p>F\u00e1tima, 09 nov 2016 (Ecclesia) \u2013 O cardeal-patriarca de Lisboa diz que a Igreja Cat\u00f3lica precisa de reconfigurar as suas estruturas pastorais, sobretudo nos grandes centros urbanos, porque \u201ca realidade do mundo \u00e9 outra\u201d.<\/p>\n<p>Em declara\u00e7\u00f5es aos jornalistas, depois da apresenta\u00e7\u00e3o do livro \u2018A Pastoral das grandes cidades\u2019, em F\u00e1tima, D. Manuel Clemente apontou que \u201cas respostas da Igreja hoje ainda s\u00e3o herdeiras de um mundo que era predominantemente rural\u201d.<\/p>\n<p>Um contexto onde \u201capareceram as par\u00f3quias, onde toda a gente se conhecia, onde a maior parte das pessoas nasciam, viviam, morriam no mesmo s\u00edtio\u201d.<\/p>\n<p>\u201cGrande parte das pessoas hoje est\u00e3o aqui e amanh\u00e3 est\u00e3o acol\u00e1\u201d, apontou o cardeal-patriarca de Lisboa, que salientou um ritmo que faz com que muitas vezes as pessoas sejam \u201curbanas de semana\u201d, porque trabalham na cidade, \u201crurais ao fim de semana\u201d, porque v\u00e3o at\u00e9 \u00e0 sua terra, e \u201clitorais no Ver\u00e3o\u201d, porque descansam na praia.<\/p>\n<p>E em todos estes meios a Igreja Cat\u00f3lica tem de conseguir estar com \u201cmeios pastorais diferentes\u201d, complementou.<\/p>\n<p>A obra \u2018A Pastoral das grandes cidades\u2019, compilada pelo arcebispo em\u00e9rito de Barcelona, o cardeal Llu\u00eds Mart\u00ednez Sistach, surgiu a partir de um congresso internacional sobre a a\u00e7\u00e3o da Igreja no meio urbano, e que teve lugar em 2014, repartido pelas cidades de Barcelona e no Vaticano.<\/p>\n<p>Neste livro, o prelado espanhol lembra que mais de 50 por cento da popula\u00e7\u00e3o mundial est\u00e1 hoje concentrada em grandes centros urbanos, o que deve levantar interpela\u00e7\u00f5es \u00e0s estruturas eclesiais, n\u00e3o s\u00f3 aos respons\u00e1veis cat\u00f3licos, os bispos e sacerdotes, mas tamb\u00e9m aos leigos.<\/p>\n<p>\u201cQuando o Papa diz \u2018uma Igreja em sa\u00edda\u2019, quer dizer que quem habitualmente est\u00e1 na celebra\u00e7\u00e3o tem de se sentir motivado a levar isso fora e \u00e0s vezes at\u00e9 aos vizinhos de pr\u00e9dio, que n\u00e3o s\u00e3o praticantes\u201d, sustentou.<\/p>\n<p>Paralelamente a esta reconfigura\u00e7\u00e3o geogr\u00e1fica e social, que exige maior capacidade de \u201cacolhimento\u201d, est\u00e1 a revolu\u00e7\u00e3o tecnol\u00f3gica que trouxe uma nova linguagem e maior agilidade \u00e0 comunica\u00e7\u00e3o.<\/p>\n<p>\u201cA convoca\u00e7\u00e3o j\u00e1 n\u00e3o \u00e9 s\u00f3 o sino da igreja a chamar para a missa n\u00e3o \u00e9? Pode ser uma mensagem, um sms, pode ser uma not\u00edcia posta para logo \u00e0 noite e aparece gente. E temos que nos ir adaptando \u00e0 realidade de hoje\u201d, conclui D. Manuel Clemente.<\/p>\n<p>Com a chancela da Paulus Editora, o livro \u2018A Pastoral nas grandes cidades\u2019 j\u00e1 est\u00e1 dispon\u00edvel nas livrarias portuguesas.<\/p>\n<p style=\"text-align: justify;\">\u00a0<\/p>\n<p style=\"text-align: justify;\">Fonte: Ag\u00eancia Ecclesia<\/p>\n","protected":false},"excerpt":{"rendered":"<p>Cardeal-patriarca de Lisboa participou em F\u00e1tima na apresenta\u00e7\u00e3o do livro \u00abA Pastoral nas grandes cidades\u00bb F\u00e1tima, 09 nov 2016 (Ecclesia) \u2013 O cardeal-patriarca de Lisboa diz que a Igreja Cat\u00f3lica precisa de reconfigurar as suas estruturas pastorais, sobretudo nos grandes centros urbanos, porque \u201ca realidade do mundo \u00e9 outra\u201d. Em declara\u00e7\u00f5es aos jornalistas, depois da [&hellip;]<\/p>\n","protected":false},"author":1,"featured_media":19313,"comment_status":"open","ping_status":"open","sticky":false,"template":"","format":"standard","meta":{"footnotes":""},"categories":[7],"tags":[],"class_list":["post-19314","post","type-post","status-publish","format-standard","has-post-thumbnail","hentry","category-cnbb"],"_links":{"self":[{"href":"https:\/\/catolicanet.net\/wp-cnet\/wp-json\/wp\/v2\/posts\/19314","targetHints":{"allow":["GET"]}}],"collection":[{"href":"https:\/\/catolicanet.net\/wp-cnet\/wp-json\/wp\/v2\/posts"}],"about":[{"href":"https:\/\/catolicanet.net\/wp-cnet\/wp-json\/wp\/v2\/types\/post"}],"author":[{"embeddable":true,"href":"https:\/\/catolicanet.net\/wp-cnet\/wp-json\/wp\/v2\/users\/1"}],"replies":[{"embeddable":true,"href":"https:\/\/catolicanet.net\/wp-cnet\/wp-json\/wp\/v2\/comments?post=19314"}],"version-history":[{"count":1,"href":"https:\/\/catolicanet.net\/wp-cnet\/wp-json\/wp\/v2\/posts\/19314\/revisions"}],"predecessor-version":[{"id":24151,"href":"https:\/\/catolicanet.net\/wp-cnet\/wp-json\/wp\/v2\/posts\/19314\/revisions\/24151"}],"wp:featuredmedia":[{"embeddable":true,"href":"https:\/\/catolicanet.net\/wp-cnet\/wp-json\/wp\/v2\/media\/19313"}],"wp:attachment":[{"href":"https:\/\/catolicanet.net\/wp-cnet\/wp-json\/wp\/v2\/media?parent=19314"}],"wp:term":[{"taxonomy":"category","embeddable":true,"href":"https:\/\/catolicanet.net\/wp-cnet\/wp-json\/wp\/v2\/categories?post=19314"},{"taxonomy":"post_tag","embeddable":true,"href":"https:\/\/catolicanet.net\/wp-cnet\/wp-json\/wp\/v2\/tags?post=19314"}],"curies":[{"name":"wp","href":"https:\/\/api.w.org\/{rel}","templated":true}]}}