{"id":19312,"date":"2016-11-10T13:20:19","date_gmt":"2016-11-10T15:20:19","guid":{"rendered":"http:\/\/catolicanet.net\/wp-cnet\/2016\/11\/10\/ir-a-missa-e-remedio-para-melhorar-a-saude-fisica-e-mental-assegura-cientista-de-harvard\/"},"modified":"2017-05-30T16:27:43","modified_gmt":"2017-05-30T19:27:43","slug":"ir-a-missa-e-remedio-para-melhorar-a-saude-fisica-e-mental-assegura-cientista-de-harvard","status":"publish","type":"post","link":"https:\/\/catolicanet.net\/wp-cnet\/ir-a-missa-e-remedio-para-melhorar-a-saude-fisica-e-mental-assegura-cientista-de-harvard\/","title":{"rendered":"Ir \u00e0 Missa \u00e9 \u201crem\u00e9dio para melhorar a sa\u00fade f\u00edsica e mental\u201d, assegura cientista de Harvard"},"content":{"rendered":"<p style=\"text-align: justify;\"><img decoding=\"async\" src=\"http:\/\/www.catolicanet.com.br\/images\/stories\/noticias\/xmisabasilicaguadalupe.jpg\" border=\"0\" align=\"left\" \/>WASHINGTON DC, (ACI).- Em uma coluna recentemente publicada no jornal americano \u2018USA Today\u2019, Tyler J. VanderWeele, professor de epidemiologia na Universidade de Harvard, e John Siniff, especialista em comunica\u00e7\u00f5es, qualificaram a participa\u00e7\u00e3o regular na Missa como um \u201crem\u00e9dio para melhorar a sa\u00fade f\u00edsica e mental\u201d.<\/p>\n<p>O artigo do \u2018USA Today\u2019, intitulado \u201cA religi\u00e3o poderia ser um medicamento milagroso\u201d, aponta os resultados de um estudo liderado por VanderWeele e publicado em maio de 2016 na prestigiosa revista de psiquiatria JAMA Psychiatry, da Associa\u00e7\u00e3o Americana de Medicina.<\/p>\n<p>O estudo, intitulado \u201cAssocia\u00e7\u00e3o entre assist\u00eancia a servi\u00e7os religiosos e menores taxas de suic\u00eddio entre mulheres norte-americanas\u201d, concluiu que \u201ca participa\u00e7\u00e3o frequente nos servi\u00e7os religiosos estava associada com uma taxa significativamente mais baixa de suic\u00eddio\u201d.<\/p>\n<p>VanderWeele e Siniff assinalaram que \u201ca sa\u00fade e a religi\u00e3o est\u00e3o muito ligadas\u201d e, de acordo com o estudo publicado em meados deste ano, os adultos que v\u00e3o \u00e0 Missa pelo menos uma vez por semana, em compara\u00e7\u00e3o com aqueles que nunca v\u00e3o, \u201capresentam um menor risco de morte na pr\u00f3xima d\u00e9cada e meia\u201d.<\/p>\n<p>\u201cOs resultados foram replicados em suficientes estudos e popula\u00e7\u00f5es para ser considerados bastante confi\u00e1veis\u201d, asseguraram.<\/p>\n<p>Embora garantiram que \u201ca ci\u00eancia n\u00e3o se adere a uma f\u00e9 ou outra, nem sugere o que a sociedade deve fazer com essa informa\u00e7\u00e3o\u201d, destacaram que tanto a sociedade como cada pessoa poderiam aproveitar estes resultados.<\/p>\n<p>\u201cOs meios informativos, a academia e o p\u00fablico em geral poderiam usar esta nova compreens\u00e3o do grande valor social da religi\u00e3o\u201d, indicaram. J\u00e1 para cada pessoa, \u201cesta investiga\u00e7\u00e3o convida n\u00e3o t\u00e3o sutilmente a reconsiderar o que a religi\u00e3o pode fazer por eles\u201d.<\/p>\n<p>As pessoas que participam da Missa, assinalaram, \u201cest\u00e3o menos propensas a fumar, ou mais propensos a parar de fumar, causando benef\u00edcios significativos para a sa\u00fade\u201d.<\/p>\n<p>Al\u00e9m disso, destacaram, \u201ca investiga\u00e7\u00e3o de Harvard e outras indicam que, possivelmente devido a uma mensagem de f\u00e9 ou esperan\u00e7a, pessoas que participam da Missa s\u00e3o mais otimistas e t\u00eam menores taxas de depress\u00e3o. A investiga\u00e7\u00e3o de Harvard tamb\u00e9m mostrou que esta participa\u00e7\u00e3o protege contra o suic\u00eddio\u201d.<\/p>\n<p>\u201cOutros descobriram que as pessoas que v\u00e3o \u00e0 igreja asseguram ter um prop\u00f3sito maior na vida e desenvolvem mais autocontrole\u201d.<\/p>\n<p>Enquanto alguns norte-americanos substitu\u00edram a participa\u00e7\u00e3o da Missa, que \u201c\u00e9 vista como \u2018pitoresca e antiquada\u2019, pela \u201cespiritualidade\u201d, VanderWeele e Siniff refor\u00e7aram que ir \u00e0 igreja, e n\u00e3o a uma \u201cespiritualidade privada ou pr\u00e1tica solit\u00e1ria\u201d, geram benef\u00edcios para a sa\u00fade.<\/p>\n<p>\u201cAlgo na participa\u00e7\u00e3o religiosa comunit\u00e1ria parece ser essencial\u201d, assinalaram.<\/p>\n<p>Participar da Missa, disseram, \u201cdemonstrou que aumenta a probabilidade de um matrim\u00f4nio est\u00e1vel, aumenta o sentido pr\u00f3prio de significado e se estende \u00e0 pr\u00f3pria rede social\u201d, assim como \u201cleva a maiores doa\u00e7\u00f5es caritativas e um maior voluntariado e compromisso c\u00edvico\u201d.<\/p>\n<p>VanderWeele e Siniff destacaram que \u201calgo na experi\u00eancia e participa\u00e7\u00e3o religiosa comunit\u00e1ria \u00e9 importante. Algo poderoso parece suceder a\u00ed e melhora a sa\u00fade\u201d.<\/p>\n<p>\u201cIsto tem importantes implica\u00e7\u00f5es para o grau em que a sociedade promove e protege as institui\u00e7\u00f5es religiosas\u201d, entre outros, assinalaram.<\/p>\n<p style=\"text-align: justify;\">\u00a0<\/p>\n<p style=\"text-align: justify;\">Fonte: Acidigital<\/p>\n","protected":false},"excerpt":{"rendered":"<p>WASHINGTON DC, (ACI).- Em uma coluna recentemente publicada no jornal americano \u2018USA Today\u2019, Tyler J. VanderWeele, professor de epidemiologia na Universidade de Harvard, e John Siniff, especialista em comunica\u00e7\u00f5es, qualificaram a participa\u00e7\u00e3o regular na Missa como um \u201crem\u00e9dio para melhorar a sa\u00fade f\u00edsica e mental\u201d. O artigo do \u2018USA Today\u2019, intitulado \u201cA religi\u00e3o poderia ser [&hellip;]<\/p>\n","protected":false},"author":1,"featured_media":19311,"comment_status":"open","ping_status":"open","sticky":false,"template":"","format":"standard","meta":{"footnotes":""},"categories":[4],"tags":[],"class_list":["post-19312","post","type-post","status-publish","format-standard","has-post-thumbnail","hentry","category-cotidiano"],"_links":{"self":[{"href":"https:\/\/catolicanet.net\/wp-cnet\/wp-json\/wp\/v2\/posts\/19312","targetHints":{"allow":["GET"]}}],"collection":[{"href":"https:\/\/catolicanet.net\/wp-cnet\/wp-json\/wp\/v2\/posts"}],"about":[{"href":"https:\/\/catolicanet.net\/wp-cnet\/wp-json\/wp\/v2\/types\/post"}],"author":[{"embeddable":true,"href":"https:\/\/catolicanet.net\/wp-cnet\/wp-json\/wp\/v2\/users\/1"}],"replies":[{"embeddable":true,"href":"https:\/\/catolicanet.net\/wp-cnet\/wp-json\/wp\/v2\/comments?post=19312"}],"version-history":[{"count":1,"href":"https:\/\/catolicanet.net\/wp-cnet\/wp-json\/wp\/v2\/posts\/19312\/revisions"}],"predecessor-version":[{"id":24958,"href":"https:\/\/catolicanet.net\/wp-cnet\/wp-json\/wp\/v2\/posts\/19312\/revisions\/24958"}],"wp:featuredmedia":[{"embeddable":true,"href":"https:\/\/catolicanet.net\/wp-cnet\/wp-json\/wp\/v2\/media\/19311"}],"wp:attachment":[{"href":"https:\/\/catolicanet.net\/wp-cnet\/wp-json\/wp\/v2\/media?parent=19312"}],"wp:term":[{"taxonomy":"category","embeddable":true,"href":"https:\/\/catolicanet.net\/wp-cnet\/wp-json\/wp\/v2\/categories?post=19312"},{"taxonomy":"post_tag","embeddable":true,"href":"https:\/\/catolicanet.net\/wp-cnet\/wp-json\/wp\/v2\/tags?post=19312"}],"curies":[{"name":"wp","href":"https:\/\/api.w.org\/{rel}","templated":true}]}}