{"id":19304,"date":"2016-11-10T12:49:28","date_gmt":"2016-11-10T14:49:28","guid":{"rendered":"http:\/\/catolicanet.net\/wp-cnet\/2016\/11\/10\/papa-cuidar-da-esperanca-de-cada-dia-nao-a-religiao-espetaculo\/"},"modified":"2017-06-02T13:22:49","modified_gmt":"2017-06-02T16:22:49","slug":"papa-cuidar-da-esperanca-de-cada-dia-nao-a-religiao-espetaculo","status":"publish","type":"post","link":"https:\/\/catolicanet.net\/wp-cnet\/papa-cuidar-da-esperanca-de-cada-dia-nao-a-religiao-espetaculo\/","title":{"rendered":"Papa: cuidar da esperan\u00e7a de cada dia, n\u00e3o \u00e0 religi\u00e3o espet\u00e1culo"},"content":{"rendered":"<p style=\"text-align: justify;\"><img decoding=\"async\" src=\"http:\/\/www.catolicanet.com.br\/images\/stories\/papas\/ossrom135077_articolo.jpg\" border=\"0\" align=\"left\" \/>O Papa Francisco presidiu a missa matutina na Casa Santa Marta na manh\u00e3 desta quinta-feira (10\/11) e, como habitualmente, centrou a sua homilia nas leituras do dia.<\/p>\n<p>No Evangelho, Jesus responde aos fariseus que lhe perguntam com curiosidade: \u201cQuando vir\u00e1 o reino de Deus?\u201d. \u201cJ\u00e1 veio \u2013 diz o Senhor \u2013 est\u00e1 no meio de v\u00f3s!\u201d \u00e9 como uma pequena semente que \u00e9 semeada e cresce sozinha, com o tempo. \u00c9 Deus que a faz crescer mas sem chamar a aten\u00e7\u00e3o\u2013 explica o Papa:<\/p>\n<p>\u201cO Reino de Deus n\u00e3o \u00e9 uma religi\u00e3o do espet\u00e1culo, que sempre procura coisas novas, revela\u00e7\u00f5es, mensagens&#8230; Deus falou em Jesus Cristo: esta \u00e9 a \u00faltima Palavra de Deus. As outras s\u00e3o como fogos de artif\u00edcio que te iluminam por um instante e depois, o que fica? Nada. N\u00e3o h\u00e1 crescimento, n\u00e3o h\u00e1 luz, n\u00e3o h\u00e1 nada: um instante. Muitas vezes, somos tentados por esta religi\u00e3o do espect\u00e1culo, tentados em procurar coisas estranhas \u00e0 revela\u00e7\u00e3o, \u00e0 mansid\u00e3o do Reino de Deus que est\u00e1 no meio de n\u00f3s e cresce. E isto n\u00e3o \u00e9 esperan\u00e7a: \u00e9 a vontade de possuir algo em m\u00e3os. A nossa salva\u00e7\u00e3o se d\u00e1 na esperan\u00e7a, a esperan\u00e7a que tem o homem que semeia o gr\u00e3o ou a mulher que prepara o p\u00e3o, misturando fermento e farinha: a esperan\u00e7a que ela cres\u00e7a. Ao contr\u00e1rio, esta luminosidade artificial se concentra em um momento e depois acaba, como os fogos de artif\u00edcio. N\u00e3o s\u00e3o suficientes para iluminar uma casa; \u00e9 um espet\u00e1culo\u201d.<\/p>\n<p>Proteger o Reino<\/p>\n<p>Mas o que devemos fazer \u2013 questiona o Papa \u2013 enquanto esperamos que chegue a plenitude do reino de Deus? Devemos \u2018proteger\u2019:<\/p>\n<p>\u201cCuidar com paci\u00eancia. A paci\u00eancia no nosso trabalho, nos nossos sofrimentos&#8230;. Cuidar como cuida o homem que plantou a semente, protege a planta e se preocupa para que n\u00e3o tenha uma erva daninha perto dela, para que a planta cres\u00e7a. Cuidar da esperan\u00e7a. E aqui est\u00e1 a pergunta que eu fa\u00e7o a voc\u00eas hoje: se o Reino de Deus est\u00e1 no meio de n\u00f3s, se todos n\u00f3s temos esta semente dentro, temos o Esp\u00edrito Santo ali, como eu cuido dele? Como discirno, como posso discernir a planta boa do gr\u00e3o da intriga? O Reino de Deus cresce e n\u00f3s o que devemos fazer? Cuidar. Crescer na esperan\u00e7a, cuidar da esperan\u00e7a. Porque na esperan\u00e7a fomos salvos. E este \u00e9 o elo: a esperan\u00e7a \u00e9 o elo da hist\u00f3ria da salva\u00e7\u00e3o. A esperan\u00e7a de encontrar o Senhor definitivamente\u201d.<\/p>\n<p>Esperan\u00e7a<\/p>\n<p>\u201cO Reino de Deus \u2013 afirmou o Papa \u2013 se fortalece na esperan\u00e7a\u201d:<\/p>\n<p>\u201cPerguntemos a n\u00f3s mesmos: \u2018Eu tenho esperan\u00e7a? Ou vou avante, vou avante como posso e n\u00e3o sei discernir o bem do mal, o gr\u00e3o da intriga, a luz, a mansa luz do Esp\u00edrito Santo da luminosidade artificial? Interroguemo-nos sobre a nossa esperan\u00e7a nesta semente que est\u00e1 crescendo em n\u00f3s, e sobre como protegemos a nossa esperan\u00e7a. O Reino de Deus est\u00e1 no meio de n\u00f3s, mas n\u00f3s devemos com o repouso, com o trabalho, com o discernimento proteger a esperan\u00e7a deste Reino de Deus que cresce, at\u00e9 o momento em que vir\u00e1 o Senhor e tudo ser\u00e1 transformado. Num instante: tudo! O mundo, n\u00f3s, tudo. E como diz Paulo aos crist\u00e3os de Tessal\u00f3nica, naquele momento permaneceremos todos com Ele\u201d.<\/p>\n<p style=\"text-align: justify;\">\u00a0<\/p>\n<p style=\"text-align: justify;\">Fonte: R\u00e1dio Vaticano<\/p>\n","protected":false},"excerpt":{"rendered":"<p>O Papa Francisco presidiu a missa matutina na Casa Santa Marta na manh\u00e3 desta quinta-feira (10\/11) e, como habitualmente, centrou a sua homilia nas leituras do dia. No Evangelho, Jesus responde aos fariseus que lhe perguntam com curiosidade: \u201cQuando vir\u00e1 o reino de Deus?\u201d. \u201cJ\u00e1 veio \u2013 diz o Senhor \u2013 est\u00e1 no meio de [&hellip;]<\/p>\n","protected":false},"author":1,"featured_media":19303,"comment_status":"open","ping_status":"open","sticky":false,"template":"","format":"standard","meta":{"footnotes":""},"categories":[3],"tags":[],"class_list":["post-19304","post","type-post","status-publish","format-standard","has-post-thumbnail","hentry","category-vaticano"],"_links":{"self":[{"href":"https:\/\/catolicanet.net\/wp-cnet\/wp-json\/wp\/v2\/posts\/19304","targetHints":{"allow":["GET"]}}],"collection":[{"href":"https:\/\/catolicanet.net\/wp-cnet\/wp-json\/wp\/v2\/posts"}],"about":[{"href":"https:\/\/catolicanet.net\/wp-cnet\/wp-json\/wp\/v2\/types\/post"}],"author":[{"embeddable":true,"href":"https:\/\/catolicanet.net\/wp-cnet\/wp-json\/wp\/v2\/users\/1"}],"replies":[{"embeddable":true,"href":"https:\/\/catolicanet.net\/wp-cnet\/wp-json\/wp\/v2\/comments?post=19304"}],"version-history":[{"count":1,"href":"https:\/\/catolicanet.net\/wp-cnet\/wp-json\/wp\/v2\/posts\/19304\/revisions"}],"predecessor-version":[{"id":27319,"href":"https:\/\/catolicanet.net\/wp-cnet\/wp-json\/wp\/v2\/posts\/19304\/revisions\/27319"}],"wp:featuredmedia":[{"embeddable":true,"href":"https:\/\/catolicanet.net\/wp-cnet\/wp-json\/wp\/v2\/media\/19303"}],"wp:attachment":[{"href":"https:\/\/catolicanet.net\/wp-cnet\/wp-json\/wp\/v2\/media?parent=19304"}],"wp:term":[{"taxonomy":"category","embeddable":true,"href":"https:\/\/catolicanet.net\/wp-cnet\/wp-json\/wp\/v2\/categories?post=19304"},{"taxonomy":"post_tag","embeddable":true,"href":"https:\/\/catolicanet.net\/wp-cnet\/wp-json\/wp\/v2\/tags?post=19304"}],"curies":[{"name":"wp","href":"https:\/\/api.w.org\/{rel}","templated":true}]}}