{"id":19294,"date":"2016-11-10T12:12:17","date_gmt":"2016-11-10T14:12:17","guid":{"rendered":"http:\/\/catolicanet.net\/wp-cnet\/2016\/11\/10\/arquidiocese-de-montes-claros-mg-realiza-primeiro-seminario-de-comunicacao\/"},"modified":"2017-05-26T13:45:30","modified_gmt":"2017-05-26T16:45:30","slug":"arquidiocese-de-montes-claros-mg-realiza-primeiro-seminario-de-comunicacao","status":"publish","type":"post","link":"https:\/\/catolicanet.net\/wp-cnet\/arquidiocese-de-montes-claros-mg-realiza-primeiro-seminario-de-comunicacao\/","title":{"rendered":"Arquidiocese de Montes Claros (MG) realiza primeiro semin\u00e1rio de Comunica\u00e7\u00e3o"},"content":{"rendered":"<p style=\"text-align: justify;\"><img decoding=\"async\" src=\"http:\/\/www.catolicanet.com.br\/images\/stories\/noticias\/arq_montes.jpg\" border=\"0\" align=\"left\" \/>Iniciativa foi coordenada pelo Setor Juventude<\/p>\n<p>A arquidiocese de Montes Claros (MG) realizou o primeiro Semin\u00e1rio de Comunica\u00e7\u00e3o, nos dias 05 e 06 de novembro, no Sal\u00e3o Paroquial Jo\u00e3o Paulo II. A iniciativa, coordenada pelo Setor Juventude, teve por objetivo orientar e despertar os jovens sobre o uso adequado dos meios de comunica\u00e7\u00e3o.<\/p>\n<p>Dentre as propostas apresentadas no semin\u00e1rio, o jornalista Fl\u00e1vio Campos Ferreira, integrante da equipe do site \u201cJovens Conectados\u201d, estimulou a consci\u00eancia da import\u00e2ncia da evangeliza\u00e7\u00e3o na cultura midi\u00e1tica, pontuando a descoberta do saber, do conhecimento cient\u00edfico e da comunica\u00e7\u00e3o como elemento articulador de mudan\u00e7a social.<\/p>\n<p>\u201c\u00c9 louv\u00e1vel a iniciativa da arquidiocese de Montes Claros, sobretudo do Setor Juventude, em promover um encontro com esse n\u00edvel. Denota um claro sinal de unidade, pois n\u00e3o s\u00f3 pensaram para jovens, mas para pastorais, organismos e movimentos, integrando dessa maneira a Pastoral da Comunica\u00e7\u00e3o e a juventude a n\u00e3o agirem isoladamente\u201d, destacou. <\/p>\n<p>Ainda de acordo com ele, \u00e9 preciso profissionais que pensem a comunica\u00e7\u00e3o e n\u00e3o s\u00f3 executem. \u201c\u00c9 preciso uma l\u00f3gica estrat\u00e9gica de uma comunica\u00e7\u00e3o eficaz dentro da Igreja e para a Igreja\u201d, garante.<\/p>\n<p>Ao encerrar, Fl\u00e1vio pontuou que os profissionais de comunica\u00e7\u00e3o devem ajudar os jovens a definirem melhor seu caminho: \u201cDe um modo geral, a Pastoral da Comunica\u00e7\u00e3o \u00e9 respons\u00e1vel pela valoriza\u00e7\u00e3o e resgate de evidenciar o melhor de cada grupo, pastoral ou movimento. N\u00e3o \u00e9 essa sua fun\u00e7\u00e3o principal, mas passa sim pelas m\u00e3os de quem est\u00e1 na Pastoral da Comunica\u00e7\u00e3o, ou trabalha com comunica\u00e7\u00e3o, o carinho da Igreja em levar o outro a encontrar seu caminho. Sozinhos n\u00e3o vamos longe\u201d.<\/p>\n<p style=\"text-align: justify;\">Avalia\u00e7\u00e3o<\/p>\n<p>De acordo com o assessor do semin\u00e1rio, padre Gilberto Junior, o evento \u00e9 o caminho para uma evangeliza\u00e7\u00e3o com responsabilidade social. \u201cSaber comunicar, como comunicar e para quem comunicar \u00e9 uma preocupa\u00e7\u00e3o nossa dentro da nossa arquidiocese\u201d, finalizou o sacerdote.<br \/>Com informa\u00e7\u00f5es e foto da arquidiocese de Montes Claros<\/p>\n<p>Fonte: CNBB<\/p>\n","protected":false},"excerpt":{"rendered":"<p>Iniciativa foi coordenada pelo Setor Juventude A arquidiocese de Montes Claros (MG) realizou o primeiro Semin\u00e1rio de Comunica\u00e7\u00e3o, nos dias 05 e 06 de novembro, no Sal\u00e3o Paroquial Jo\u00e3o Paulo II. A iniciativa, coordenada pelo Setor Juventude, teve por objetivo orientar e despertar os jovens sobre o uso adequado dos meios de comunica\u00e7\u00e3o. Dentre as [&hellip;]<\/p>\n","protected":false},"author":1,"featured_media":19293,"comment_status":"open","ping_status":"open","sticky":false,"template":"","format":"standard","meta":{"footnotes":""},"categories":[7],"tags":[],"class_list":["post-19294","post","type-post","status-publish","format-standard","has-post-thumbnail","hentry","category-cnbb"],"_links":{"self":[{"href":"https:\/\/catolicanet.net\/wp-cnet\/wp-json\/wp\/v2\/posts\/19294","targetHints":{"allow":["GET"]}}],"collection":[{"href":"https:\/\/catolicanet.net\/wp-cnet\/wp-json\/wp\/v2\/posts"}],"about":[{"href":"https:\/\/catolicanet.net\/wp-cnet\/wp-json\/wp\/v2\/types\/post"}],"author":[{"embeddable":true,"href":"https:\/\/catolicanet.net\/wp-cnet\/wp-json\/wp\/v2\/users\/1"}],"replies":[{"embeddable":true,"href":"https:\/\/catolicanet.net\/wp-cnet\/wp-json\/wp\/v2\/comments?post=19294"}],"version-history":[{"count":1,"href":"https:\/\/catolicanet.net\/wp-cnet\/wp-json\/wp\/v2\/posts\/19294\/revisions"}],"predecessor-version":[{"id":23358,"href":"https:\/\/catolicanet.net\/wp-cnet\/wp-json\/wp\/v2\/posts\/19294\/revisions\/23358"}],"wp:featuredmedia":[{"embeddable":true,"href":"https:\/\/catolicanet.net\/wp-cnet\/wp-json\/wp\/v2\/media\/19293"}],"wp:attachment":[{"href":"https:\/\/catolicanet.net\/wp-cnet\/wp-json\/wp\/v2\/media?parent=19294"}],"wp:term":[{"taxonomy":"category","embeddable":true,"href":"https:\/\/catolicanet.net\/wp-cnet\/wp-json\/wp\/v2\/categories?post=19294"},{"taxonomy":"post_tag","embeddable":true,"href":"https:\/\/catolicanet.net\/wp-cnet\/wp-json\/wp\/v2\/tags?post=19294"}],"curies":[{"name":"wp","href":"https:\/\/api.w.org\/{rel}","templated":true}]}}