{"id":19290,"date":"2016-11-10T11:27:38","date_gmt":"2016-11-10T13:27:38","guid":{"rendered":"http:\/\/catolicanet.net\/wp-cnet\/2016\/11\/10\/cnlb-disponibiliza-material-de-reflexao-para-o-dia-dos-leigos\/"},"modified":"2017-06-02T10:06:10","modified_gmt":"2017-06-02T13:06:10","slug":"cnlb-disponibiliza-material-de-reflexao-para-o-dia-dos-leigos","status":"publish","type":"post","link":"https:\/\/catolicanet.net\/wp-cnet\/cnlb-disponibiliza-material-de-reflexao-para-o-dia-dos-leigos\/","title":{"rendered":"CNLB disponibiliza material de reflex\u00e3o para o Dia dos Leigos"},"content":{"rendered":"<p style=\"text-align: justify;\"><img decoding=\"async\" src=\"http:\/\/www.catolicanet.com.br\/images\/stories\/noticias\/sem-ttulo.jpg\" border=\"0\" align=\"left\" \/>A data ocorre sempre no \u00faltimo domingo do ano lit\u00fargico na Igreja<\/p>\n<p>A igreja no Brasil celebra no pr\u00f3ximo dia 20, a Solenidade de Cristo Rei do Universo e Dia Nacional dos Crist\u00e3os Leigos. Neste ano, a presid\u00eancia do Conselho Nacional do Laicato do Brasil e a Comiss\u00e3o Episcopal Pastoral para o Laicato elaboraram um subs\u00eddio de reflex\u00e3o e celebra\u00e7\u00e3o aos regionais, dioceses, par\u00f3quias, movimentos, pastorais, associa\u00e7\u00f5es laicais e novas comunidades. O subs\u00eddio apresenta uma proposta de tr\u00eas encontros: o primeiro, reflete sobre a caminhada dos crist\u00e3os leigos e leigas: avan\u00e7os e recuos; o segundo reflete sobre o crist\u00e3o leigo e leiga como sujeito eclesial; e o terceiro aborda a a\u00e7\u00e3o transformadora como crist\u00e3os leigos e leigas. O material apresenta tamb\u00e9m um roteiro de sugest\u00e3o para a celebra\u00e7\u00e3o da Solenidade de Cristo Rei.<\/p>\n<p>Os textos utilizados neste subs\u00eddio t\u00eam como refer\u00eancia o Documento 105 da CNBB, \u2013 \u201cCrist\u00e3os Leigos e Leigas na Igreja e na Sociedade \u2013 Sal da Terra e Luz do Mundo\u201d. Em cada encontro, uma apresenta\u00e7\u00e3o do tema iluminado pela palavra de Deus. O assessor da Comiss\u00e3o Episcopal Pastoral para o Laicato, Laudelino Augusto, diz que todos os fi\u00e9is s\u00e3o chamados a assumir o compromisso de levar a palavra de Deus ao mundo. \u201cCrist\u00e3os leigos s\u00e3o verdadeiros sujeitos eclesiais. O Documento 105 prop\u00f5e que possamos entender e atuar como sujeito eclesial tanto na igreja como na sociedade. Muitos j\u00e1 est\u00e3o assumindo seu compromisso na Igreja, vamos tamb\u00e9m assumir nossa identidade, voca\u00e7\u00e3o, espiritualidade e miss\u00e3o no mundo para que o Reino aconte\u00e7a. Vamos ser igreja em sa\u00edda junto com o papa Francisco e os demais sujeitos eclesiais\u201d, refor\u00e7ou.<\/p>\n<p>O material est\u00e1 dispon\u00edvel no site do CNLB: www.cnlb.org.br<\/p>\n<p>Hist\u00f3rico<\/p>\n<p> O Dia Nacional dos Crist\u00e3os Leigos \u00e9 comemorado na Solenidade de Cristo Rei desde 1991. A data ocorre sempre no \u00faltimo domingo do ano lit\u00fargico na igreja e foi definida pela Assembleia Geral do CNLB, em continuidade com a tradi\u00e7\u00e3o da A\u00e7\u00e3o Cat\u00f3lica que realizava, neste dia, a renova\u00e7\u00e3o das promessas batismais e refletia sobre a miss\u00e3o dos leigos.<\/p>\n<p style=\"text-align: justify;\">\u00a0<\/p>\n<p style=\"text-align: justify;\">Fonte: CNBB<\/p>\n","protected":false},"excerpt":{"rendered":"<p>A data ocorre sempre no \u00faltimo domingo do ano lit\u00fargico na Igreja A igreja no Brasil celebra no pr\u00f3ximo dia 20, a Solenidade de Cristo Rei do Universo e Dia Nacional dos Crist\u00e3os Leigos. Neste ano, a presid\u00eancia do Conselho Nacional do Laicato do Brasil e a Comiss\u00e3o Episcopal Pastoral para o Laicato elaboraram um [&hellip;]<\/p>\n","protected":false},"author":1,"featured_media":19289,"comment_status":"open","ping_status":"open","sticky":false,"template":"","format":"standard","meta":{"footnotes":""},"categories":[3],"tags":[],"class_list":["post-19290","post","type-post","status-publish","format-standard","has-post-thumbnail","hentry","category-vaticano"],"_links":{"self":[{"href":"https:\/\/catolicanet.net\/wp-cnet\/wp-json\/wp\/v2\/posts\/19290","targetHints":{"allow":["GET"]}}],"collection":[{"href":"https:\/\/catolicanet.net\/wp-cnet\/wp-json\/wp\/v2\/posts"}],"about":[{"href":"https:\/\/catolicanet.net\/wp-cnet\/wp-json\/wp\/v2\/types\/post"}],"author":[{"embeddable":true,"href":"https:\/\/catolicanet.net\/wp-cnet\/wp-json\/wp\/v2\/users\/1"}],"replies":[{"embeddable":true,"href":"https:\/\/catolicanet.net\/wp-cnet\/wp-json\/wp\/v2\/comments?post=19290"}],"version-history":[{"count":1,"href":"https:\/\/catolicanet.net\/wp-cnet\/wp-json\/wp\/v2\/posts\/19290\/revisions"}],"predecessor-version":[{"id":27322,"href":"https:\/\/catolicanet.net\/wp-cnet\/wp-json\/wp\/v2\/posts\/19290\/revisions\/27322"}],"wp:featuredmedia":[{"embeddable":true,"href":"https:\/\/catolicanet.net\/wp-cnet\/wp-json\/wp\/v2\/media\/19289"}],"wp:attachment":[{"href":"https:\/\/catolicanet.net\/wp-cnet\/wp-json\/wp\/v2\/media?parent=19290"}],"wp:term":[{"taxonomy":"category","embeddable":true,"href":"https:\/\/catolicanet.net\/wp-cnet\/wp-json\/wp\/v2\/categories?post=19290"},{"taxonomy":"post_tag","embeddable":true,"href":"https:\/\/catolicanet.net\/wp-cnet\/wp-json\/wp\/v2\/tags?post=19290"}],"curies":[{"name":"wp","href":"https:\/\/api.w.org\/{rel}","templated":true}]}}