{"id":19260,"date":"2016-11-09T11:20:33","date_gmt":"2016-11-09T13:20:33","guid":{"rendered":"http:\/\/catolicanet.net\/wp-cnet\/2016\/11\/09\/secretarios-executivos-da-cnbb-discutem-desafios-da-comunicacao\/"},"modified":"2017-05-26T13:47:10","modified_gmt":"2017-05-26T16:47:10","slug":"secretarios-executivos-da-cnbb-discutem-desafios-da-comunicacao","status":"publish","type":"post","link":"https:\/\/catolicanet.net\/wp-cnet\/secretarios-executivos-da-cnbb-discutem-desafios-da-comunicacao\/","title":{"rendered":"Secret\u00e1rios Executivos da CNBB discutem desafios da Comunica\u00e7\u00e3o"},"content":{"rendered":"<p style=\"text-align: justify;\"><img decoding=\"async\" src=\"http:\/\/www.catolicanet.com.br\/images\/stories\/noticias\/sec_execut22.jpg\" border=\"0\" align=\"left\" \/>Reuni\u00e3o acontece na sede da entidade e termina hoje, \u00e0 tarde, 09 de novembro<\/p>\n<p>Teve in\u00edcio na ter\u00e7a-feira, 08, o encontro com os secret\u00e1rios executivos dos 18 regionais da Confer\u00eancia Nacional dos Bispos do Brasil (CNBB), na sede da entidade, em Bras\u00edlia (DF). A reuni\u00e3o tem como finalidade facilitar a comunica\u00e7\u00e3o e o desenvolvimento das atividades gerais da CNBB em cada regional. Al\u00e9m dos secret\u00e1rios executivos participam os assessores das Comiss\u00f5es Episcopais Pastorais e os membros do secretariado-geral da CNBB. <\/p>\n<p>Segundo o subsecret\u00e1rio adjunto de pastoral da CNBB, monsenhor Antonio Luiz Catelan, o encontro \u00e9 dividido em assuntos pastorais e administrativos. \u201cHoje que \u00e9 o dia mais pastoral temos dois temas, os desafios da comunica\u00e7\u00e3o e a aplica\u00e7\u00e3o disso ao nosso \u00e2mbito pastoral e, ainda, a nossa rela\u00e7\u00e3o entre sede e regionais\u201d, destaca. <\/p>\n<p>Para o secret\u00e1rio executivo do regional Sul 2 (Paran\u00e1), padre M\u00e1rio Spaki, a iniciativa tem como foco trazer o que \u00e9 vivido nos regionais. \u201cEssa reuni\u00e3o ela \u00e9 muito importante porque n\u00f3s formamos uma equipe s\u00f3. Trazemos aquilo que \u00e9 vivido nos regionais, partilhamos os aspectos bonitos, os testemunhos, as realidades que est\u00e3o acontecendo na igreja local e levamos daqui para os regionais aquilo que est\u00e1 sendo vivido em \u00e2mbito nacional\u201d, enfatiza.<\/p>\n<p>O secret\u00e1rio executivo do regional Nordeste 2 (Alagoas, Para\u00edba, Pernambuco e Rio Grande do Norte), Agenor Guedes Filho, destaca que a reuni\u00e3o \u00e9 uma oportunidade de todos os regionais realizarem um balan\u00e7o de suas caminhadas. \u201cAqui n\u00f3s dividimos as nossas experi\u00eancias, alegrias, dificuldades e tudo <img decoding=\"async\" src=\"http:\/\/www.catolicanet.com.br\/images\/stories\/noticias\/sec_executivos.jpg\" border=\"0\" align=\"right\" \/>aquilo que temos que enfrentar. Fazemos um balan\u00e7o da nossa caminhada e tamb\u00e9m j\u00e1 nos preparamos para o pr\u00f3ximo ano de avalia\u00e7\u00e3o e tudo aquilo que nos aguarda de trabalho daqui para frente\u201d, destaca. <\/p>\n<p>A reuni\u00e3o dos secret\u00e1rios executivos acontece duas vezes por ano, esta que \u00e9 a \u00faltima de 2016 segue at\u00e9 esta quarta-feira, 09. Em 2017, a primeira reuni\u00e3o ser\u00e1 no Rio de Janeiro (RJ), sede do regional Leste 1 da CNBB.<\/p>\n<p style=\"text-align: justify;\">\u00a0<\/p>\n<p style=\"text-align: justify;\">Fonte: CNBB<\/p>\n","protected":false},"excerpt":{"rendered":"<p>Reuni\u00e3o acontece na sede da entidade e termina hoje, \u00e0 tarde, 09 de novembro Teve in\u00edcio na ter\u00e7a-feira, 08, o encontro com os secret\u00e1rios executivos dos 18 regionais da Confer\u00eancia Nacional dos Bispos do Brasil (CNBB), na sede da entidade, em Bras\u00edlia (DF). A reuni\u00e3o tem como finalidade facilitar a comunica\u00e7\u00e3o e o desenvolvimento das [&hellip;]<\/p>\n","protected":false},"author":1,"featured_media":19259,"comment_status":"open","ping_status":"open","sticky":false,"template":"","format":"standard","meta":{"footnotes":""},"categories":[7],"tags":[],"class_list":["post-19260","post","type-post","status-publish","format-standard","has-post-thumbnail","hentry","category-cnbb"],"_links":{"self":[{"href":"https:\/\/catolicanet.net\/wp-cnet\/wp-json\/wp\/v2\/posts\/19260","targetHints":{"allow":["GET"]}}],"collection":[{"href":"https:\/\/catolicanet.net\/wp-cnet\/wp-json\/wp\/v2\/posts"}],"about":[{"href":"https:\/\/catolicanet.net\/wp-cnet\/wp-json\/wp\/v2\/types\/post"}],"author":[{"embeddable":true,"href":"https:\/\/catolicanet.net\/wp-cnet\/wp-json\/wp\/v2\/users\/1"}],"replies":[{"embeddable":true,"href":"https:\/\/catolicanet.net\/wp-cnet\/wp-json\/wp\/v2\/comments?post=19260"}],"version-history":[{"count":1,"href":"https:\/\/catolicanet.net\/wp-cnet\/wp-json\/wp\/v2\/posts\/19260\/revisions"}],"predecessor-version":[{"id":23360,"href":"https:\/\/catolicanet.net\/wp-cnet\/wp-json\/wp\/v2\/posts\/19260\/revisions\/23360"}],"wp:featuredmedia":[{"embeddable":true,"href":"https:\/\/catolicanet.net\/wp-cnet\/wp-json\/wp\/v2\/media\/19259"}],"wp:attachment":[{"href":"https:\/\/catolicanet.net\/wp-cnet\/wp-json\/wp\/v2\/media?parent=19260"}],"wp:term":[{"taxonomy":"category","embeddable":true,"href":"https:\/\/catolicanet.net\/wp-cnet\/wp-json\/wp\/v2\/categories?post=19260"},{"taxonomy":"post_tag","embeddable":true,"href":"https:\/\/catolicanet.net\/wp-cnet\/wp-json\/wp\/v2\/tags?post=19260"}],"curies":[{"name":"wp","href":"https:\/\/api.w.org\/{rel}","templated":true}]}}