{"id":19256,"date":"2016-11-08T12:00:49","date_gmt":"2016-11-08T14:00:49","guid":{"rendered":"http:\/\/catolicanet.net\/wp-cnet\/2016\/11\/08\/papa-qsede-de-poder-e-deslealdade-sao-incompativeis-com-o-servicoq\/"},"modified":"2017-06-02T13:16:18","modified_gmt":"2017-06-02T16:16:18","slug":"papa-qsede-de-poder-e-deslealdade-sao-incompativeis-com-o-servicoq","status":"publish","type":"post","link":"https:\/\/catolicanet.net\/wp-cnet\/papa-qsede-de-poder-e-deslealdade-sao-incompativeis-com-o-servicoq\/","title":{"rendered":"Papa: &#8220;Sede de poder e deslealdade s\u00e3o incompat\u00edveis com o servi\u00e7o&#8221;"},"content":{"rendered":"<p style=\"text-align: justify;\"><img decoding=\"async\" src=\"http:\/\/www.catolicanet.com.br\/images\/stories\/papas\/ossrom136330_articolo.jpg\" border=\"0\" align=\"left\" \/>Cidade do Vaticano (RV) &#8211; Para servir bem o Senhor, n\u00e3o podemos ser desleais e nem buscar o poder. \u00c9 a s\u00edntese da homilia de Francisco na missa celebrada na manh\u00e3 da ter\u00e7a-feira (08\/11), na Casa Santa Marta. O Pont\u00edfice reiterou que n\u00e3o se pode servir Deus e o mundo.<\/p>\n<p style=\"text-align: justify;\">\u00a0<\/p>\n<p style=\"text-align: justify;\"><a href=\"http:\/\/media02.radiovaticana.va\/audio\/audio2\/mp3\/00556512.mp3\">Clique aqui para ouvir:<\/a><\/p>\n<p style=\"text-align: justify;\">\u00a0<\/p>\n<p style=\"text-align: justify;\">\u201cSomos servos in\u00fateis\u201d, disse o Papa, reiterando que \u201ctodo verdadeiro disc\u00edpulo do Senhor deve repetir esta afirma\u00e7\u00e3o repetir a si mesmo\u201d.<\/p>\n<p>O desejo de poder nos impede de servir o Senhor<\/p>\n<p>Mas quais s\u00e3o, questiona o Papa, os obst\u00e1culos que nos impedem de servir o Senhor com liberdade? S\u00e3o muitos, constata com amargura, e \u201cum \u00e9 a sede de poder\u201d:<\/p>\n<p>\u201cQuantas vezes vimos, at\u00e9 em nossas casas: \u2018aqui sou eu que comando!\u2019. E quantas vezes, sem diz\u00ea-lo, fizemos ouvir aos outros \u2018que aqui eu comando\u2019, n\u00e3o? Mostrar isso&#8230; A sede de poder&#8230; E Jesus nos ensinou que aquele que comanda se torna como aquele que serve. Ou se algu\u00e9m quiser ser o primeiro, seja servidor de todos. Jesus reverte os valores da mundanidade, do mundo. E este desejo de poder n\u00e3o \u00e9 o caminho para se tornar um servo do Senhor, ao contr\u00e1rio: \u00e9 um obst\u00e1culo, um destes obst\u00e1culos que rezamos ao Senhor para que afaste de n\u00f3s\u201d.<\/p>\n<p>N\u00e3o \u00e0 deslealdade de quem quer servir Deus e o dinheiro<\/p>\n<p>O outro obst\u00e1culo, prossegue Francisco, se verifica \u201ctamb\u00e9m na vida da Igreja\u201d, e \u00e9 \u201ca deslealdade\u201d. E isto \u2013 adverte o Papa, acontece \u201cquando algu\u00e9m quer servir o Senhor enquanto serve outras coisas que n\u00e3o s\u00e3o o Senhor\u201d.<\/p>\n<p>\u201cO Senhor nos disse que nenhum servi\u00e7o pode ter dois patr\u00f5es. Ou serve Deus ou serve o dinheiro. Foi Jesus que o disse. E este \u00e9 um obst\u00e1culo: a deslealdade; que n\u00e3o \u00e9 o mesmo de ser pecador. Todos somos pecadores e nos arrependemos disso, mas ser desleais \u00e9 fazer jogo duplo, n\u00e3o? Jogar \u00e0 direita e \u00e0 esquerda, jogar com Deus e jogar com o mundo, n\u00e3o? Isto \u00e9 um obst\u00e1culo. Aquele que tem sede de poder e aquele que \u00e9 desleal dificilmente podem servir ou serem servos livres do Senhor\u201d.<\/p>\n<p>Estes obst\u00e1culos, a sede de poder e a deslealdade, retoma Francisco, \u201ctiram a paz e te causam um tremor no cora\u00e7\u00e3o que n\u00e3o deixa em paz, mas sempre ansioso\u201d. E isto, reitera, \u201cnos leva a viver naquela tens\u00e3o da vaidade mundana&#8230; viver para aparecer\u201d. <\/p>\n<p>O servi\u00e7o de Deus \u00e9 livre, n\u00f3s O servimos como filhos, n\u00e3o como escravos<\/p>\n<p>Quanta gente \u201cvive somente para ser vitrina, para aparecer, para que digam: &#8216;Ah, como ele \u00e9 bom&#8230;&#8217;, tudo pela fama. Fama mundana\u201d. E assim, &#8211; \u00e9 a sua advert\u00eancia -, \u201cn\u00e3o se pode servir o Senhor\u201d. Por isso, &#8211; acrescenta -, \u201cpedimos ao Senhor para remover os obst\u00e1culos para que com serenidade, seja do corpo, seja do esp\u00edrito\u201d, possamos \u201cdedicar-nos livremente ao seu servi\u00e7o\u201d:<\/p>\n<p>\u201cO servi\u00e7o de Deus \u00e9 livre: n\u00f3s somos filhos, n\u00e3o escravos. E servir Deus em paz, com serenidade, quando Ele mesmo tirou de n\u00f3s os obst\u00e1culos que tiram a paz e serenidade, \u00e9 servi-Lo com a liberdade. E quando servimos o Senhor com liberdade, sentimos a paz ainda mais profunda, n\u00e3o \u00e9 verdade? Da voz do Senhor: &#8216;Oh, vem, vem, vem, servo bom e fiel\u2019. E todos n\u00f3s queremos servir o Senhor com bondade e fidelidade, mas precisamos de sua gra\u00e7a: sozinhos n\u00e3o podemos. E por isso, pedir sempre esta gra\u00e7a, que seja Ele a remover esses obst\u00e1culos, que seja Ele a nos dar essa serenidade, essa paz do cora\u00e7\u00e3o para servi-Lo livremente, n\u00e3o como escravos: mas como filhos\u201d.<\/p>\n<p>\u201cLiberdade no servi\u00e7o\u201d. Francisco evidencia assim que tamb\u00e9m quando o nosso servi\u00e7o \u00e9 livre, devemos repetir que \u201csomos servos in\u00fateis\u201d conscientes de que sozinhos n\u00e3o podemos fazer nada. \u201cSomente &#8211; afirma &#8211; devemos pedir e dar espa\u00e7o para que Ele fa\u00e7a em n\u00f3s, e Ele nos transforme em servos livres, em filhos, n\u00e3o em escravos. Que o Senhor &#8211; \u00e9 a invoca\u00e7\u00e3o do Papa &#8211; nos ajude a abrir o cora\u00e7\u00e3o e deixar trabalhar o Esp\u00edrito Santo, para que remova de n\u00f3s esses obst\u00e1culos, especialmente o desejo de poder que faz tanto mal, e a deslealdade, a dupla face de querer servir Deus e o mundo\u201d. \u201cE assim &#8211; concluiu \u2013 nos d\u00ea essa serenidade, essa paz para poder servi-Lo como filho livre, que no final, com muito amor, Lhe diz: &#8216;Pai, obrigado, mas o Senhor sabe: eu sou um servo in\u00fatil\u201d.<\/p>\n<p style=\"text-align: justify;\">\u00a0<\/p>\n<p style=\"text-align: justify;\">Fonte: R\u00e1dio Vaticano<\/p>\n","protected":false},"excerpt":{"rendered":"<p>Cidade do Vaticano (RV) &#8211; Para servir bem o Senhor, n\u00e3o podemos ser desleais e nem buscar o poder. \u00c9 a s\u00edntese da homilia de Francisco na missa celebrada na manh\u00e3 da ter\u00e7a-feira (08\/11), na Casa Santa Marta. O Pont\u00edfice reiterou que n\u00e3o se pode servir Deus e o mundo. \u00a0 Clique aqui para ouvir: [&hellip;]<\/p>\n","protected":false},"author":1,"featured_media":19255,"comment_status":"open","ping_status":"open","sticky":false,"template":"","format":"standard","meta":{"footnotes":""},"categories":[3],"tags":[],"class_list":["post-19256","post","type-post","status-publish","format-standard","has-post-thumbnail","hentry","category-vaticano"],"_links":{"self":[{"href":"https:\/\/catolicanet.net\/wp-cnet\/wp-json\/wp\/v2\/posts\/19256","targetHints":{"allow":["GET"]}}],"collection":[{"href":"https:\/\/catolicanet.net\/wp-cnet\/wp-json\/wp\/v2\/posts"}],"about":[{"href":"https:\/\/catolicanet.net\/wp-cnet\/wp-json\/wp\/v2\/types\/post"}],"author":[{"embeddable":true,"href":"https:\/\/catolicanet.net\/wp-cnet\/wp-json\/wp\/v2\/users\/1"}],"replies":[{"embeddable":true,"href":"https:\/\/catolicanet.net\/wp-cnet\/wp-json\/wp\/v2\/comments?post=19256"}],"version-history":[{"count":1,"href":"https:\/\/catolicanet.net\/wp-cnet\/wp-json\/wp\/v2\/posts\/19256\/revisions"}],"predecessor-version":[{"id":27327,"href":"https:\/\/catolicanet.net\/wp-cnet\/wp-json\/wp\/v2\/posts\/19256\/revisions\/27327"}],"wp:featuredmedia":[{"embeddable":true,"href":"https:\/\/catolicanet.net\/wp-cnet\/wp-json\/wp\/v2\/media\/19255"}],"wp:attachment":[{"href":"https:\/\/catolicanet.net\/wp-cnet\/wp-json\/wp\/v2\/media?parent=19256"}],"wp:term":[{"taxonomy":"category","embeddable":true,"href":"https:\/\/catolicanet.net\/wp-cnet\/wp-json\/wp\/v2\/categories?post=19256"},{"taxonomy":"post_tag","embeddable":true,"href":"https:\/\/catolicanet.net\/wp-cnet\/wp-json\/wp\/v2\/tags?post=19256"}],"curies":[{"name":"wp","href":"https:\/\/api.w.org\/{rel}","templated":true}]}}