{"id":19221,"date":"2016-11-07T13:15:03","date_gmt":"2016-11-07T15:15:03","guid":{"rendered":"http:\/\/catolicanet.net\/wp-cnet\/2016\/11\/07\/papa-recebe-familia-habsburgo-beato-carlos-i-intercessor-da-paz\/"},"modified":"2017-06-02T13:08:09","modified_gmt":"2017-06-02T16:08:09","slug":"papa-recebe-familia-habsburgo-beato-carlos-i-intercessor-da-paz","status":"publish","type":"post","link":"https:\/\/catolicanet.net\/wp-cnet\/papa-recebe-familia-habsburgo-beato-carlos-i-intercessor-da-paz\/","title":{"rendered":"Papa recebe fam\u00edlia Habsburgo: Beato Carlos I intercessor da paz"},"content":{"rendered":"<p style=\"text-align: justify;\"><img decoding=\"async\" src=\"http:\/\/www.catolicanet.com.br\/images\/stories\/papas\/ossrom136017_articolo.jpg\" border=\"0\" align=\"left\" \/>Cidade do Vaticano (RV) \u2013 O Papa recebeu na manh\u00e3 deste s\u00e1bado (05\/11) na Sala Clementina, cerca de 300 membros da Fam\u00edlia Habsburgo da \u00c1ustria, que vieram a Roma em peregrina\u00e7\u00e3o jubilar.<\/p>\n<p>Em seu discurso, Francisco recordou que, precisamente h\u00e1 100 anos, o bem-aventurado Carlos da \u00c1ustria, subiu ao trono. A sua presen\u00e7a espiritual, em meio \u00e0 Fam\u00edlia austr\u00edaca, &#8211; disse &#8211; se torna ativa em nossa hist\u00f3ria, com seus desafios e necessidades.<\/p>\n<p>De fato, afirmou o Papa, alguns entre voc\u00eas assumem importantes cargos em Organiza\u00e7\u00f5es de Solidariedade e Promo\u00e7\u00e3o humana e cultural, como tamb\u00e9m sustentam o projeto da Europa como \u201cCasa Comum\u201d, que se baseia nos valores humanos e crist\u00e3os.<\/p>\n<p>A seguir, Francisco expressou sua satisfa\u00e7\u00e3o ao saber que no \u00e2mbito da nova gera\u00e7\u00e3o da Fam\u00edlia Habsburgo surgiram voca\u00e7\u00f5es ao Sacerd\u00f3cio e \u00e0 Vida Consagrada:<\/p>\n<p>\u201cPor isso, com voc\u00eas, dou gra\u00e7as ao Senhor e aproveito a oportunidade de reconfirmar que a fam\u00edlia crist\u00e3 \u00e9 o primeiro terreno onde as sementes das voca\u00e7\u00f5es, &#8211; a partir da vida conjugal, que \u00e9 uma verdadeira voca\u00e7\u00e3o, &#8211; podem germinar e se desenvolver\u201d.<\/p>\n<p>Por fim, o Papa recordou o exemplo do bem-aventurado Carlos da \u00c1ustria que, antes de tudo, foi um bom pai de fam\u00edlia e, como tal, servidor da causa da paz e da vida. Ele, que serviu o ex\u00e9rcito austr\u00edaco no in\u00edcio da I Guerra Mundial, assumiu o poder da \u00c1ustria em 1916; foi sens\u00edvel ao desejo do Papa Bento XV, prodigalizando-se, com todas as suas for\u00e7as, para a constru\u00e7\u00e3o da paz, a ponto de ser incompreendido e ridicularizado.<\/p>\n<p>Francisco concluiu convidando os presentes a invocarem o bem-aventurado Carlos da \u00c1ustria, como intercessor, para obter de Deus a paz para a Humanidade.<\/p>\n<p>Fam\u00edlia Habsburgo<\/p>\n<p>A \u201cCasa de Habsburgo\u201d tamb\u00e9m conhecida como \u201cCasa da \u00c1ustria\u201d \u00e9 uma fam\u00edlia nobre europeia, uma das mais importantes e influentes na hist\u00f3ria da Europa (s\u00e9c. XIII-XX). A esta fam\u00edlia pertenceu Maria Leopoldina da \u00c1ustria, esposa do Imperador Dom Pedro I e m\u00e3e do \u00faltimo Imperador brasileiro Dom Pedro II.<\/p>\n<p>Sob a dinastia soberana de Habsburgo encontravam-se o Sacro Imp\u00e9rio Romano Germ\u00e2nico (962-1806) e o Imp\u00e9rio Austro-H\u00fangaro (1867 a 1918).<\/p>\n<p>Em 1273, a Casa de Habsburgo foi denominada &#8220;fam\u00edlia imperial austr\u00edaca&#8221;. Atualmente \u00e9 dirigida por Carlos de Habsburgo-Lorena, que \u00e9 imperador titular da \u00c1ustria, Hungria, Bo\u00eamia, Cro\u00e1cia, bem como o titular Rei de Jerusal\u00e9m.<\/p>\n<p>Foram reconhecidas as virtudes her\u00f3icas do bem-aventurado Carlos de Habsburgo, imperador da \u00c1ustria e rei da Hungria, e \u00faltimo imperador cat\u00f3lico.<\/p>\n<p>Carlos de Habsburgo reinou nos anos da I Grande Guerra Mundial, denominada \u201cmassacre in\u00fatil\u201d, que Carlos tentou deter sem sucesso.<\/p>\n<p>Imperador Carlos I<\/p>\n<p>Em 1922, em Funchal, Ilha da Madeira, deu-se o funeral de um rei de apenas 34 anos de idade: Carlos I, imperador da \u00c1ustria. N\u00e3o obstante, ap\u00f3s cinco meses de perman\u00eancia na Ilha portuguesa, Carlos morreu pobre e exilado. Os habitantes insulanos j\u00e1 o consideravam santo.<\/p>\n<p>\u00c0s v\u00e9speras da sua morte, Carlos sussurrou \u00e0 sua esposa, a imperatriz Zita: &#8220;Toda a minha aspira\u00e7\u00e3o foi sempre conhecer, o m\u00e1ximo poss\u00edvel e em todas as coisas, a vontade de Deus, e segui-la da maneira mais perfeita&#8221;. Era sua aspira\u00e7\u00e3o o acompanhou durante todos os dias da sua vida.<\/p>\n<p>O imperador austr\u00edaco se despediu da vida terrena, na primavera de 1922, pronunciando, como \u00faltima palavra, um simples nome: &#8220;Jesus&#8221;.<\/p>\n<p style=\"text-align: justify;\">\u00a0<\/p>\n<p style=\"text-align: justify;\">Fonte: R\u00e1dio Vaticano<\/p>\n","protected":false},"excerpt":{"rendered":"<p>Cidade do Vaticano (RV) \u2013 O Papa recebeu na manh\u00e3 deste s\u00e1bado (05\/11) na Sala Clementina, cerca de 300 membros da Fam\u00edlia Habsburgo da \u00c1ustria, que vieram a Roma em peregrina\u00e7\u00e3o jubilar. Em seu discurso, Francisco recordou que, precisamente h\u00e1 100 anos, o bem-aventurado Carlos da \u00c1ustria, subiu ao trono. A sua presen\u00e7a espiritual, em [&hellip;]<\/p>\n","protected":false},"author":1,"featured_media":19220,"comment_status":"open","ping_status":"open","sticky":false,"template":"","format":"standard","meta":{"footnotes":""},"categories":[3],"tags":[],"class_list":["post-19221","post","type-post","status-publish","format-standard","has-post-thumbnail","hentry","category-vaticano"],"_links":{"self":[{"href":"https:\/\/catolicanet.net\/wp-cnet\/wp-json\/wp\/v2\/posts\/19221","targetHints":{"allow":["GET"]}}],"collection":[{"href":"https:\/\/catolicanet.net\/wp-cnet\/wp-json\/wp\/v2\/posts"}],"about":[{"href":"https:\/\/catolicanet.net\/wp-cnet\/wp-json\/wp\/v2\/types\/post"}],"author":[{"embeddable":true,"href":"https:\/\/catolicanet.net\/wp-cnet\/wp-json\/wp\/v2\/users\/1"}],"replies":[{"embeddable":true,"href":"https:\/\/catolicanet.net\/wp-cnet\/wp-json\/wp\/v2\/comments?post=19221"}],"version-history":[{"count":1,"href":"https:\/\/catolicanet.net\/wp-cnet\/wp-json\/wp\/v2\/posts\/19221\/revisions"}],"predecessor-version":[{"id":27334,"href":"https:\/\/catolicanet.net\/wp-cnet\/wp-json\/wp\/v2\/posts\/19221\/revisions\/27334"}],"wp:featuredmedia":[{"embeddable":true,"href":"https:\/\/catolicanet.net\/wp-cnet\/wp-json\/wp\/v2\/media\/19220"}],"wp:attachment":[{"href":"https:\/\/catolicanet.net\/wp-cnet\/wp-json\/wp\/v2\/media?parent=19221"}],"wp:term":[{"taxonomy":"category","embeddable":true,"href":"https:\/\/catolicanet.net\/wp-cnet\/wp-json\/wp\/v2\/categories?post=19221"},{"taxonomy":"post_tag","embeddable":true,"href":"https:\/\/catolicanet.net\/wp-cnet\/wp-json\/wp\/v2\/tags?post=19221"}],"curies":[{"name":"wp","href":"https:\/\/api.w.org\/{rel}","templated":true}]}}