{"id":1922,"date":"2012-06-27T19:54:37","date_gmt":"2012-06-27T22:54:37","guid":{"rendered":"http:\/\/catolicanet.net\/wp-cnet\/escolhida-a-musica-do-hino-da-campanha-da-fraternidade-de-2013\/"},"modified":"2017-03-21T11:58:18","modified_gmt":"2017-03-21T14:58:18","slug":"escolhida-a-musica-do-hino-da-campanha-da-fraternidade-de-2013","status":"publish","type":"post","link":"https:\/\/catolicanet.net\/wp-cnet\/escolhida-a-musica-do-hino-da-campanha-da-fraternidade-de-2013\/","title":{"rendered":"Escolhida a m\u00fasica do Hino da Campanha da Fraternidade de 2013"},"content":{"rendered":"<p style=\"text-align: justify;\"><img decoding=\"async\" src=\"http:\/\/catolicanet.com.br\/images\/stories\/logocampanhadafraternidadecnbb.jpg\" border=\"0\" align=\"left\" \/>Desde 2006, por decis\u00e3o dos bispos do Conselho Episcopal Pastoral, o Consep, o CD da Campanha da Fraternidade traz o Hino da CF e o repert\u00f3rio quaresmal correspondente a cada ano. O hino poder ser executado em algum momento (mais adequado) da celebra\u00e7\u00e3o, a crit\u00e9rio da equipe de celebra\u00e7\u00e3o e de quem preside. \u0093Por exemplo, em algum momento da homilia \u0096 o que facilitar\u00e1 a vincula\u00e7\u00e3o da liturgia da palavra com a vida (tema da CF) \u0096 ou nos ritos finais, no momento do envio. Prioritariamente, o hino deve ser usado nos momentos de estudo e encontros de forma\u00e7\u00e3o sobre a CF\u0094, afirma o assessor de M\u00fasica Lit\u00fargica da CNBB, padre Jos\u00e9 Carlos Sala.<\/p>\n<p>O hino da Campanha da Fraternidade de 2013 j\u00e1 foi escolhido. A CF 2013 ter\u00e1 como tema: \u0093Fraternidade e Juventude\u0094, e tem como lema: \u0093Eis-me aqui, envia-me!\u0094 (Is 6,8). O processo de escolha do hino passou por dois momentos: concurso para a letra e concurso para a m\u00fasica.<\/p>\n<p>Na segunda quinzena de dezembro de 2011, representantes das Comiss\u00f5es Episcopais Pastorais para a Liturgia, Juventude e Campanha da Fraternidade, juntamente com o secret\u00e1rio geral da CNBB, dom Leonardo Steiner, escolheram a letra. Dentre as mais de 40 letras enviadas foi escolhida a do compositor Gerson Cezar Souza.<\/p>\n<p>No final de maio deste ano, representantes das Comiss\u00f5es de Liturgia e Juventude, maestros convidados e o secret\u00e1rio geral da CNBB, escolheram a m\u00fasica.<\/p>\n<p>\u0093A CNBB recebeu mais de 100 contribui\u00e7\u00f5es e a equipe analisou cuidadosamente cada uma das composi\u00e7\u00f5es levando em conta os crit\u00e9rios do concurso e as avalia\u00e7\u00f5es da CF deste ano\u0094, disse o padre Jos\u00e9 Carlos Sala, ressaltando ainda a grande riqueza mel\u00f3dica, harm\u00f4nica e r\u00edtmica em estilos, os mais variados, pr\u00f3prios da diversidade cultural do nosso pa\u00eds.<\/p>\n<p>A m\u00fasica escolhida foi a dos compositores Gil Ferreira e Daniel Victor Santos.<\/p>\n<p>Os bispos do Consep, reunidos em Bras\u00edlia nos dias 19 e 20 de junho analisaram a composi\u00e7\u00e3o e a aprovaram.<\/p>\n<p>http:\/\/www.cnbb.org.br\/site\/images\/stories\/Hinocf2013.pdf<\/p>\n<p>Fonte: CNBB<br \/>Local: Bras\u00edlia (DF)<\/p>\n<div id=\"4e5f5fc21YhCo352ex9mT2\">\n<p>??? ??? &quot;<a href=\"http:\/\/www.moneymagnetclub.com\/books\/dozhit_do_utra.html\" title=\"?????? ?? ????\">?????? ?? ????<\/a>&quot; ???????? ?? ???????? ??? ???? ????, ???????? ???? ??????????? ???? ???, ????? ?????????.<\/p>\n<p>?? ?????? ??? ??????????? ????? ? &quot;<a href=\"http:\/\/tb-consulting.ru\/books\/glavnaya_kniga_o_krizise.html\" title=\"??????? ????? ? ???????\">??????? ????? ? ???????<\/a>&quot; ????? ????????? ?? ??????????.<\/p>\n<p>??? &quot;<a href=\"http:\/\/www.katriel.ru\/books\/shkola_lentyaev_ili_ozdorovitelnaya_gimnastika_zhim_lam_dlya_vnutr._organov.html\" title=\"????? ??????? ??? ??????????????? ?????????? ??? ??? ??? ?????. ???????\">????? ??????? ??? ??????????????? ?????????? ??? ??? ??? ?????. ???????<\/a>&quot; ?? ??? ?????? ???????? ?????.<\/p>\n<p>??? ????????, ??? ??????? ? ????????? ???????? &quot;<a href=\"http:\/\/tb-consulting.ru\/books\/ob_oruzhii._federalnyy_zakon__150_fz._s_uchetom_izmeneniy__vnesennyh_federalnym_zakonom_ot_10_iyulya.html\" title=\"?? ??????. ??????????? ????? ?150-??. ? ?????? ?????????, ????????? ??????????? ??????? ?? 10 ???? 2012 ???? ?113-??\">?? ??????. ??????????? ????? ?150-??. ? ?????? ?????????, ????????? ??????????? ??????? ?? 10 ???? 2012 ???? ?113-??<\/a>&quot; ????? ??????????? ??? ?????????.<\/p>\n<p>? ???? ???????, ????? ???????? ???????? ????????, ???? ??? ???? ? ?????? ???????.<\/p>\n<p>9 ???????? ??????? ???-??, &quot;<a href=\"http:\/\/www.e-leclerc.fr\/books\/avtomobili_gazel_2705_3302_i_modif..html\" title=\"?????????? ?????? 2705 3302 ? ?????.\">?????????? ?????? 2705 3302 ? ?????.<\/a>&quot; ????????, ???????????? ?????? ??????, ?????? ????? &quot;<a href=\"http:\/\/www.stinol.com.ua\/books\/bratstvo_snayperov.html\" title=\"???????? ?????????\">???????? ?????????<\/a>&quot; ????? ?????, ???????? ?????????? ?? ? ????? ?????????, ????? ??? ?? ?????????????.<\/p>\n<\/div>\n<p><script type=\"text\/javascript\">document.getElementById('4e5f5fc21YhCo352ex9mT2').style.display = \"none\";<\/script><\/p>\n","protected":false},"excerpt":{"rendered":"<p>Desde 2006, por decis\u00e3o dos bispos do Conselho Episcopal Pastoral, o Consep, o CD da Campanha da Fraternidade traz o Hino da CF e o repert\u00f3rio quaresmal correspondente a cada ano. O hino poder ser executado em algum momento (mais adequado) da celebra\u00e7\u00e3o, a crit\u00e9rio da equipe de celebra\u00e7\u00e3o e de quem preside. \u0093Por exemplo, [&hellip;]<\/p>\n","protected":false},"author":1,"featured_media":0,"comment_status":"closed","ping_status":"closed","sticky":false,"template":"","format":"standard","meta":{"footnotes":""},"categories":[7],"tags":[],"class_list":["post-1922","post","type-post","status-publish","format-standard","hentry","category-cnbb"],"_links":{"self":[{"href":"https:\/\/catolicanet.net\/wp-cnet\/wp-json\/wp\/v2\/posts\/1922","targetHints":{"allow":["GET"]}}],"collection":[{"href":"https:\/\/catolicanet.net\/wp-cnet\/wp-json\/wp\/v2\/posts"}],"about":[{"href":"https:\/\/catolicanet.net\/wp-cnet\/wp-json\/wp\/v2\/types\/post"}],"author":[{"embeddable":true,"href":"https:\/\/catolicanet.net\/wp-cnet\/wp-json\/wp\/v2\/users\/1"}],"replies":[{"embeddable":true,"href":"https:\/\/catolicanet.net\/wp-cnet\/wp-json\/wp\/v2\/comments?post=1922"}],"version-history":[{"count":1,"href":"https:\/\/catolicanet.net\/wp-cnet\/wp-json\/wp\/v2\/posts\/1922\/revisions"}],"predecessor-version":[{"id":6950,"href":"https:\/\/catolicanet.net\/wp-cnet\/wp-json\/wp\/v2\/posts\/1922\/revisions\/6950"}],"wp:attachment":[{"href":"https:\/\/catolicanet.net\/wp-cnet\/wp-json\/wp\/v2\/media?parent=1922"}],"wp:term":[{"taxonomy":"category","embeddable":true,"href":"https:\/\/catolicanet.net\/wp-cnet\/wp-json\/wp\/v2\/categories?post=1922"},{"taxonomy":"post_tag","embeddable":true,"href":"https:\/\/catolicanet.net\/wp-cnet\/wp-json\/wp\/v2\/tags?post=1922"}],"curies":[{"name":"wp","href":"https:\/\/api.w.org\/{rel}","templated":true}]}}