{"id":19219,"date":"2016-11-07T13:12:31","date_gmt":"2016-11-07T15:12:31","guid":{"rendered":"http:\/\/catolicanet.net\/wp-cnet\/2016\/11\/07\/morre-bispo-emerito-de-dourados-ms\/"},"modified":"2017-05-29T15:17:59","modified_gmt":"2017-05-29T18:17:59","slug":"morre-bispo-emerito-de-dourados-ms","status":"publish","type":"post","link":"https:\/\/catolicanet.net\/wp-cnet\/morre-bispo-emerito-de-dourados-ms\/","title":{"rendered":"Morre bispo em\u00e9rito de Dourados (MS)"},"content":{"rendered":"<p style=\"text-align: justify;\"><img decoding=\"async\" src=\"http:\/\/www.catolicanet.com.br\/images\/stories\/bispos\/dom-rizzardo.jpg\" border=\"0\" align=\"left\" \/>Corpo deve ser enterrado nesta segunda-feira, 7<\/p>\n<p>Morreu aos 77 anos, no domingo, 6, o bispo em\u00e9rito de Dourados (MS) dom Redovino Rizzardo. Ele fazia tratamento contra o c\u00e2ncer de pr\u00f3stata e estava internado no Hospital do Cora\u00e7\u00e3o. Dom Redovino foi ordenado bispo de Dourados em 2001 e no ano passado renunciou ao cargo, de acordo com as normas do Direito Can\u00f4nico, por quest\u00e3o de idade. Desde ent\u00e3o, dedicou-se ao tratamento de sa\u00fade. O vel\u00f3rio come\u00e7ou na noite de domingo, 6, na catedral Imaculada Concei\u00e7\u00e3o, e corpo deve ser enterrado no final da tarde desta segunda-feira, 7, logo ap\u00f3s missa de encomenda\u00e7\u00e3o, presidida pelo arcebispo de Campo Grande (MS), dom Dimas Lara Barbosa. <\/p>\n<p>Hist\u00f3ria <\/p>\n<p>Natural de Bento Gon\u00e7alves (RS), dom Redovino nasceu em 12 de abril de 1939. Muito jovem, iniciou sua vida religiosa na Congrega\u00e7\u00e3o dos Mission\u00e1rios de S\u00e3o Carlos &#8211; Scalabrinianos, sendo ordenado sacerdote aos 28 anos. Durante sua vida sacerdotal, antes do episcopado, foi vig\u00e1rio paroquial; diretor do Centro de Estudos Migrat\u00f3rios da Congrega\u00e7\u00e3o e assessor do Setor de Migra\u00e7\u00f5es do Regional Sul 3 da Confer\u00eancia Nacional dos Bispos do Brasil (CNBB); diretor do Centro Scalabriniano de Forma\u00e7\u00e3o e Espiritualidade, em Guapor\u00e9 (RS). Em 2001, foi nomeado pelo papa Jo\u00e3o Paulo II para ser bispo coadjutor de dom Alberto F\u00f6rst, tornando-se o quinto bispo diocesano de Dourados. Muito ligado aos meios de comunica\u00e7\u00e3o, dom Redovino escreveu alguns livros, entre eles S\u00e3o Carlos Borromeu (Paulinas); Jo\u00e3o Bastista Scalabrini (Paulinas) e A Imigra\u00e7\u00e3o Italiana na Am\u00e9rica Latina (Est). <\/p>\n<p>Atividades como Bispo <\/p>\n<p>Bispo coadjutor de Dourados (MS) (2001); secret\u00e1rio regional da CNBB Oeste 1 (2003 a 2006 e 2007 a 2010); bispo referencial para as Pastorais do Migrante, para Liturgia e o Ecumenismo; vice-presidente do regional Oeste 1 (2001 a 2015).<\/p>\n<p>Com informa\u00e7\u00f5es da Arquidiocese de Campo Grande (MS).<\/p>\n<p style=\"text-align: justify;\">\u00a0<\/p>\n<p style=\"text-align: justify;\">Fonte: CNBB<\/p>\n","protected":false},"excerpt":{"rendered":"<p>Corpo deve ser enterrado nesta segunda-feira, 7 Morreu aos 77 anos, no domingo, 6, o bispo em\u00e9rito de Dourados (MS) dom Redovino Rizzardo. Ele fazia tratamento contra o c\u00e2ncer de pr\u00f3stata e estava internado no Hospital do Cora\u00e7\u00e3o. Dom Redovino foi ordenado bispo de Dourados em 2001 e no ano passado renunciou ao cargo, de [&hellip;]<\/p>\n","protected":false},"author":1,"featured_media":19218,"comment_status":"open","ping_status":"open","sticky":false,"template":"","format":"standard","meta":{"footnotes":""},"categories":[4],"tags":[],"class_list":["post-19219","post","type-post","status-publish","format-standard","has-post-thumbnail","hentry","category-cotidiano"],"_links":{"self":[{"href":"https:\/\/catolicanet.net\/wp-cnet\/wp-json\/wp\/v2\/posts\/19219","targetHints":{"allow":["GET"]}}],"collection":[{"href":"https:\/\/catolicanet.net\/wp-cnet\/wp-json\/wp\/v2\/posts"}],"about":[{"href":"https:\/\/catolicanet.net\/wp-cnet\/wp-json\/wp\/v2\/types\/post"}],"author":[{"embeddable":true,"href":"https:\/\/catolicanet.net\/wp-cnet\/wp-json\/wp\/v2\/users\/1"}],"replies":[{"embeddable":true,"href":"https:\/\/catolicanet.net\/wp-cnet\/wp-json\/wp\/v2\/comments?post=19219"}],"version-history":[{"count":1,"href":"https:\/\/catolicanet.net\/wp-cnet\/wp-json\/wp\/v2\/posts\/19219\/revisions"}],"predecessor-version":[{"id":24153,"href":"https:\/\/catolicanet.net\/wp-cnet\/wp-json\/wp\/v2\/posts\/19219\/revisions\/24153"}],"wp:featuredmedia":[{"embeddable":true,"href":"https:\/\/catolicanet.net\/wp-cnet\/wp-json\/wp\/v2\/media\/19218"}],"wp:attachment":[{"href":"https:\/\/catolicanet.net\/wp-cnet\/wp-json\/wp\/v2\/media?parent=19219"}],"wp:term":[{"taxonomy":"category","embeddable":true,"href":"https:\/\/catolicanet.net\/wp-cnet\/wp-json\/wp\/v2\/categories?post=19219"},{"taxonomy":"post_tag","embeddable":true,"href":"https:\/\/catolicanet.net\/wp-cnet\/wp-json\/wp\/v2\/tags?post=19219"}],"curies":[{"name":"wp","href":"https:\/\/api.w.org\/{rel}","templated":true}]}}