{"id":19204,"date":"2016-11-04T16:29:08","date_gmt":"2016-11-04T18:29:08","guid":{"rendered":"http:\/\/catolicanet.net\/wp-cnet\/2016\/11\/04\/como-permitir-de-forma-adequada-o-uso-do-computador-e-da-tv-pelos-filhos-pequenos\/"},"modified":"2017-05-30T16:29:23","modified_gmt":"2017-05-30T19:29:23","slug":"como-permitir-de-forma-adequada-o-uso-do-computador-e-da-tv-pelos-filhos-pequenos","status":"publish","type":"post","link":"https:\/\/catolicanet.net\/wp-cnet\/como-permitir-de-forma-adequada-o-uso-do-computador-e-da-tv-pelos-filhos-pequenos\/","title":{"rendered":"Como permitir de forma adequada o uso do computador e da TV pelos filhos pequenos"},"content":{"rendered":"<p style=\"text-align: justify;\"><img decoding=\"async\" src=\"http:\/\/www.catolicanet.com.br\/images\/stories\/noticias\/gettyimages-607976125-e1477340584274.jpg\" border=\"0\" align=\"left\" \/>os pais devem procurar participar da tecnologia com seus filhos, assumindo o papel de \u201cmentor de m\u00eddia\u201d, ao inv\u00e9s de usar os computadores como bab\u00e1s<\/p>\n<p>Recentemente, a Academia Americana de Pediatria (AAP) mudou suas recomenda\u00e7\u00f5es de quanto tempo deve ser permitido ficar na frente do celular ou computador para crian\u00e7as com at\u00e9 dois anos de idade. Eles \u201csuspenderam a proibi\u00e7\u00e3o\u201d para crian\u00e7as mais jovens.<\/p>\n<p>Tentei limitar seriamente o tempo dos meus filhos. H\u00e1 alguns anos eu li sobre a recomenda\u00e7\u00e3o inicial da AAP que crian\u00e7as menores de dois anos n\u00e3o deveriam ficar em frente ao celular ou computador, e com o meu primeiro filho eu era inflex\u00edvel sobre isso. At\u00e9 mesmo o Papa Francisco declarou na m\u00eddia social que passar muito tempo na frente dos computadores \u00e9 um grande problema e pode afetar negativamente a vida familiar.<\/p>\n<p>Muito tempo na frente dos computadores tem o potencial de nos levar para longe de nossas fam\u00edlias, de nos expor e expor nossos filhos a conte\u00fados que podem ser prejudiciais e in\u00fateis, pelo menos. Ent\u00e3o toda vez que eu era \u201cfraca\u201d e deixava meu filho ficar no computador, eu ficava com um sentimento de culpa e vergonha sobre quebrar as regras de tecnologia. Agora, gr\u00e1vida do meu terceiro filho, eu relaxei um pouco, mas eu concordo que o computador pode ser fascinante para as crian\u00e7as e pode ajud\u00e1-las a procurar experi\u00eancias do mundo real que elas necessitam aprender para crescer.<\/p>\n<p>Ent\u00e3o, quando li pela primeira vez esta nova recomenda\u00e7\u00e3o, eu pensei que a AAP apenas sucumbiu \u00e0 press\u00e3o dos pais (ou talvez at\u00e9 mesmo a press\u00e3o de empresas de tecnologia!) para parar de se sentir culpada por algo t\u00e3o presente em nossa cultura \u2013 quando, na realidade, muito tempo na frente do computador \u00e9 inerentemente prejudicial.<\/p>\n<p>Mas depois de aprofundar sobre a recente declara\u00e7\u00e3o da AAP sobre a quest\u00e3o, creio que realmente seja uma diferenciada orienta\u00e7\u00e3o, e at\u00e9 mesmo o Papa provavelmente concordaria. A AAP certamente n\u00e3o est\u00e1 a favor de um uso da tecnologia sem crit\u00e9rios para todos. Em vez disso, a organiza\u00e7\u00e3o est\u00e1 se concentrando apenas em como usar as telas de computadores, celulares etc., de uma maneira que seja produtiva, educacional, de refor\u00e7o moral e constru\u00e7\u00e3o de relacionamento: a orienta\u00e7\u00e3o agora diz que os computadores que s\u00e3o usados para conectar e comunicar est\u00e3o liberados para as crian\u00e7as e, al\u00e9m disso, os pais devem procurar participar da tecnologia com seus filhos, assumindo o papel de \u201cmentor de m\u00eddia\u201d, ao inv\u00e9s de usar os computadores como bab\u00e1s.<\/p>\n<p>Esta \u00e9 uma abordagem muito mais sens\u00edvel do que simplesmente proibir toda e qualquer tecnologia antes de completar dois anos de idade \u2013 algo que muitos pais acham quase imposs\u00edvel de qualquer maneira, especialmente quando h\u00e1 irm\u00e3os mais velhos.<\/p>\n<p>Dra. Jenny Radesky, membro do Conselho da AAP, disse em uma declara\u00e7\u00e3o recente que: \u201cO objetivo \u00e9 que os pais e cuidadores preparem as crian\u00e7as para crescer em um mundo saturado de m\u00eddia, desde a inf\u00e2ncia (com conversas com v\u00eddeo), passando pela primeira inf\u00e2ncia (quando as aplica\u00e7\u00f5es devem ser escolhidas de forma sensata e utilizadas em conjunto com as crian\u00e7as), chegando \u00e0 pr\u00e9-escola (quando os programas eficazes, tais como Vila S\u00e9samo, podem ajud\u00e1-los a aprender comportamentos pr\u00f3-sociais ou novas id\u00e9ias para envolver suas mentes)\u201d.<\/p>\n<p>Outra especialista, Dra. Devorah Heitner, autora do novo livro Raising Digital Natives, concorda com a revis\u00e3o das regras da AAP. \u201cEu n\u00e3o acho que a maioria dos pais estivessem apenas esperando a permiss\u00e3o para entregar o iPad aos seus filhos com 18 meses de idade, por isso \u00e9 melhor reconhecer esse fato e olhar para a qualidade do tempo na frente do computador, ao inv\u00e9s de negar e fingir que n\u00e3o \u00e9 acontecendo\u201d.<\/p>\n<p>Ela tamb\u00e9m afirma que, hoje em dia, o tempo no computador \u2013 especialmente para as crian\u00e7as mais velhas \u2013 n\u00e3o \u00e9 nada parecido com o tempo que tivemos na nossa inf\u00e2ncia. Ao inv\u00e9s de simplesmente sentar em frente \u00e0 TV, a internet abriu novas formas infinitas de aprendizagem para as crian\u00e7as \u2013 seja assistindo a um v\u00eddeo, seja criando um blog, se conectando com amigos, ou compondo uma m\u00fasica. O foco deve ser a aprendizagem ativa, criando e cooperando.<\/p>\n<p>Eu confesso que como sendo m\u00e3e que trabalha em casa, \u00e0s vezes meu padr\u00e3o \u00e9 ligar a televis\u00e3o para que eu possa terminar meu trabalho. E enquanto esta situa\u00e7\u00e3o n\u00e3o \u00e9 ideal, \u00e9 aceit\u00e1vel de vez em quando. Mas, ao inv\u00e9s de me sentir automaticamente culpada, eu acolhi a mudan\u00e7a da AAP e estou escolhendo uma programa\u00e7\u00e3o de qualidade.<\/p>\n<p>Eu tamb\u00e9m estou aliviada de poder usar o computador de outras formas em nossas vidas \u2013 \u00e0s vezes n\u00f3s temos festas familiares e usamos v\u00eddeos de m\u00fasica, olhamos v\u00eddeos ou fotos da surpreendente cria\u00e7\u00e3o de Deus, conversamos ao vivo com familiares e amigos que est\u00e3o distante, ou apenas assistimos a pandas ador\u00e1veis e c\u00e3es hilariantes fazendo coisas engra\u00e7adas. S\u00e3o coisas boas que de alguma forma eu estou experimentando junto com a minha fam\u00edlia. Ao inv\u00e9s de deixar a culpa me assombrar cada vez que uso a tecnologia de uma forma positiva e produtiva, eu estou escolhendo ser grata pelo acesso \u00e0 fam\u00edlia, aos amigos, \u00e0s informa\u00e7\u00f5es e todas as outras coisas boas e dignas dispon\u00edveis para n\u00f3s por causa da tecnologia.<\/p>\n<p style=\"text-align: justify;\">\u00a0<\/p>\n<p style=\"text-align: justify;\">Fonte: Aleteia<\/p>\n","protected":false},"excerpt":{"rendered":"<p>os pais devem procurar participar da tecnologia com seus filhos, assumindo o papel de \u201cmentor de m\u00eddia\u201d, ao inv\u00e9s de usar os computadores como bab\u00e1s Recentemente, a Academia Americana de Pediatria (AAP) mudou suas recomenda\u00e7\u00f5es de quanto tempo deve ser permitido ficar na frente do celular ou computador para crian\u00e7as com at\u00e9 dois anos de [&hellip;]<\/p>\n","protected":false},"author":1,"featured_media":19203,"comment_status":"open","ping_status":"open","sticky":false,"template":"","format":"standard","meta":{"footnotes":""},"categories":[4],"tags":[],"class_list":["post-19204","post","type-post","status-publish","format-standard","has-post-thumbnail","hentry","category-cotidiano"],"_links":{"self":[{"href":"https:\/\/catolicanet.net\/wp-cnet\/wp-json\/wp\/v2\/posts\/19204","targetHints":{"allow":["GET"]}}],"collection":[{"href":"https:\/\/catolicanet.net\/wp-cnet\/wp-json\/wp\/v2\/posts"}],"about":[{"href":"https:\/\/catolicanet.net\/wp-cnet\/wp-json\/wp\/v2\/types\/post"}],"author":[{"embeddable":true,"href":"https:\/\/catolicanet.net\/wp-cnet\/wp-json\/wp\/v2\/users\/1"}],"replies":[{"embeddable":true,"href":"https:\/\/catolicanet.net\/wp-cnet\/wp-json\/wp\/v2\/comments?post=19204"}],"version-history":[{"count":1,"href":"https:\/\/catolicanet.net\/wp-cnet\/wp-json\/wp\/v2\/posts\/19204\/revisions"}],"predecessor-version":[{"id":24982,"href":"https:\/\/catolicanet.net\/wp-cnet\/wp-json\/wp\/v2\/posts\/19204\/revisions\/24982"}],"wp:featuredmedia":[{"embeddable":true,"href":"https:\/\/catolicanet.net\/wp-cnet\/wp-json\/wp\/v2\/media\/19203"}],"wp:attachment":[{"href":"https:\/\/catolicanet.net\/wp-cnet\/wp-json\/wp\/v2\/media?parent=19204"}],"wp:term":[{"taxonomy":"category","embeddable":true,"href":"https:\/\/catolicanet.net\/wp-cnet\/wp-json\/wp\/v2\/categories?post=19204"},{"taxonomy":"post_tag","embeddable":true,"href":"https:\/\/catolicanet.net\/wp-cnet\/wp-json\/wp\/v2\/tags?post=19204"}],"curies":[{"name":"wp","href":"https:\/\/api.w.org\/{rel}","templated":true}]}}