{"id":1919,"date":"2012-06-22T18:07:43","date_gmt":"2012-06-22T21:07:43","guid":{"rendered":"http:\/\/catolicanet.net\/wp-cnet\/papa-aos-bispos-colombianos-qacolher-com-amor-pessoas-que-sofremq\/"},"modified":"2017-03-21T11:56:32","modified_gmt":"2017-03-21T14:56:32","slug":"papa-aos-bispos-colombianos-qacolher-com-amor-pessoas-que-sofremq","status":"publish","type":"post","link":"https:\/\/catolicanet.net\/wp-cnet\/papa-aos-bispos-colombianos-qacolher-com-amor-pessoas-que-sofremq\/","title":{"rendered":"Papa aos bispos colombianos: &#8220;Acolher com amor pessoas que sofrem&#8221;"},"content":{"rendered":"<p style=\"text-align: justify;\"><img decoding=\"async\" src=\"http:\/\/catolicanet.com.br\/images\/stories\/papaebisposcolombianos.png\" border=\"0\" align=\"left\" \/>Na manh\u00e3 desta sexta-feira, 22, o Pont\u00edfice recebeu na Sala do Consist\u00f3rio, no Vaticano, um grupo de 37 bispos da Confer\u00eancia Episcopal da Col\u00f4mbia que est\u00e3o realizando sua visita quinquenal ad Limina Apostolorum. O Presidente da Confer\u00eancia, Arcebispo de Bogot\u00e1, Dom Rub\u00e9n Salazar G\u00f3mez, abriu o encontro apresentando a Bento XVI as realidades e os desafios que mais preocupam as comunidades de f\u00e9 colombianas.<\/p>\n<p>Em resposta, o Papa disse estar consciente da atual crise de valores espirituais e morais, e neste sentido, incentivou os bispos a prosseguirem com tenacidade na atua\u00e7\u00e3o do Plano Global estabelecido pela Confer\u00eancia para 2012-2020, assimilando tamb\u00e9m as propostas do Ano da F\u00e9 para ilustrar seu magist\u00e9rio e irrigar beneficamente seu apostolado.<\/p>\n<p>Ao considerar o crescente pluralismo religioso, Bento XVI alertou que a presen\u00e7a cada vez mais ativa de comunidades pentecostais e evang\u00e9licas na Col\u00f4mbia e em toda a Am\u00e9rica Latina n\u00e3o deve ser subestimada:<\/p>\n<p>\u0093Muitas vezes, a pessoa sincera que sai de nossa Igreja n\u00e3o o faz pelo que os grupos \u0093n\u00e3o cat\u00f3licos\u0094 cr\u00eaem, mas fundamentalmente por causa de como eles vivem; n\u00e3o por raz\u00f5es doutrinais, mas vivenciais; n\u00e3o por motivos estritamente dogm\u00e1ticos, mas pastorais; n\u00e3o por problemas teol\u00f3gicos, mas metodol\u00f3gicos de nossa Igreja. Esperam encontrar respostas a suas inquieta\u00e7\u00f5es. Procuram, n\u00e3o sem s\u00e9rios perigos, responder a algumas aspira\u00e7\u00f5es que, quem sabe, n\u00e3o t\u00eam encontrado, como deveria ser, na Igreja\u0094.<\/p>\n<p>A seguir o Papa abordou a quest\u00e3o da viol\u00eancia, pedindo aos bispos que acompanhem e assistam amorosamente as pessoas provadas, de modo especial as v\u00edtimas de desastres naturais, as mais pobres, os camponeses, enfermos e aflitos, multiplicando as iniciativas de solidariedade e as obras de miseric\u00f3rdia em seu benef\u00edcio.<\/p>\n<p>\u0093N\u00e3o se esque\u00e7am tamb\u00e9m daqueles que s\u00e3o for\u00e7ados a emigrar de seu pa\u00eds porque perderam ou n\u00e3o encontraram trabalho; que t\u00eam seus direitos fundamentais avassalados, que deixam suas casas, fam\u00edlias e filhos sob a amea\u00e7a da obscura m\u00e3o do terror e da criminalidade; daqueles que ca\u00edram na rede infausta do com\u00e9rcio de drogas e armas\u0094.<\/p>\n<p>Finalizando, o Pont\u00edfice encorajou os pastores a favorecerem nos fi\u00e9is seu encontro pessoal com Jesus Cristo para que rezem sem desanimar, meditem com assiduidade a Palavra de Deus e participem digna e fervorosamente dos sacramentos.<\/p>\n<p>Fonte: R\u00e1dio Vaticano<br \/>Local: Cidade do Vaticano<\/p>\n","protected":false},"excerpt":{"rendered":"<p>Na manh\u00e3 desta sexta-feira, 22, o Pont\u00edfice recebeu na Sala do Consist\u00f3rio, no Vaticano, um grupo de 37 bispos da Confer\u00eancia Episcopal da Col\u00f4mbia que est\u00e3o realizando sua visita quinquenal ad Limina Apostolorum. O Presidente da Confer\u00eancia, Arcebispo de Bogot\u00e1, Dom Rub\u00e9n Salazar G\u00f3mez, abriu o encontro apresentando a Bento XVI as realidades e os [&hellip;]<\/p>\n","protected":false},"author":1,"featured_media":0,"comment_status":"closed","ping_status":"closed","sticky":false,"template":"","format":"standard","meta":{"footnotes":""},"categories":[7],"tags":[],"class_list":["post-1919","post","type-post","status-publish","format-standard","hentry","category-cnbb"],"_links":{"self":[{"href":"https:\/\/catolicanet.net\/wp-cnet\/wp-json\/wp\/v2\/posts\/1919","targetHints":{"allow":["GET"]}}],"collection":[{"href":"https:\/\/catolicanet.net\/wp-cnet\/wp-json\/wp\/v2\/posts"}],"about":[{"href":"https:\/\/catolicanet.net\/wp-cnet\/wp-json\/wp\/v2\/types\/post"}],"author":[{"embeddable":true,"href":"https:\/\/catolicanet.net\/wp-cnet\/wp-json\/wp\/v2\/users\/1"}],"replies":[{"embeddable":true,"href":"https:\/\/catolicanet.net\/wp-cnet\/wp-json\/wp\/v2\/comments?post=1919"}],"version-history":[{"count":1,"href":"https:\/\/catolicanet.net\/wp-cnet\/wp-json\/wp\/v2\/posts\/1919\/revisions"}],"predecessor-version":[{"id":6947,"href":"https:\/\/catolicanet.net\/wp-cnet\/wp-json\/wp\/v2\/posts\/1919\/revisions\/6947"}],"wp:attachment":[{"href":"https:\/\/catolicanet.net\/wp-cnet\/wp-json\/wp\/v2\/media?parent=1919"}],"wp:term":[{"taxonomy":"category","embeddable":true,"href":"https:\/\/catolicanet.net\/wp-cnet\/wp-json\/wp\/v2\/categories?post=1919"},{"taxonomy":"post_tag","embeddable":true,"href":"https:\/\/catolicanet.net\/wp-cnet\/wp-json\/wp\/v2\/tags?post=1919"}],"curies":[{"name":"wp","href":"https:\/\/api.w.org\/{rel}","templated":true}]}}