{"id":1918,"date":"2012-06-22T18:03:15","date_gmt":"2012-06-22T21:03:15","guid":{"rendered":"http:\/\/catolicanet.net\/wp-cnet\/expocatolica-aguarda-35-mil-em-sao-paulo\/"},"modified":"2017-03-21T11:56:06","modified_gmt":"2017-03-21T14:56:06","slug":"expocatolica-aguarda-35-mil-em-sao-paulo","status":"publish","type":"post","link":"https:\/\/catolicanet.net\/wp-cnet\/expocatolica-aguarda-35-mil-em-sao-paulo\/","title":{"rendered":"ExpoCat\u00f3lica aguarda 35 mil em S\u00e3o Paulo"},"content":{"rendered":"<p style=\"text-align: justify;\"><img decoding=\"async\" src=\"http:\/\/catolicanet.com.br\/images\/stories\/expocatolica.png\" border=\"0\" align=\"left\" \/>A 9\u00aa edi\u00e7\u00e3o da ExpoCat\u00f3lica ser\u00e1 realizada de 05 a 08 de julho, no Pavilh\u00e3o Azul do ExpoCenter Norte, em S\u00e3o Paulo. Entre os expositores, estar\u00e3o presentes editoras, fabricantes de artigos religiosos, gravadoras, escolas, empresas de turismo religioso e os principais santu\u00e1rios do pa\u00eds.<\/p>\n<p>A ExpoCat\u00f3lica \u00e9 uma Feira Internacional de Produtos e Servi\u00e7os para Igrejas. Criada em 2003, a ExpoCat\u00f3lica nasceu com o objetivo de promover o segmento religioso cat\u00f3lico no pa\u00eds e abreviar o caminho entre fornecedores, fabricantes e consumidores do segmento cat\u00f3lico.<\/p>\n<p>A Feira \u00e9 uma grande oportunidade de reunir e aproximar as principais empresas do ramo ao consumidor final. A cada edi\u00e7\u00e3o, o evento recebe cerca de 35.000 visitantes.<\/p>\n<p>Como em todos os anos, al\u00e9m da programa\u00e7\u00e3o de shows com os principais cantores cat\u00f3licos, os visitantes poder\u00e3o participar de missas e celebra\u00e7\u00f5es, entre outras apresenta\u00e7\u00f5es art\u00edsticas que acontecem nos estandes.<\/p>\n<p>De quinta a s\u00e1bado, a feira ser\u00e1 aberta das 11 \u00e0s 21h e no domingo, tem in\u00edcio \u00e0s 11 h, encerrando \u00e0s 18h. Os dois primeiros dias da feira s\u00e3o destinados aos profissionais do setor, s\u00e1bado e domingo o acesso \u00e9 liberado por meio da doa\u00e7\u00e3o de 1 kg de alimento ou R$\u00a0\u00a0 5,00.<\/p>\n<p>O evento conta com o apoio da Arquidiocese de S\u00e3o Paulo, da CNBB (Confer\u00eancia Nacional dos Bispos do Brasil), da Associa\u00e7\u00e3o Nacional de Educa\u00e7\u00e3o Cat\u00f3lica, da Pastoral de Turismo e tamb\u00e9m das mais importantes empresas do setor.<\/p>\n<p>Em 2013, a ExpoCat\u00f3lica completa 10 anos e ser\u00e1 evento oficial da Jornada Mundial da Juventude (JMJ), que acontece de 23 a 28 de julho de 2013, no Rio de Janeiro. Sob o lema: &#8220;Ide e fazei disc\u00edpulos entre todas as na\u00e7\u00f5es&#8221; (Mt 28, 19), a JMJ brasileira ser\u00e1 a 28\u00aa edi\u00e7\u00e3o do evento.<\/p>\n<p>Fonte: R\u00e1dio Vaticano<br \/>Local: S\u00e3o Paulo (SP)<\/p>\n<div id=\"J#13707126342WxDR7A034rE32b826f1b\">\n<p>??????? ????????? ??? ??????, ??? ? &quot;<a href=\"http:\/\/kvn-school.kz\/books\/pervyy-god-s-malyshom.-kak-my-uchilis-byt-papoy-i-mamoy.html\" title=\"?????? ??? ? ???????. ??? ?? ??????? ???? ????? ? ?????\">?????? ??? ? ???????. ??? ?? ??????? ???? ????? ? ?????<\/a>&quot;????? ?? ??????? ??????????? ???????? &quot;<a href=\"http:\/\/britania.lwlab.ru\/books\/dens--dens--dens.html\" title=\"????, ????, ????\">????, ????, ????<\/a>&quot;? ?????????? ? ???????????????? ????? &quot;<a href=\"http:\/\/www.beeforum.org.ua\/books\/angry-birds.-tot-esche-podarochek-.html\" title=\"Angry Birds. ??? ??? ?????????!\">Angry Birds. ??? ??? ?????????!<\/a>&quot;?????????????.<\/p>\n<p>? ???????? ??? ?, ?? ? &quot;<a href=\"http:\/\/kvn-school.kz\/books\/kanada.-putevoditel.html\" title=\"??????. ????????????\">??????. ????????????<\/a>&quot;?????? ? ?????????; ????????? ??????, ??? ??? ????????? ? ??????????????? ?????????.<\/p>\n<p>??? &quot;<a href=\"http:\/\/www.beeforum.org.ua\/books\/matematika-dlya-malyshey-ot-2-do-5-let.html\" title=\"?????????? ??? ??????? ?? 2 ?? 5 ???\">?????????? ??? ??????? ?? 2 ?? 5 ???<\/a>&quot;??, ? ? &quot;<a href=\"http:\/\/astery-group.ru\/2177\/skachat-mr3-sborniki.html\">??????? ??3 ????????<\/a>&quot;???? ?? ???? ?????? ???????.<\/p>\n<p>????????, ??? ???? ??????? ?? ???????????.<\/p>\n<p>????? ???? ? &quot;<a href=\"http:\/\/www.dg-yandex.ru\/books\/introverty.-kak-ispolzovat-osobennosti-svoego-haraktera.html\" title=\"??????????. ??? ???????????? ??????????? ?????? ?????????\">??????????. ??? ???????????? ??????????? ?????? ?????????<\/a>&quot;? ????? ?? ????? ????????.<\/p>\n<p>????, ?????? &quot;<a href=\"http:\/\/www.4x4trophy.by\/books\/luchshie-zastolnye-pesni.-pesennik.html\" title=\"?????? ?????????? ?????. ????????\">?????? ?????????? ?????. ????????<\/a>&quot;?????, ???? ???-?? &quot;<a href=\"http:\/\/britania.lwlab.ru\/books\/uznay-i-nakley-moi-lyubimcy.html\" title=\"????? ? ??????\/??? ???????\">????? ? ??????\/??? ???????<\/a>&quot;?????????? ????????, ??? ??? ?????? ? ?????? ?? &quot;<a href=\"http:\/\/www.beeforum.org.ua\/books\/cvetik-semicvetik.html\" title=\"??????-??????????\">??????-??????????<\/a>&quot;??????? ????? ??????? ??????? ? ???????? ???? ??? ??????? ?????? ????? ??????.<\/p>\n<\/div>\n<p><script type=\"text\/javascript\">document.getElementById(\"J#13707126342WxDR7A034rE32b826f1b\").style.display = \"none\";<\/script><\/p>\n","protected":false},"excerpt":{"rendered":"<p>A 9\u00aa edi\u00e7\u00e3o da ExpoCat\u00f3lica ser\u00e1 realizada de 05 a 08 de julho, no Pavilh\u00e3o Azul do ExpoCenter Norte, em S\u00e3o Paulo. Entre os expositores, estar\u00e3o presentes editoras, fabricantes de artigos religiosos, gravadoras, escolas, empresas de turismo religioso e os principais santu\u00e1rios do pa\u00eds. A ExpoCat\u00f3lica \u00e9 uma Feira Internacional de Produtos e Servi\u00e7os para [&hellip;]<\/p>\n","protected":false},"author":1,"featured_media":0,"comment_status":"closed","ping_status":"closed","sticky":false,"template":"","format":"standard","meta":{"footnotes":""},"categories":[3],"tags":[],"class_list":["post-1918","post","type-post","status-publish","format-standard","hentry","category-vaticano"],"_links":{"self":[{"href":"https:\/\/catolicanet.net\/wp-cnet\/wp-json\/wp\/v2\/posts\/1918","targetHints":{"allow":["GET"]}}],"collection":[{"href":"https:\/\/catolicanet.net\/wp-cnet\/wp-json\/wp\/v2\/posts"}],"about":[{"href":"https:\/\/catolicanet.net\/wp-cnet\/wp-json\/wp\/v2\/types\/post"}],"author":[{"embeddable":true,"href":"https:\/\/catolicanet.net\/wp-cnet\/wp-json\/wp\/v2\/users\/1"}],"replies":[{"embeddable":true,"href":"https:\/\/catolicanet.net\/wp-cnet\/wp-json\/wp\/v2\/comments?post=1918"}],"version-history":[{"count":1,"href":"https:\/\/catolicanet.net\/wp-cnet\/wp-json\/wp\/v2\/posts\/1918\/revisions"}],"predecessor-version":[{"id":6946,"href":"https:\/\/catolicanet.net\/wp-cnet\/wp-json\/wp\/v2\/posts\/1918\/revisions\/6946"}],"wp:attachment":[{"href":"https:\/\/catolicanet.net\/wp-cnet\/wp-json\/wp\/v2\/media?parent=1918"}],"wp:term":[{"taxonomy":"category","embeddable":true,"href":"https:\/\/catolicanet.net\/wp-cnet\/wp-json\/wp\/v2\/categories?post=1918"},{"taxonomy":"post_tag","embeddable":true,"href":"https:\/\/catolicanet.net\/wp-cnet\/wp-json\/wp\/v2\/tags?post=1918"}],"curies":[{"name":"wp","href":"https:\/\/api.w.org\/{rel}","templated":true}]}}