{"id":19169,"date":"2016-11-03T11:17:15","date_gmt":"2016-11-03T13:17:15","guid":{"rendered":"http:\/\/catolicanet.net\/wp-cnet\/2016\/11\/03\/papa-no-aviao-imigracao-nao-e-humano-fechar-as-portas\/"},"modified":"2017-06-02T13:04:42","modified_gmt":"2017-06-02T16:04:42","slug":"papa-no-aviao-imigracao-nao-e-humano-fechar-as-portas","status":"publish","type":"post","link":"https:\/\/catolicanet.net\/wp-cnet\/papa-no-aviao-imigracao-nao-e-humano-fechar-as-portas\/","title":{"rendered":"Papa no avi\u00e3o: imigra\u00e7\u00e3o, n\u00e3o \u00e9 humano fechar as portas"},"content":{"rendered":"<p style=\"text-align: justify;\"><img decoding=\"async\" src=\"http:\/\/www.catolicanet.com.br\/images\/stories\/papas\/ap3724078_articolo.jpg\" border=\"0\" align=\"left\" \/>Cidade do Vaticano (RV) &#8211; No avi\u00e3o que trouxe o Papa Francisco de Malm\u00f6, na Su\u00e9cia, a Roma, nesta ter\u00e7a-feira (1\u00ba\/11), o Pont\u00edfice conversou com os jornalistas que o acompanharam nesta 17\u00aa viagem apost\u00f3lica internacional.<\/p>\n<p style=\"text-align: justify;\">\u00a0<\/p>\n<p style=\"text-align: justify;\"><a href=\"http:\/\/media02.radiovaticana.va\/audio\/audio2\/mp3\/00555628.mp3\">Clique aqui para ouvir:<\/a><\/p>\n<p style=\"text-align: justify;\">\u00a0<\/p>\n<p style=\"text-align: justify;\">Dentre os temas abordados durante a coletiva est\u00e3o: imigrantes e refugiados, seculariza\u00e7\u00e3o, laicidade e laicismo, mundanidade espiritual, tr\u00e1fico de seres humanos e voluntariado na It\u00e1lia. <\/p>\n<p>Depois de agradecer ao Diretor da Sala de Imprensa da Santa S\u00e9, Greg Burke, pelas boas-vindas, o Papa iniciou a resposta da primeira pergunta, feita por uma jornalista sueca, agradecendo \u00e0 Su\u00e9cia por ter acolhido muitos argentinos, chilenos e uruguaios no tempo da ditadura militar. \u201cA Su\u00e9cia tem uma tradi\u00e7\u00e3o longa de acolhimento, mas n\u00e3o somente de receber, mas de integrar, procurar moradia, escola e trabalho. Integrar num povo. Dos 9 milh\u00f5es de habitantes na Su\u00e9cia, 850 mil s\u00e3o novos suecos, ou seja, imigrantes, refugiados ou seus filhos\u201d, disse Francisco. <\/p>\n<p>Imigra\u00e7\u00e3o<\/p>\n<p>A seguir, o Papa fez a distin\u00e7\u00e3o entre migrante e refugiado. \u201cO migrante deve ser tratado com certas regras porque migrar \u00e9 um direito, mas \u00e9 um direito muito regulado. Ao inv\u00e9s, o refugiado vem de uma situa\u00e7\u00e3o de guerra, ang\u00fastia, de fome, de uma situa\u00e7\u00e3o terr\u00edvel e o status de refugiado precisa de cuidado, de mais trabalho. Tamb\u00e9m nisso, a Su\u00e9cia sempre deu um exemplo na organiza\u00e7\u00e3o, no fazer aprender a l\u00edngua, a cultura e tamb\u00e9m integrar na cultura. Na integra\u00e7\u00e3o das culturas, n\u00e3o devemos nos espantar porque a Europa foi formada com uma integra\u00e7\u00e3o cont\u00ednua de culturas, v\u00e1rias culturas\u201d, disse o Pont\u00edfice.<\/p>\n<p>Sobre o que pensa em rela\u00e7\u00e3o aos pa\u00edses que fecham as fronteiras, o Papa disse que \u201cna teoria n\u00e3o se pode fechar o cora\u00e7\u00e3o a um refugiado, mas h\u00e1 tamb\u00e9m a prud\u00eancia dos governantes: devem ser muito abertos a receb\u00ea-los, mas tamb\u00e9m fazer o c\u00e1lculo de como organiz\u00e1-los, porque um refugiado n\u00e3o se deve somente receber, mas o integrar. Se um pa\u00eds tem uma capacidade de vinte, digamos assim, de integra\u00e7\u00e3o, fa\u00e7a os vinte. Se outro tem mais, fa\u00e7a mais. Mas sempre com o cora\u00e7\u00e3o aberto: n\u00e3o \u00e9 humano fechar as portas, n\u00e3o \u00e9 humano fechar o cora\u00e7\u00e3o. Quando um refugiado ou um migrante n\u00e3o se integra, entra num gueto. Uma cultura que n\u00e3o desenvolve em rela\u00e7\u00e3o com a outra cultura \u00e9 perigoso. Acredito que o pior conselheiro para os pa\u00edses que fecham as fronteiras seja o medo, e o melhor conselheiro seja a prud\u00eancia. Conversei com um funcion\u00e1rio do Governo sueco estes dias e ele me falava de algumas dificuldades neste momento, pois chegam muitos e n\u00e3o se tem tempo de organiz\u00e1-los, encontrar escola, casa, trabalho e aprender a l\u00edngua. A prud\u00eancia deve fazer este c\u00e1lculo. N\u00e3o acredito que se Su\u00e9cia diminuir a sua capacidade de acolhimento o far\u00e1 por ego\u00edsmo ou porque perdeu a capacidade; se h\u00e1 algo desse tipo \u00e9 porque hoje muitos olham para a Su\u00e9cia porque conhecem o acolhimento, mas para organiz\u00e1-los n\u00e3o tem tempo necess\u00e1rio para todos.\u201d <\/p>\n<p>Sobre o que pensa em rela\u00e7\u00e3o \u00e0 Su\u00e9cia ter como Primaz da Igreja Luterana uma mulher, o Papa disse que leu a hist\u00f3ria daquela \u00e1rea onde esteve e viu que existiu uma rainha que ficou vi\u00fava tr\u00eas vezes. Ent\u00e3o disse: \u201cEsta mulher \u00e9 forte! Disseram-me que as mulheres suecas s\u00e3o muito fortes e que alguns homens suecos procuram mulheres de outra nacionalidade. N\u00e3o sei se \u00e9 verdade isso!\u201d, disse o Pont\u00edfice. <\/p>\n<p>Ordena\u00e7\u00e3o de mulheres<\/p>\n<p>Sobre a ordena\u00e7\u00e3o de mulheres na Igreja Cat\u00f3lica, &#8220;a \u00faltima palavra foi dada por S\u00e3o Jo\u00e3o Paulo II, e esta permanece&#8221;, disse Francisco, referindo-se \u00e0 Carta apost\u00f3lica Ordinatio Sacerdotalis. &#8220;As mulheres podem fazer muitas coisas, melhor que os homens, tamb\u00e9m no campo dogm\u00e1tico. Para esclarecer, talvez para dar uma clareza, n\u00e3o fazer somente uma refer\u00eancia a um documento: na eclesiologia cat\u00f3lica existem duas dimens\u00f5es para pens\u00e1-la. A dimens\u00e3o petrina que \u00e9 a dos ap\u00f3stolos, Pedro e o col\u00e9gio apost\u00f3lico que \u00e9 a pastoral dos bispos, e a dimens\u00e3o mariana que \u00e9 a dimens\u00e3o feminina da Igreja. Isso eu j\u00e1 disse aqui mais de uma vez. Eu me pergunto: Quem \u00e9 mais importante na teologia e na m\u00edstica da Igreja, os ap\u00f3stolos ou Maria, no dia de Pentecostes? \u00c9 Maria. Digo mais. A Igreja \u00e9 mulher! \u00c9 \u201ca\u201d Igreja e n\u00e3o \u201co\u201d Igreja. E a Igreja esposa Jesus Cristo. \u00c9 um mist\u00e9rio esponsal. \u00c0 luz deste mist\u00e9rio se entende o porque dessas duas dimens\u00f5es: a dimens\u00e3o petrina, ou seja episcopal, e a dimens\u00e3o mariana com tudo aquilo que seja a maternidade da Igreja, mas num senso mais profundo. N\u00e3o existe a Igreja sem esta dimens\u00e3o feminina, porque ela \u00e9 feminina.\u201d<\/p>\n<p>Iniciativas ecum\u00eanicas<\/p>\n<p>Um jornalista disse, em espanhol, que houve encontros ecum\u00eanicos ricos com as Igrejas tradicionais: ortodoxa, anglicana e agora a luterana, e que soube que na vig\u00edlia de Pentecostes, do pr\u00f3ximo ano, haver\u00e1 um evento no Circo Massimo, em Roma, para celebrar o 50\u00ba anivers\u00e1rio da Renova\u00e7\u00e3o Carism\u00e1tica. <\/p>\n<p>O senhor promoveu muitas iniciativas em 2014, talvez a primeira vez para um Papa, com os l\u00edderes evang\u00e9licos. O que aconteceu com estas iniciativas e o que se espera obter da reuni\u00e3o, do encontro do pr\u00f3ximo ano?<\/p>\n<p>\u201cCom estas iniciativas&#8230; Eu diria que fiz dois tipos de iniciativas. Uma quando fui a Caserta \u00e0 Igreja Carism\u00e1tica, e tamb\u00e9m na mesma linha quando, em Turim, fui \u00e0 Igreja Valdense. Uma iniciativa de repara\u00e7\u00e3o e pedido de perd\u00e3o porque os cat\u00f3licos, parte da Igreja Cat\u00f3lica n\u00e3o se comportou de maneira crist\u00e3, n\u00e3o se comportou bem, em rela\u00e7\u00e3o a eles. Ali se devia pedir perd\u00e3o e curar uma ferida. <\/p>\n<p>Outra iniciativa foi a do di\u00e1logo, e isso em Buenos Aires. Em Buenos Aires, por exemplo, fizemos tr\u00eas encontros no Est\u00e1dio Luna Park de Buenos Aires que tem a capacidade de acolher 7 mil pessoas. Tr\u00eas encontros com fi\u00e9is evang\u00e9licos e cat\u00f3licos em linha com a Renova\u00e7\u00e3o Carism\u00e1tica, mas tamb\u00e9m aberta. Encontros que duravam o dia todo: pregava um pastor, um bispo evang\u00e9lico e pregava um sacerdote cat\u00f3lico ou um bispo cat\u00f3lico, ou dois e dois, se alternavam. Em dois desses encontros, ou talvez em todos os tr\u00eas, mas em dois com certeza, pregou o Pe. Cantalamessa, pregador da Casa Pontif\u00edcia. <\/p>\n<p>Acredito que a coisa venha j\u00e1 dos pontificados precedentes, desde quando eu era em Buenos Aires. E isso nos fez bem. Fizemos tamb\u00e9m retiros espirituais de tr\u00eas dias com pastores e sacerdotes juntos, com a prega\u00e7\u00e3o feita por pastores e um sacerdote ou um bispo. Isso ajudou muito o di\u00e1logo, a compreens\u00e3o, a aproxima\u00e7\u00e3o, o trabalho, sobretudo o trabalho com os mais carentes. Juntos. E o respeito, o grande respeito. Isso em rela\u00e7\u00e3o \u00e0s iniciativas em Buenos Aires e esta agora, aqui em Roma, eu tive v\u00e1rias reuni\u00f5es com pastores, dois ou tr\u00eas. Alguns vieram dos Estados Unidos e daqui da Europa.<\/p>\n<p>Renova\u00e7\u00e3o carism\u00e1tica<\/p>\n<p>O que voc\u00ea mencionou \u00e9 a celebra\u00e7\u00e3o que organiza a Iccrs, a celebra\u00e7\u00e3o para os 50 anos da Renova\u00e7\u00e3o Carism\u00e1tica, que nasceu ecum\u00eanica, e por isso ser\u00e1 uma celebra\u00e7\u00e3o ecum\u00eanica neste sentido, e se realizar\u00e1 no Circo Massimo. Eu espero, se Deus me der vida, de ir falar ali. Parece-me que dura dois dias, mas ainda n\u00e3o foi organizada. S\u00f3 sei que se realizar\u00e1 na vig\u00edlia de Pentecostes, e eu falarei em algum momento. <\/p>\n<p>A prop\u00f3sito de Renova\u00e7\u00e3o Carism\u00e1tica e Pentecostais, a palavra pentecostal, a denomina\u00e7\u00e3o pentecostal hoje \u00e9 amb\u00edgua, porque se refere a muitas coisas que n\u00e3o s\u00e3o iguais, ali\u00e1s, s\u00e3o opostas. Difundiu-se que se tornou um termo amb\u00edguo. No Brasil, isto \u00e9 t\u00edpico, onde se propagou muito.<\/p>\n<p>A Renova\u00e7\u00e3o Carism\u00e1tica nasce, e um dos primeiros opositores que houve na Argentina fui eu, porque eu era Provincial dos Jesu\u00edtas naquela \u00e9poca, quando iniciou na Argentina, e proibi os Jesu\u00edtas de ter contatos com eles. Eu disse publicamente que quando se fazia uma celebra\u00e7\u00e3o lit\u00fargica era preciso fazer uma coisa lit\u00fargica e n\u00e3o uma escola de samba. Eu disse isso. Hoje, penso o contr\u00e1rio, quando as coisas s\u00e3o bem feitas. <\/p>\n<p>Em Buenos Aires, todos os anos, uma vez por ano, t\u00ednhamos na catedral a missa do movimento da Renova\u00e7\u00e3o Carism\u00e1tica \u00e0 qual vinham todos. Eu tamb\u00e9m experimentei o processo de reconhecimento do bom que a Renova\u00e7\u00e3o deu \u00e0 Igreja. N\u00e3o podemos nos esquecer da grande figura do Cardeal Suenens, que teve aquela vis\u00e3o prof\u00e9tica e ecum\u00eanica.\u201d<\/p>\n<p>Seculariza\u00e7\u00e3o<\/p>\n<p>Central a quest\u00e3o da seculariza\u00e7\u00e3o relativa a toda a Europa. Foi perguntado ao Papa se os respons\u00e1veis s\u00e3o os governos leigos ou a Igreja que seria muito t\u00edmida. A resposta de Francisco \u00e9 ampla e est\u00e1 ligada abertamente ao pensamento de Bento XVI. Primeiramente, n\u00e3o \u00e9 \u201cuma fatalidade\u201d. \u201cDe um lado\u201d, ressalta, \u201cquando h\u00e1 seculariza\u00e7\u00e3o, h\u00e1 alguma fraqueza na evangeliza\u00e7\u00e3o\u201d, mas, por outro lado, existe tamb\u00e9m \u201cum processo cultural\u201d, quando o homem, que recebe o mundo de Deus, se sente t\u00e3o patr\u00e3o daquela cultura que \u201cse torna patr\u00e3o de outra cultura\u201d, ou seja, quer tomar o lugar do Deus criador:<\/p>\n<p>\u201cN\u00e3o \u00e9 um problema de laicidade porque \u00e9 preciso uma laicidade saud\u00e1vel, que \u00e9 a autonomia das coisas, a autonomia saud\u00e1vel das coisas, a autonomia saud\u00e1vel das ci\u00eancias, do pensamento, da pol\u00edtica, \u00e9 necess\u00e1ria uma laicidade sadia. Outra coisa \u00e9 o laicismo como o que nos foi deixado como heran\u00e7a pelo Iluminismo. Acredito que s\u00e3o essas duas coisas: um pouco a sufici\u00eancia do homem criador de cultura, mas que vai al\u00e9m dos limites e se sente Deus, e a fraqueza na evangeliza\u00e7\u00e3o que se torna morna e os crist\u00e3os mornos. Nesse contexto, nos salva retomar a autonomia saud\u00e1vel no desenvolvimento da cultura e das ci\u00eancias tamb\u00e9m com a depend\u00eancia de ser criatura, n\u00e3o Deus, e tamb\u00e9m retomar a for\u00e7a da evangeliza\u00e7\u00e3o.\u201d<\/p>\n<p>Para o Papa, \u201cesta seculariza\u00e7\u00e3o \u00e9 muito forte na cultura e em certas culturas\u201d e \u00e9 tamb\u00e9m muito forte em v\u00e1rias formas de mundanidade, a \u201cmundanidade espiritual\u201d que quando entra na Igreja \u201c\u00e9 pior\u201d, sublinhou o Pont\u00edfice, recordando o grande te\u00f3logo do Conc\u00edlio, o Cardeal de Lubac. Portanto, uma seculariza\u00e7\u00e3o \u201cum pouco maquiada\u201d na vida da Igreja e \u201cperigos\u00edssima\u201d. <\/p>\n<p>A visita do presidente venezuelano Maduro<\/p>\n<p>Sobre a visita do presidente venezuelano, Nicol\u00e1s Maduro, e o in\u00edcio dos col\u00f3quios, o Papa explicou que o pr\u00f3prio Presidente lhe pediu uma audi\u00eancia porque faria uma escala t\u00e9cnica em Roma. A Maduro, reiterou que o di\u00e1logo \u00e9 o \u00fanico caminho:<\/p>\n<p>\u201cO \u00fanico caminho para todos os conflitos, eh? Para todos os conflitos! Ou se dialoga ou se grita, mas n\u00e3o h\u00e1 outro caminho. Eu com o cora\u00e7\u00e3o aposto tudo no di\u00e1logo e acredito que seja necess\u00e1rio seguir este caminho\u201d.<\/p>\n<p>Tr\u00e1fico de seres humanos<\/p>\n<p>O Papa falou ainda do tr\u00e1fico de seres humanos. \u201cSempre me comoveu o fato de que Cristo seja continuamente crucificado em seus irm\u00e3os mais fracos\u201d, disse o Papa. E citou o trabalho na Argentina de grupos de fi\u00e9is e da sociedade civil contra o trabalho escravo de tantos imigrantes latino-americanos, de um ind\u00fastria que pegou fogo e da morte de crian\u00e7as. Francisco falou ainda do trabalho das freiras com as mulheres escravas da prostitui\u00e7\u00e3o e da Missa que uma vez por ano celebrava na Pra\u00e7a da Constitui\u00e7\u00e3o com essas pessoas e com quem as ajuda. Por fim, elogiou a It\u00e1lia no campo do voluntariado.<\/p>\n<p style=\"text-align: justify;\">\u00a0<\/p>\n<p style=\"text-align: justify;\">Fonte: R\u00e1dio Vaticano<\/p>\n","protected":false},"excerpt":{"rendered":"<p>Cidade do Vaticano (RV) &#8211; No avi\u00e3o que trouxe o Papa Francisco de Malm\u00f6, na Su\u00e9cia, a Roma, nesta ter\u00e7a-feira (1\u00ba\/11), o Pont\u00edfice conversou com os jornalistas que o acompanharam nesta 17\u00aa viagem apost\u00f3lica internacional. \u00a0 Clique aqui para ouvir: \u00a0 Dentre os temas abordados durante a coletiva est\u00e3o: imigrantes e refugiados, seculariza\u00e7\u00e3o, laicidade e [&hellip;]<\/p>\n","protected":false},"author":1,"featured_media":19168,"comment_status":"open","ping_status":"open","sticky":false,"template":"","format":"standard","meta":{"footnotes":""},"categories":[3],"tags":[],"class_list":["post-19169","post","type-post","status-publish","format-standard","has-post-thumbnail","hentry","category-vaticano"],"_links":{"self":[{"href":"https:\/\/catolicanet.net\/wp-cnet\/wp-json\/wp\/v2\/posts\/19169","targetHints":{"allow":["GET"]}}],"collection":[{"href":"https:\/\/catolicanet.net\/wp-cnet\/wp-json\/wp\/v2\/posts"}],"about":[{"href":"https:\/\/catolicanet.net\/wp-cnet\/wp-json\/wp\/v2\/types\/post"}],"author":[{"embeddable":true,"href":"https:\/\/catolicanet.net\/wp-cnet\/wp-json\/wp\/v2\/users\/1"}],"replies":[{"embeddable":true,"href":"https:\/\/catolicanet.net\/wp-cnet\/wp-json\/wp\/v2\/comments?post=19169"}],"version-history":[{"count":1,"href":"https:\/\/catolicanet.net\/wp-cnet\/wp-json\/wp\/v2\/posts\/19169\/revisions"}],"predecessor-version":[{"id":27344,"href":"https:\/\/catolicanet.net\/wp-cnet\/wp-json\/wp\/v2\/posts\/19169\/revisions\/27344"}],"wp:featuredmedia":[{"embeddable":true,"href":"https:\/\/catolicanet.net\/wp-cnet\/wp-json\/wp\/v2\/media\/19168"}],"wp:attachment":[{"href":"https:\/\/catolicanet.net\/wp-cnet\/wp-json\/wp\/v2\/media?parent=19169"}],"wp:term":[{"taxonomy":"category","embeddable":true,"href":"https:\/\/catolicanet.net\/wp-cnet\/wp-json\/wp\/v2\/categories?post=19169"},{"taxonomy":"post_tag","embeddable":true,"href":"https:\/\/catolicanet.net\/wp-cnet\/wp-json\/wp\/v2\/tags?post=19169"}],"curies":[{"name":"wp","href":"https:\/\/api.w.org\/{rel}","templated":true}]}}