{"id":1916,"date":"2012-06-22T17:50:27","date_gmt":"2012-06-22T20:50:27","guid":{"rendered":"http:\/\/catolicanet.net\/wp-cnet\/rio20-bispos-europeus-pedem-consumo-responsavel\/"},"modified":"2017-03-21T11:54:28","modified_gmt":"2017-03-21T14:54:28","slug":"rio20-bispos-europeus-pedem-consumo-responsavel","status":"publish","type":"post","link":"https:\/\/catolicanet.net\/wp-cnet\/rio20-bispos-europeus-pedem-consumo-responsavel\/","title":{"rendered":"Rio+20: bispos europeus pedem consumo respons\u00e1vel"},"content":{"rendered":"<p style=\"text-align: justify;\"><img decoding=\"async\" src=\"http:\/\/catolicanet.com.br\/images\/stories\/planetaverde.png\" border=\"0\" align=\"left\" \/>Em mensagem aos l\u00edderes mundiais reunidos na Rio+20, a Comiss\u00e3o dos Episcopados Cat\u00f3licos da Uni\u00e3o Europeia (COMECE) aponta que para o debate ganhar relev\u00e2ncia, deve propor mudan\u00e7as que levem as pessoas a \u0093distinguir o essencial do sup\u00e9rfluo\u0094.<\/p>\n<p>Neste sentido, os bispos europeus consideram que a busca por uma \u0093economia verde\u0094, em destaque na Confer\u00eancia das Na\u00e7\u00f5es Unidas sobre Desenvolvimento Sustent\u00e1vel, ser\u00e1 infrut\u00edfera se incluir apenas altera\u00e7\u00f5es na produ\u00e7\u00e3o e n\u00e3o no consumo.<\/p>\n<p>O documento, assinado pelo Presidente, Cardeal Reinhard Marx, aponta que \u0093o modelo atual de consumo d\u00e1 demasiada import\u00e2ncia \u00e0 circula\u00e7\u00e3o de bens materiais e tende a ignorar outras dimens\u00f5es do desenvolvimento sustent\u00e1vel e da dignidade humana\u0094.<\/p>\n<p>Abordando concretamente a quest\u00e3o do aquecimento global, uma das principais amea\u00e7as \u00e0 sobreviv\u00eancia da Terra, o Arcebispo de Munique reitera que a responsabilidade deste problema recai em primeiro lugar nos pa\u00edses mais desenvolvidos. O l\u00edder da COMECE defende ainda a \u0093atribui\u00e7\u00e3o de condi\u00e7\u00f5es especiais \u00e0s na\u00e7\u00f5es mais desfavorecidas\u0094, indo ao encontro do que ficou determinado na primeira cimeira do Rio, a Eco-92.<\/p>\n<p>A COMECE, que re\u00fane delegados de 26 confer\u00eancias episcopais do Velho Continente, alerta que a defini\u00e7\u00e3o de solu\u00e7\u00f5es rumo ao desenvolvimento sustent\u00e1vel \u00e9 \u0093mais urgente do que nunca num mundo onde milh\u00f5es de pessoas s\u00e3o obrigadas a conviver diariamente com a falta de comida, de \u00e1gua pot\u00e1vel, de energia, sa\u00fade e educa\u00e7\u00e3o\u0094.<\/p>\n<p>Fonte: R\u00e1dio Vaticano<br \/>Local:Rio de Janeiro (RJ)<\/p>\n","protected":false},"excerpt":{"rendered":"<p>Em mensagem aos l\u00edderes mundiais reunidos na Rio+20, a Comiss\u00e3o dos Episcopados Cat\u00f3licos da Uni\u00e3o Europeia (COMECE) aponta que para o debate ganhar relev\u00e2ncia, deve propor mudan\u00e7as que levem as pessoas a \u0093distinguir o essencial do sup\u00e9rfluo\u0094. Neste sentido, os bispos europeus consideram que a busca por uma \u0093economia verde\u0094, em destaque na Confer\u00eancia das [&hellip;]<\/p>\n","protected":false},"author":1,"featured_media":0,"comment_status":"closed","ping_status":"closed","sticky":false,"template":"","format":"standard","meta":{"footnotes":""},"categories":[3],"tags":[],"class_list":["post-1916","post","type-post","status-publish","format-standard","hentry","category-vaticano"],"_links":{"self":[{"href":"https:\/\/catolicanet.net\/wp-cnet\/wp-json\/wp\/v2\/posts\/1916","targetHints":{"allow":["GET"]}}],"collection":[{"href":"https:\/\/catolicanet.net\/wp-cnet\/wp-json\/wp\/v2\/posts"}],"about":[{"href":"https:\/\/catolicanet.net\/wp-cnet\/wp-json\/wp\/v2\/types\/post"}],"author":[{"embeddable":true,"href":"https:\/\/catolicanet.net\/wp-cnet\/wp-json\/wp\/v2\/users\/1"}],"replies":[{"embeddable":true,"href":"https:\/\/catolicanet.net\/wp-cnet\/wp-json\/wp\/v2\/comments?post=1916"}],"version-history":[{"count":1,"href":"https:\/\/catolicanet.net\/wp-cnet\/wp-json\/wp\/v2\/posts\/1916\/revisions"}],"predecessor-version":[{"id":6944,"href":"https:\/\/catolicanet.net\/wp-cnet\/wp-json\/wp\/v2\/posts\/1916\/revisions\/6944"}],"wp:attachment":[{"href":"https:\/\/catolicanet.net\/wp-cnet\/wp-json\/wp\/v2\/media?parent=1916"}],"wp:term":[{"taxonomy":"category","embeddable":true,"href":"https:\/\/catolicanet.net\/wp-cnet\/wp-json\/wp\/v2\/categories?post=1916"},{"taxonomy":"post_tag","embeddable":true,"href":"https:\/\/catolicanet.net\/wp-cnet\/wp-json\/wp\/v2\/tags?post=1916"}],"curies":[{"name":"wp","href":"https:\/\/api.w.org\/{rel}","templated":true}]}}