{"id":19159,"date":"2016-11-01T16:57:53","date_gmt":"2016-11-01T18:57:53","guid":{"rendered":"http:\/\/catolicanet.net\/wp-cnet\/2016\/11\/01\/holywins-a-reacao-catolica-as-deturpacoes-do-halloween\/"},"modified":"2017-05-31T13:35:52","modified_gmt":"2017-05-31T16:35:52","slug":"holywins-a-reacao-catolica-as-deturpacoes-do-halloween","status":"publish","type":"post","link":"https:\/\/catolicanet.net\/wp-cnet\/holywins-a-reacao-catolica-as-deturpacoes-do-halloween\/","title":{"rendered":"\u201cHolywins\u201d, a rea\u00e7\u00e3o cat\u00f3lica \u00e0s deturpa\u00e7\u00f5es do \u201cHalloween\u201d"},"content":{"rendered":"<p style=\"text-align: justify;\"><img decoding=\"async\" src=\"http:\/\/www.catolicanet.com.br\/images\/stories\/noticias\/holywins.png\" border=\"0\" align=\"left\" \/>Em imagens, a festa que comemora com as crian\u00e7as o dom da voca\u00e7\u00e3o universal \u00e0 santidade!<\/p>\n<p>Nos \u00faltimos anos, tem se espalhado mundo ocidental afora o costume de fantasiar as crian\u00e7as no chamado \u201cdia das bruxas\u201d com tem\u00e1ticas sinistras e, cada vez mais, de p\u00e9ssimo gosto: monstros, fantasmas, dem\u00f4nios, vampiros, assassinos, terroristas, bandidos e vil\u00f5es de filmes, s\u00e9ries e at\u00e9 da vida real. Trata-se de uma deturpa\u00e7\u00e3o do sentido original da antiga \u201cV\u00e9spera de Todos os Santos\u201d (em ingl\u00eas, \u201cAll Hallows\u2019 Eve\u201c, origem do termo \u201cHalloween\u201c).<\/p>\n<p>O que inicialmente era uma festa com inspira\u00e7\u00f5es crist\u00e3s acabou se reduzindo n\u00e3o apenas a uma data meramente comercial, consumista e pouco educativa (\u201cdo\u00e7uras ou travessuras\u201c, afinal, \u00e9 basicamente um endosso \u00e0 chantagem caprichosa desde a inf\u00e2ncia): a data ainda enveredou por caminhos tortuosos do ponto de vista espiritual e psicol\u00f3gico, tornando-se ocasi\u00e3o frequente para incurs\u00f5es perigosas nos dom\u00ednios do ocultismo e do satanismo.<\/p>\n<p>\u00c9 poss\u00edvel participar de festas do Halloween de modo inocente e divertido? Poss\u00edvel \u00e9, com discernimento sobre o sentido original da festa e usando fantasias que representem valores positivos, mas\u2026 na pr\u00e1tica, \u00e9 um tanto irrealista.<\/p>\n<p>Diante deste panorama, v\u00e1rias dioceses, par\u00f3quias e comunidades cat\u00f3licas de v\u00e1rias partes do mundo t\u00eam fomentado o resgate do dia 31 de outubro como V\u00e9spera de Todos os Santos. Foi assim que nasceu a celebra\u00e7\u00e3o chamada \u201cHolywins\u201d (\u201cA santidade vence\u201c), que comemora com as crian\u00e7as o dom da voca\u00e7\u00e3o universal \u00e0 santidade.<\/p>\n<p>Na Pol\u00f4nia, por exemplo, a comunidade Emmanuel organiza nas ruas de Vars\u00f3via a \u201cProciss\u00e3o de Todos os Santos\u201d, com adora\u00e7\u00e3o Eucar\u00edstica e b\u00ean\u00e7\u00e3o do Sant\u00edssimo. \u201cQueremos mostrar o aspecto alegre da celebra\u00e7\u00e3o com todos os santos. \u00c9 tamb\u00e9m uma alternativa para o dia das bruxas. Por isso convidamos todos, toda a fam\u00edlia, a se vestir como os seus santos preferidos e a participar conosco desse desfile animado e colorido\u201d.<\/p>\n<p>A diocese espanhola de Alcal\u00e1 de Henares realiza o \u201cHolywins\u201d desde 2009 com din\u00e2micas especialmente voltadas \u00e0s crian\u00e7as na Plaza de los Ni\u00f1os Santos. Fazem parte da festa a celebra\u00e7\u00e3o eucar\u00edstica na Catedral Magistral, a adora\u00e7\u00e3o e a evangeliza\u00e7\u00e3o pelas ruas, al\u00e9m de material de catequese para as crian\u00e7as aprenderem a viver mais intensamente a \u201cNoite de Todos os Santos\u201d.<\/p>\n<p>No Brasil, a arquidiocese de Porto Alegre convida os fi\u00e9is a se reunirem para um grande concerto com m\u00fasicos cat\u00f3licos, num teatro em que tamb\u00e9m \u00e9 proporcionado espa\u00e7o para a confiss\u00e3o sacramental.<\/p>\n<p>Na \u00c1ustria, a par\u00f3quia de Hurm oferece uma programa\u00e7\u00e3o de \u201cHolywins\u201d para crian\u00e7as, adolescentes e adultos, incluindo, al\u00e9m das brincadeiras, tamb\u00e9m catequese e vig\u00edlia.<\/p>\n<p>A diocese argentina de Z\u00e1rate-Campana prop\u00f5e um \u201cHolywins\u201d de tr\u00eas dias: 31 de outubro a 2 de novembro. No dia 31 acontece a \u201cNoite das Estrelas\u201d, na co-catedral da Natividade de Nosso Senhor, a partir das 19 horas.<\/p>\n<p>O \u201cHolywins\u201d chegou neste ano \u00e0s redes sociais e conseguiu aumentar consideravelmente a difus\u00e3o da sua proposta ao convidar os internautas a trocarem sua foto de perfil pela imagem de um santo, com a seguinte mensagem: \u201cTodo santo \u00e9 uma verdadeira estrela do Senhor, que forma a sua coroa de amor sobre todos n\u00f3s. Neste dia de gra\u00e7a, n\u00e3o celebramos apenas os santos conhecidos por todos, mas tamb\u00e9m os que viveram junto conosco e j\u00e1 est\u00e3o na morada definitiva: o C\u00e9u\u201d.<\/p>\n<p>Veja algumas imagens do \u201cHolywins\u201d mundo afora:<\/p>\n<p>Imagens a partir dos sites Misericordia.org.br e iCatolica.com<\/p>\n<p style=\"text-align: justify;\">\u00a0<\/p>\n<p style=\"text-align: justify;\">Fonte: Aleteia<\/p>\n","protected":false},"excerpt":{"rendered":"<p>Em imagens, a festa que comemora com as crian\u00e7as o dom da voca\u00e7\u00e3o universal \u00e0 santidade! Nos \u00faltimos anos, tem se espalhado mundo ocidental afora o costume de fantasiar as crian\u00e7as no chamado \u201cdia das bruxas\u201d com tem\u00e1ticas sinistras e, cada vez mais, de p\u00e9ssimo gosto: monstros, fantasmas, dem\u00f4nios, vampiros, assassinos, terroristas, bandidos e vil\u00f5es [&hellip;]<\/p>\n","protected":false},"author":1,"featured_media":19158,"comment_status":"open","ping_status":"open","sticky":false,"template":"","format":"standard","meta":{"footnotes":""},"categories":[4],"tags":[],"class_list":["post-19159","post","type-post","status-publish","format-standard","has-post-thumbnail","hentry","category-cotidiano"],"_links":{"self":[{"href":"https:\/\/catolicanet.net\/wp-cnet\/wp-json\/wp\/v2\/posts\/19159","targetHints":{"allow":["GET"]}}],"collection":[{"href":"https:\/\/catolicanet.net\/wp-cnet\/wp-json\/wp\/v2\/posts"}],"about":[{"href":"https:\/\/catolicanet.net\/wp-cnet\/wp-json\/wp\/v2\/types\/post"}],"author":[{"embeddable":true,"href":"https:\/\/catolicanet.net\/wp-cnet\/wp-json\/wp\/v2\/users\/1"}],"replies":[{"embeddable":true,"href":"https:\/\/catolicanet.net\/wp-cnet\/wp-json\/wp\/v2\/comments?post=19159"}],"version-history":[{"count":1,"href":"https:\/\/catolicanet.net\/wp-cnet\/wp-json\/wp\/v2\/posts\/19159\/revisions"}],"predecessor-version":[{"id":24989,"href":"https:\/\/catolicanet.net\/wp-cnet\/wp-json\/wp\/v2\/posts\/19159\/revisions\/24989"}],"wp:featuredmedia":[{"embeddable":true,"href":"https:\/\/catolicanet.net\/wp-cnet\/wp-json\/wp\/v2\/media\/19158"}],"wp:attachment":[{"href":"https:\/\/catolicanet.net\/wp-cnet\/wp-json\/wp\/v2\/media?parent=19159"}],"wp:term":[{"taxonomy":"category","embeddable":true,"href":"https:\/\/catolicanet.net\/wp-cnet\/wp-json\/wp\/v2\/categories?post=19159"},{"taxonomy":"post_tag","embeddable":true,"href":"https:\/\/catolicanet.net\/wp-cnet\/wp-json\/wp\/v2\/tags?post=19159"}],"curies":[{"name":"wp","href":"https:\/\/api.w.org\/{rel}","templated":true}]}}