{"id":19143,"date":"2016-11-01T11:14:09","date_gmt":"2016-11-01T13:14:09","guid":{"rendered":"http:\/\/catolicanet.net\/wp-cnet\/2016\/11\/01\/papa-celebra-missa-na-suecia-santidade-e-entregar-se-aos-outros\/"},"modified":"2017-06-02T11:45:41","modified_gmt":"2017-06-02T14:45:41","slug":"papa-celebra-missa-na-suecia-santidade-e-entregar-se-aos-outros","status":"publish","type":"post","link":"https:\/\/catolicanet.net\/wp-cnet\/papa-celebra-missa-na-suecia-santidade-e-entregar-se-aos-outros\/","title":{"rendered":"Papa celebra missa na Su\u00e9cia: santidade \u00e9 entregar-se aos outros"},"content":{"rendered":"<p style=\"text-align: justify;\"><img decoding=\"async\" src=\"http:\/\/www.catolicanet.com.br\/images\/stories\/papas\/afp5938890_articolo.jpg\" border=\"0\" align=\"left\" \/>Malm\u00f6 (RV) \u2013 O \u00faltimo compromisso do Papa Francisco na Su\u00e9cia foi com a pequena comunidade cat\u00f3lica local. O Pont\u00edfice presidiu na manh\u00e3 desta ter\u00e7a-feira (1\u00ba\/11) \u00e0 celebra\u00e7\u00e3o eucar\u00edstica no Est\u00e1dio Swedbank, no centro da cidade de Malm\u00f6.<\/p>\n<p>O Papa dedicou sua homilia \u00e0 solenidade de Todos os Santos, que a Igreja celebra no dia 1\u00ba de novembro. \u201cAssim recordamos n\u00e3o s\u00f3 aqueles que foram proclamados Santos ao longo da hist\u00f3ria, mas tamb\u00e9m muitos irm\u00e3os que viveram a sua vida crist\u00e3 na plenitude da f\u00e9 e do amor atrav\u00e9s de uma exist\u00eancia simples e reservada. Contam-se certamente muitos dos nossos parentes, amigos e conhecidos.\u201d Entre eles, o Pont\u00edfice citou as m\u00e3es e os pais que se sacrificam pelas suas fam\u00edlias.<\/p>\n<p>A santidade, recordou Francisco, n\u00e3o se manifesta necessariamente em grandes obras nem em sucessos extraordin\u00e1rios, mas significa saber viver, fiel e diariamente, as exig\u00eancias do Batismo, de entrega total aos outros.<\/p>\n<p>Felicidade aut\u00eantica<\/p>\n<p>Mas para o Papa, a felicidade \u00e9 a caracter\u00edstica dos santos, pois descobriram o segredo da felicidade aut\u00eantica, que tem a sua fonte no amor de Deus. Por isso, os Santos s\u00e3o chamados bem-aventurados.<\/p>\n<p>As Bem-aventuran\u00e7as s\u00e3o o perfil de Cristo e, consequentemente, do crist\u00e3o. Dentre elas, o Papa destacou uma: &#8220;Felizes os mansos&#8221;.<\/p>\n<p>\u201cEste \u00e9 o retrato espiritual de Jesus, disse Francisco. A mansid\u00e3o \u00e9 uma maneira de ser e viver que nos assemelha a Jesus e nos faz estar unidos entre n\u00f3s; faz com que deixemos de lado tudo o que nos divide e contrap\u00f5e, a fim de procurar formas sempre novas para avan\u00e7ar no caminho da unidade. A mansid\u00e3o \u00e9 a atitude de quem n\u00e3o tem nada a perder, porque a sua \u00fanica riqueza \u00e9 Deus.\u201d<\/p>\n<p>Como exemplo, o Papa citou santos da regi\u00e3o, Santa Maria Elisabeth Hesselblad, recentemente canonizada, e Santa Br\u00edgida, Brigitta Vadstena, co-padroeira da Europa.<\/p>\n<p>Para Francisco, as Bem-aventuran\u00e7as s\u00e3o a carteira de identidade do crist\u00e3o, que o identifica como seguidor de Jesus. E prop\u00f4s algumas situa\u00e7\u00f5es que podem ser vividas com esp\u00edrito renovado: felizes os que olham nos olhos os descartados e marginalizados fazendo-se pr\u00f3ximo deles; felizes os que protegem e cuidam da casa comum; felizes os que renunciam ao seu pr\u00f3prio bem-estar em benef\u00edcio dos outros; felizes os que rezam e trabalham pela plena comunh\u00e3o dos crist\u00e3os&#8230; \u201cTodos eles s\u00e3o portadores da miseric\u00f3rdia e ternura de Deus\u201d, disse o Pont\u00edfice, que concluiu:<\/p>\n<p>\u201cQueridos irm\u00e3os e irm\u00e3s, o chamado \u00e0 santidade \u00e9 para todos. Juntos, pe\u00e7amos a gra\u00e7a de acolher este chamado e trabalhar unidos para lev\u00e1-lo a cumprimento. \u00c0 nossa M\u00e3e do C\u00e9u, confiamos o di\u00e1logo em busca da plena comunh\u00e3o de todos os crist\u00e3os, para que sejamos aben\u00e7oados nos nossos esfor\u00e7os e alcancemos a santidade na unidade.\u201d<\/p>\n<p>Igreja na Su\u00e9cia<\/p>\n<p>Os cat\u00f3licos na Su\u00e9cia s\u00e3o cerca de 115 mil, mas se estima que seja quase o dobro, pois a comunidade \u00e9 constitu\u00edda quase exclusivamente por imigrantes. A Igreja \u00e9 organizada numa \u00fanica diocese, a de Estocolmo.<\/p>\n<p>Angelus<\/p>\n<p>Ao final da missa celebrada no est\u00e1dio de Malm\u00f6, o Papa Francisco rezou com os fi\u00e9is a ora\u00e7\u00e3o mariana do Angelus.<\/p>\n<p>Antes, por\u00e9m, ouviu a sauda\u00e7\u00e3o do Bispo de Estocolmo, Dom Anders Arborelius, e agradeceu a presen\u00e7a do Presidente e do Secret\u00e1rio-Geral da Federa\u00e7\u00e3o Luterana e das delega\u00e7\u00f5es ecum\u00eanicas presentes no est\u00e1dio.<\/p>\n<p>\u201cDou gra\u00e7as a Deus por me ter dado a oportunidade de vir a esta terra e encontrar-me com voc\u00eas, muitos vindos de v\u00e1rias partes do mundo. Como cat\u00f3licos, fazemos parte de uma grande fam\u00edlia, sustentada por uma mesma comunh\u00e3o.\u201d<\/p>\n<p>O Papa encorajou os fi\u00e9is a viverem sua na ora\u00e7\u00e3o, nos Sacramentos e no servi\u00e7o generoso a quem passa necessidade e sofre.<\/p>\n<p>\u201cNa nossa vida, n\u00e3o estamos sozinhos. Temos sempre o aux\u00edlio e a companhia da Virgem Maria, que hoje nos aparece como a primeira dentre os Santos, a primeira disc\u00edpula do Senhor. Confiemo-nos \u00e0 sua prote\u00e7\u00e3o\u201d, disse o Papa, rezando com os fi\u00e9is a ora\u00e7\u00e3o do Angelus.<\/p>\n<p style=\"text-align: justify;\">\u00a0<\/p>\n<p style=\"text-align: justify;\">Fonte: R\u00e1dio Vaticano<\/p>\n","protected":false},"excerpt":{"rendered":"<p>Malm\u00f6 (RV) \u2013 O \u00faltimo compromisso do Papa Francisco na Su\u00e9cia foi com a pequena comunidade cat\u00f3lica local. O Pont\u00edfice presidiu na manh\u00e3 desta ter\u00e7a-feira (1\u00ba\/11) \u00e0 celebra\u00e7\u00e3o eucar\u00edstica no Est\u00e1dio Swedbank, no centro da cidade de Malm\u00f6. O Papa dedicou sua homilia \u00e0 solenidade de Todos os Santos, que a Igreja celebra no dia [&hellip;]<\/p>\n","protected":false},"author":1,"featured_media":19142,"comment_status":"open","ping_status":"open","sticky":false,"template":"","format":"standard","meta":{"footnotes":""},"categories":[3],"tags":[],"class_list":["post-19143","post","type-post","status-publish","format-standard","has-post-thumbnail","hentry","category-vaticano"],"_links":{"self":[{"href":"https:\/\/catolicanet.net\/wp-cnet\/wp-json\/wp\/v2\/posts\/19143","targetHints":{"allow":["GET"]}}],"collection":[{"href":"https:\/\/catolicanet.net\/wp-cnet\/wp-json\/wp\/v2\/posts"}],"about":[{"href":"https:\/\/catolicanet.net\/wp-cnet\/wp-json\/wp\/v2\/types\/post"}],"author":[{"embeddable":true,"href":"https:\/\/catolicanet.net\/wp-cnet\/wp-json\/wp\/v2\/users\/1"}],"replies":[{"embeddable":true,"href":"https:\/\/catolicanet.net\/wp-cnet\/wp-json\/wp\/v2\/comments?post=19143"}],"version-history":[{"count":1,"href":"https:\/\/catolicanet.net\/wp-cnet\/wp-json\/wp\/v2\/posts\/19143\/revisions"}],"predecessor-version":[{"id":27348,"href":"https:\/\/catolicanet.net\/wp-cnet\/wp-json\/wp\/v2\/posts\/19143\/revisions\/27348"}],"wp:featuredmedia":[{"embeddable":true,"href":"https:\/\/catolicanet.net\/wp-cnet\/wp-json\/wp\/v2\/media\/19142"}],"wp:attachment":[{"href":"https:\/\/catolicanet.net\/wp-cnet\/wp-json\/wp\/v2\/media?parent=19143"}],"wp:term":[{"taxonomy":"category","embeddable":true,"href":"https:\/\/catolicanet.net\/wp-cnet\/wp-json\/wp\/v2\/categories?post=19143"},{"taxonomy":"post_tag","embeddable":true,"href":"https:\/\/catolicanet.net\/wp-cnet\/wp-json\/wp\/v2\/tags?post=19143"}],"curies":[{"name":"wp","href":"https:\/\/api.w.org\/{rel}","templated":true}]}}