{"id":19126,"date":"2016-10-31T13:33:37","date_gmt":"2016-10-31T15:33:37","guid":{"rendered":"http:\/\/catolicanet.net\/wp-cnet\/2016\/10\/31\/finados-arcebispo-explica-que-cristianismo-nos-da-a-resposta-para-a-sede-de-infinito\/"},"modified":"2017-05-30T16:29:29","modified_gmt":"2017-05-30T19:29:29","slug":"finados-arcebispo-explica-que-cristianismo-nos-da-a-resposta-para-a-sede-de-infinito","status":"publish","type":"post","link":"https:\/\/catolicanet.net\/wp-cnet\/finados-arcebispo-explica-que-cristianismo-nos-da-a-resposta-para-a-sede-de-infinito\/","title":{"rendered":"Finados: Arcebispo explica que cristianismo nos d\u00e1 a resposta para a sede de infinito"},"content":{"rendered":"<p style=\"text-align: justify;\"><img decoding=\"async\" src=\"http:\/\/www.catolicanet.com.br\/images\/stories\/noticias\/xcementerio.jpg\" border=\"0\" align=\"left\" \/>REDA\u00c7\u00c3O CENTRAL, 31 Out. 16 \/ 05:00 am (ACI).- Com a proximidade do Dia de Finados \u2013 2 de novembro \u2013, o Arcebispo de Passo Fundo, Dom Rodolfo Weber, recordou que \u201ca sede de infinito pode afastar a reflex\u00e3o sobre o tema do morrer\u201d. Por outro lado, explicou que \u201co cristianismo vem em socorro desta ang\u00fastia humana, ao apresentar o maior presente que Deus nos d\u00e1: a vida eterna\u201d.<\/p>\n<p>Em seu recente artigo intitulado \u2018Jesus chorou&#8230; Vede como ele o amava\u2019, o Prelado abordou a quest\u00e3o da morte e como os homens lidam com essa realidade.\u00a0 Segundo ele, \u201cter consci\u00eancia da finitude e conviver com a morte suscita interroga\u00e7\u00f5es e a busca de sentido para o viver e o morrer\u201d.<\/p>\n<p>Ao admitir que muitos carregam em si marcas do sofrimento da morte e alguns t\u00eam dificuldades para se restabelecer, Dom Weber lembrou que tamb\u00e9m \u201cJesus Cristo, verdadeiro Deus e homem, quando se encontra em situa\u00e7\u00f5es de morte envolve-se profundamente\u201d. Ele citou, por exemplo, a morte de L\u00e1zaro, o enterro da vi\u00fava de Naim e at\u00e9 mesmo quando Cristo estava \u00e0s v\u00e9speras de sua paix\u00e3o e morte na cruz, quando rezou: \u201cSinto uma tristeza mortal! (&#8230;) Afasta de mim este c\u00e1lice\u201d.<\/p>\n<p>O Arcebispo sublinha que \u201co credo crist\u00e3o culmina na proclama\u00e7\u00e3o da ressurrei\u00e7\u00e3o dos mortos e na vida eterna\u201d. Nesse sentido, cita os ensinamentos do pr\u00f3prio Jesus: \u201c\u2019Teu irm\u00e3o ressuscitar\u00e1. (&#8230;) Eu sou a ressurrei\u00e7\u00e3o. Quem cr\u00ea em mim, ainda que tenha morrido, viver\u00e1. E todo aquele que vive e cr\u00ea em mim, n\u00e3o morrer\u00e1 jamais. Cr\u00eas nisto?\u2019 (Jo 11, 23-26)\u201d.<\/p>\n<p>Entretanto, ressalta que n\u00e3o se trata apenas de crer, uma vez que \u201catrav\u00e9s dos rituais, a cren\u00e7a torna-se vis\u00edvel\u201d. Por isso, explica que \u201ca Igreja motiva a visita aos cemit\u00e9rios no Dia de Finados, como tamb\u00e9m em outras oportunidades, e a participa\u00e7\u00e3o nas celebra\u00e7\u00f5es lit\u00fargicas f\u00fanebres\u201d.<\/p>\n<p>Tal motiva\u00e7\u00e3o por parte da Igreja se deve \u00e0s seguintes raz\u00f5es: \u201ca) o credo crist\u00e3o professa a comunh\u00e3o dos santos, isto \u00e9, os batizados est\u00e3o unidos em Cristo, sejam vivos ou falecidos; b) a solidariedade para com os familiares dos falecidos; c) ora\u00e7\u00e3o pelos falecidos, suplicando a miseric\u00f3rdia divina\u201d.<\/p>\n<p>Lembrando que rezar pelos mortos \u00e9 uma obra de miseric\u00f3rdia, Dom Weber explicou que \u201cvisitar e cuidar dos cemit\u00e9rios \u00e9 uma atitude de respeito com as pessoas que colaboraram na constru\u00e7\u00e3o da hist\u00f3ria familiar, da cidade, que transmitiram ci\u00eancia, tecnologia, valores e a f\u00e9\u201d.<\/p>\n<p>\u201c\u00c9 uma oportunidade para meditar sobre o mist\u00e9rio da vida, da morte e da eternidade. Estes mortos, aos olhos humanos, provocam a consci\u00eancia dos vivos para o legado que deixar\u00e3o\u201d, afirma.<\/p>\n<p>Outra atitude significativa, de acordo com o Arcebispo, \u00e9 levar flores, que \u201cmanifestam o reconhecimento e a gratid\u00e3o\u201d.<\/p>\n<p>Dom Weber assinala ainda a pr\u00e1tica de acender velas, as quais, \u201cna f\u00e9 crist\u00e3 cat\u00f3lica, s\u00e3o s\u00edmbolo do Cristo Ressuscitado e da f\u00e9 na vida eterna\u201d. \u201cO fogo da vela \u00e9 luz, \u00e9 calor, \u00e9 sacrif\u00edcio, \u00e9 purifica\u00e7\u00e3o. A cera, que vai se consumindo lentamente, \u00e9 imagem da vida que foi se sacrificando (no sentido de tomar sacro, sagrado) at\u00e9 a chama se apagar por ter-se cumprido a miss\u00e3o na terra\u201d, acrescenta.<\/p>\n<p>Por fim, Dom Rodolfo Weber considera que \u201clevar a s\u00e9rio a limita\u00e7\u00e3o humana, que tem na morte f\u00edsica o limite insuper\u00e1vel, \u00e9 o melhor convite para valoriza\u00e7\u00e3o, o cuidado e a promo\u00e7\u00e3o da vida\u201d. Conforme pontua, \u201c\u00e9 um grito para viver bem e se ocupar daquilo que tem valor de eternidade\u201d.<\/p>\n<p style=\"text-align: justify;\">\u00a0<\/p>\n<p style=\"text-align: justify;\">Fonte: Acidigital<\/p>\n","protected":false},"excerpt":{"rendered":"<p>REDA\u00c7\u00c3O CENTRAL, 31 Out. 16 \/ 05:00 am (ACI).- Com a proximidade do Dia de Finados \u2013 2 de novembro \u2013, o Arcebispo de Passo Fundo, Dom Rodolfo Weber, recordou que \u201ca sede de infinito pode afastar a reflex\u00e3o sobre o tema do morrer\u201d. Por outro lado, explicou que \u201co cristianismo vem em socorro desta [&hellip;]<\/p>\n","protected":false},"author":1,"featured_media":19125,"comment_status":"open","ping_status":"open","sticky":false,"template":"","format":"standard","meta":{"footnotes":""},"categories":[4],"tags":[],"class_list":["post-19126","post","type-post","status-publish","format-standard","has-post-thumbnail","hentry","category-cotidiano"],"_links":{"self":[{"href":"https:\/\/catolicanet.net\/wp-cnet\/wp-json\/wp\/v2\/posts\/19126","targetHints":{"allow":["GET"]}}],"collection":[{"href":"https:\/\/catolicanet.net\/wp-cnet\/wp-json\/wp\/v2\/posts"}],"about":[{"href":"https:\/\/catolicanet.net\/wp-cnet\/wp-json\/wp\/v2\/types\/post"}],"author":[{"embeddable":true,"href":"https:\/\/catolicanet.net\/wp-cnet\/wp-json\/wp\/v2\/users\/1"}],"replies":[{"embeddable":true,"href":"https:\/\/catolicanet.net\/wp-cnet\/wp-json\/wp\/v2\/comments?post=19126"}],"version-history":[{"count":1,"href":"https:\/\/catolicanet.net\/wp-cnet\/wp-json\/wp\/v2\/posts\/19126\/revisions"}],"predecessor-version":[{"id":24996,"href":"https:\/\/catolicanet.net\/wp-cnet\/wp-json\/wp\/v2\/posts\/19126\/revisions\/24996"}],"wp:featuredmedia":[{"embeddable":true,"href":"https:\/\/catolicanet.net\/wp-cnet\/wp-json\/wp\/v2\/media\/19125"}],"wp:attachment":[{"href":"https:\/\/catolicanet.net\/wp-cnet\/wp-json\/wp\/v2\/media?parent=19126"}],"wp:term":[{"taxonomy":"category","embeddable":true,"href":"https:\/\/catolicanet.net\/wp-cnet\/wp-json\/wp\/v2\/categories?post=19126"},{"taxonomy":"post_tag","embeddable":true,"href":"https:\/\/catolicanet.net\/wp-cnet\/wp-json\/wp\/v2\/tags?post=19126"}],"curies":[{"name":"wp","href":"https:\/\/api.w.org\/{rel}","templated":true}]}}