{"id":19124,"date":"2016-10-31T13:09:56","date_gmt":"2016-10-31T15:09:56","guid":{"rendered":"http:\/\/catolicanet.net\/wp-cnet\/2016\/10\/31\/ter-espirito-aberto-e-manter-a-unidade-da-igreja-cardeal-d-arlindo-furtado\/"},"modified":"2017-06-02T14:33:51","modified_gmt":"2017-06-02T17:33:51","slug":"ter-espirito-aberto-e-manter-a-unidade-da-igreja-cardeal-d-arlindo-furtado","status":"publish","type":"post","link":"https:\/\/catolicanet.net\/wp-cnet\/ter-espirito-aberto-e-manter-a-unidade-da-igreja-cardeal-d-arlindo-furtado\/","title":{"rendered":"Ter esp\u00edrito aberto e manter a unidade da Igreja &#8211; Cardeal D. Arlindo Furtado"},"content":{"rendered":"<p style=\"text-align: justify;\"><img decoding=\"async\" src=\"http:\/\/www.catolicanet.com.br\/images\/stories\/noticias\/ossrom39893_articolo.jpg\" border=\"0\" align=\"left\" \/>O Papa Francisco nomeou na sexta-feira passada, 28, diversos novos membros da Congrega\u00e7\u00e3o para o Culto Divino e a Disciplina dos Sacramentos. De entre eles o Cardeal D. Arlindo Furtado, bispo de Santiago de Cabo Verde que se encontra ainda na It\u00e1lia, mais precisamente na Diocese de T\u00e9ramo, na costa adri\u00e1tica, onde foi convidado para tr\u00eas dias de celebra\u00e7\u00f5es lit\u00fargicas e reflex\u00f5es sobre a Miseric\u00f3rdia em jeito de encerramento do Ano Jubilar que estamos a viver. Mas o terramoto deste domingo de manh\u00e3 na It\u00e1lia Central perturbou um pouco o programa como nos disse, antes do meio dia de Roma, por telefone, o pr\u00f3prio Cardeal. Ele come\u00e7ou por explicar o significado da sua nomea\u00e7\u00e3o a membro da referida Congrega\u00e7\u00e3o, dizendo que se trata duma \u00e1rea nova, para o qual vai procurar dar o seu contributo, estudando. Reconhece a import\u00e2ncia desta Congrega\u00e7\u00e3o que lida com quest\u00f5es em que a diversidade de vis\u00f5es em v\u00e1rias partes do mundo se manifestam. Mas para ele o importante \u00e9 ter esp\u00edrito aberto e manter a unidade da Igreja. Oi\u00e7a aqui as suas palavras em que fala tamb\u00e9m da sua experi\u00eancia de terramoto estes dias na It\u00e1lia.<\/p>\n<p style=\"text-align: justify;\">\u00a0<\/p>\n<p style=\"text-align: justify;\">Fonte: R\u00e1dio Vaticano<\/p>\n","protected":false},"excerpt":{"rendered":"<p>O Papa Francisco nomeou na sexta-feira passada, 28, diversos novos membros da Congrega\u00e7\u00e3o para o Culto Divino e a Disciplina dos Sacramentos. De entre eles o Cardeal D. Arlindo Furtado, bispo de Santiago de Cabo Verde que se encontra ainda na It\u00e1lia, mais precisamente na Diocese de T\u00e9ramo, na costa adri\u00e1tica, onde foi convidado para [&hellip;]<\/p>\n","protected":false},"author":1,"featured_media":19123,"comment_status":"open","ping_status":"open","sticky":false,"template":"","format":"standard","meta":{"footnotes":""},"categories":[3],"tags":[],"class_list":["post-19124","post","type-post","status-publish","format-standard","has-post-thumbnail","hentry","category-vaticano"],"_links":{"self":[{"href":"https:\/\/catolicanet.net\/wp-cnet\/wp-json\/wp\/v2\/posts\/19124","targetHints":{"allow":["GET"]}}],"collection":[{"href":"https:\/\/catolicanet.net\/wp-cnet\/wp-json\/wp\/v2\/posts"}],"about":[{"href":"https:\/\/catolicanet.net\/wp-cnet\/wp-json\/wp\/v2\/types\/post"}],"author":[{"embeddable":true,"href":"https:\/\/catolicanet.net\/wp-cnet\/wp-json\/wp\/v2\/users\/1"}],"replies":[{"embeddable":true,"href":"https:\/\/catolicanet.net\/wp-cnet\/wp-json\/wp\/v2\/comments?post=19124"}],"version-history":[{"count":1,"href":"https:\/\/catolicanet.net\/wp-cnet\/wp-json\/wp\/v2\/posts\/19124\/revisions"}],"predecessor-version":[{"id":27350,"href":"https:\/\/catolicanet.net\/wp-cnet\/wp-json\/wp\/v2\/posts\/19124\/revisions\/27350"}],"wp:featuredmedia":[{"embeddable":true,"href":"https:\/\/catolicanet.net\/wp-cnet\/wp-json\/wp\/v2\/media\/19123"}],"wp:attachment":[{"href":"https:\/\/catolicanet.net\/wp-cnet\/wp-json\/wp\/v2\/media?parent=19124"}],"wp:term":[{"taxonomy":"category","embeddable":true,"href":"https:\/\/catolicanet.net\/wp-cnet\/wp-json\/wp\/v2\/categories?post=19124"},{"taxonomy":"post_tag","embeddable":true,"href":"https:\/\/catolicanet.net\/wp-cnet\/wp-json\/wp\/v2\/tags?post=19124"}],"curies":[{"name":"wp","href":"https:\/\/api.w.org\/{rel}","templated":true}]}}