{"id":19122,"date":"2016-10-31T13:03:01","date_gmt":"2016-10-31T15:03:01","guid":{"rendered":"http:\/\/catolicanet.net\/wp-cnet\/2016\/10\/31\/papa-na-suecia-futuro-rico-de-promessas-diz-o-cardeal-parolin\/"},"modified":"2017-06-02T11:58:22","modified_gmt":"2017-06-02T14:58:22","slug":"papa-na-suecia-futuro-rico-de-promessas-diz-o-cardeal-parolin","status":"publish","type":"post","link":"https:\/\/catolicanet.net\/wp-cnet\/papa-na-suecia-futuro-rico-de-promessas-diz-o-cardeal-parolin\/","title":{"rendered":"Papa na Su\u00e9cia: futuro rico de promessas, diz o Cardeal Parolin"},"content":{"rendered":"<p style=\"text-align: justify;\"><img decoding=\"async\" src=\"http:\/\/www.catolicanet.com.br\/images\/stories\/cardeais\/epa2184921_articolo.jpg\" border=\"0\" align=\"left\" \/>\u201cDo conflito \u00e0 comunh\u00e3o. Juntos na esperan\u00e7a\u201d \u00e9 o lema da 17\u00aa viagem apost\u00f3lica internacional do Papa Francisco que visitar\u00e1 a Su\u00e9cia de 31 de outubro a 1\u00ba de novembro, por ocasi\u00e3o da celebra\u00e7\u00e3o ecum\u00eanica dos 500 anos da Reforma protestante e em agradecimento pelos 50 anos de di\u00e1logo oficial entre as duas Confiss\u00f5es. No dia 1\u00ba, o Pont\u00edfice celebrar\u00e1 a Missa para a pequena comunidade cat\u00f3lica sueca. A este respeito, o Centro Televisivo Vaticano ouviu o Cardeal Secret\u00e1rio de Estado Pietro Parolin:<\/p>\n<p>\u201cEm 1517, o monge Lutero, na cidade de Wittemberg, contestou publicamente a venda de indulg\u00eancias, e tamb\u00e9m em um contexto de grandes mudan\u00e7as pol\u00edticas, sociais e econ\u00f4micas da sociedade daquele tempo, deu in\u00edcio a um processo de transforma\u00e7\u00f5es que levou, infelizmente, \u00e0 divis\u00e3o e \u00e0 separa\u00e7\u00e3o das Igrejas no Ocidente, e acompanhado por lutas pelo poder, por viol\u00eancia, guerras, as famosas guerras de religi\u00f5es que depois se seguiram. E a partir daquela \u00e9poca, praticamente os centen\u00e1rios da Reforma foram sempre recordados, foram sempre comemorados de forma pol\u00eamica, com um esp\u00edrito de confronto e talvez se possa falar mesmo de hostilidades. Esta vez, pelo contr\u00e1rio, n\u00e3o \u00e9 assim&#8230; Pela primeira vez cat\u00f3licos com a presen\u00e7a do Papa e luteranos, celebram juntos este quinto centen\u00e1rio da Reforma. E eu penso realmente que se possa falar de um momento hist\u00f3rico, se possa falar realmente de um marco no caminho da reconcilia\u00e7\u00e3o e da busca comum da unidade entre as Igrejas e as comunidades eclesiais. E este momento assim t\u00e3o importante \u00e9 fruto do di\u00e1logo que se desenvolveu nestes 50 anos, a partir da solicita\u00e7\u00e3o do Conc\u00edlio Vaticano II. Um di\u00e1logo que buscou superar as dificuldades, buscou criar confian\u00e7a entre as partes e buscou esclarecer, segundo o princ\u00edpio enunciado j\u00e1 por S\u00e3o Jo\u00e3o XXIII, aquilo que une, mais do que aquilo que divide e separa. Um di\u00e1logo em que um dos pontos centrais foi precisamente a assinatura, em 1999, da Declara\u00e7\u00e3o Comum sobre a Doutrina da Justifica\u00e7\u00e3o, um dos pontos que estavam na origem e que tornaram-se precisamente o centro da pol\u00eamica. Portanto, \u00e9 de agradecer ao Senhor por se ter chegado a este ponto, que \u00e9 o fruto de um caminho que se est\u00e1 levando em frente h\u00e1 tempos, e pedir a Ele para nos ajudar, tamb\u00e9m por meio deste momento de comemora\u00e7\u00e3o comum, de prosseguir no caminho do di\u00e1logo e da busca da unidade da Igreja\u201d.<\/p>\n<p>CTV: Depois da ora\u00e7\u00e3o ecum\u00eanica, haver\u00e1 um momento de festa e testemunho, dirigido sobretudo aos jovens&#8230;<\/p>\n<p>\u201cSim, me parece que se realizar\u00e1 no Est\u00e1dio de Malm\u00f6, e ser\u00e1 um momento festivo, um momento de alegria voltado sobretudo aos jovens. Soube que dentro deste momento de celebra\u00e7\u00e3o haver\u00e1 tamb\u00e9m a assinatura entre a se\u00e7\u00e3o de servi\u00e7o para o mundo da Federa\u00e7\u00e3o Luterana Mundial e a Caritas Internationalis. Como que por dizer que esta reconcilia\u00e7\u00e3o que estamos buscando deve acontecer sobretudo em vantagem do comum testemunho em rela\u00e7\u00e3o ao mundo, deve traduzir-se em um encontro, deve traduzir-se em um comportamento de amor compassivo em rela\u00e7\u00e3o \u00e0s tantas pessoas que sofrem pelas mais diversas causas no mundo. E obviamente os jovens s\u00e3o chamados em primeira pessoa a assumir este desafio, porque os jovens s\u00e3o o futuro e a esperan\u00e7a, como tantas vezes se disse, da Igreja. E ent\u00e3o, a eles \u00e9 dirigido de maneira especial este momento de celebra\u00e7\u00e3o, que deve tamb\u00e9m traduzir-se em um compromisso em rela\u00e7\u00e3o a um testemunho comum\u201d.<\/p>\n<p>CTV: Os temas da defesa da cria\u00e7\u00e3o e da solidariedade pelos \u00faltimos estar\u00e3o no centro destes testemunhos&#8230;<\/p>\n<p>\u201c\u00c9 muito importante encontrar \u00e2mbitos comuns nos quais este testemunho possa ser traduzido, e me parece que a solidariedade em rela\u00e7\u00e3o aos \u00faltimos e a defesa e a tutela da casa comum possam ser realmente \u00e2mbitos de compromisso s\u00e9rio e compromisso eficaz\u201d.<\/p>\n<p>CTV: A Su\u00e9cia \u00e9 um pa\u00eds muito secularizado, mesmo que ultimamente se registre um novo interesse pela religi\u00e3o. O testemunho comum dos cat\u00f3licos e luteranos poder\u00e1 abrir uma brecha neste individualismo e materialismo?<\/p>\n<p>\u201cCertamente, basta recordar a palavra de Jesus: por isto acreditar\u00e3o, na medida em que voc\u00eas derem um testemunho comum. Evidentemente estes s\u00e3o os perigos das nossas sociedades secularizadas: por um lado este fechamento em si mesmas, sem abertura aos outros, e aqui podemos recordar a insist\u00eancia do Papa Francisco sobre a cultura do encontro, e me parece que a pr\u00f3pria comemora\u00e7\u00e3o deseja sublinhar esta dimens\u00e3o, porque fala de passar dos conflitos \u00e0 comunh\u00e3o, e depois diz \u201cunidos na esperan\u00e7a\u201d: e a comunh\u00e3o significa justamente a supera\u00e7\u00e3o do individualismo, a supera\u00e7\u00e3o do fechamento em si mesmo, a supera\u00e7\u00e3o do dobrar-se sobre si mesmo, que no final das contas, \u00e9 a origem de todos os conflitos. E isto os crist\u00e3os o devem fazer sobretudo com o seu exemplo de comunh\u00e3o, \u00e9 in\u00fatil falar de comunh\u00e3o se depois cada um segue por conta pr\u00f3pria. Portanto, me parece que deste ponto de vista, ser\u00e1 importante este testemunho comum. E depois contra o materialismo, que \u00e9 um fechamento do nosso horizonte somente aos valores terrenos, \u00e0s realidades terrenas, sem esta abertura ao transcendente, sem esta abertura a Deus. Assim cat\u00f3licos e luteranos s\u00e3o chamados a testemunhar juntos, em nome da f\u00e9 comum em Jesus Salvador, precisamente toda a beleza, todo o esplendor e toda a alegria da f\u00e9, que t\u00eam e que testemunha\u201d.<\/p>\n<p>CTV: A pequena comunidade dos cat\u00f3licos suecos est\u00e1 crescendo tamb\u00e9m gra\u00e7as \u00e0 imigra\u00e7\u00e3o. O gesto ecum\u00eanico do Papa os ajudar\u00e1 a crescer tamb\u00e9m na comunh\u00e3o com os luteranos?<\/p>\n<p>\u201cEu acredito que esta presen\u00e7a do Papa \u00e9 um grande est\u00edmulo para a comunidade cat\u00f3lica a continuar neste caminho da busca da unidade, neste caminho ecum\u00eanico. Hoje a escolha ecum\u00eanica \u00e9 uma escolha irrevers\u00edvel, e n\u00e3o obstante tenha conhecido e conhe\u00e7a tamb\u00e9m dificuldades, acredito que se deva seguir em frente corajosamente. E neste sentido penso que a comunidade cat\u00f3lica na Su\u00e9cia &#8211; que como voc\u00ea justamente dizia \u00e9 formada tamb\u00e9m por tantos componentes e se est\u00e1 enriquecendo por isto \u2013 possa trabalhar junto com a comunidade luterana precisamente pelo testemunho crist\u00e3o. E em rela\u00e7\u00e3o a isto gostaria de recordar uma declara\u00e7\u00e3o que foi feita recentemente e que me parece muito indicativa do esp\u00edrito com que cat\u00f3licos e luteranos querem prosseguir. Diz assim: \u201cJuntos cat\u00f3licos e luteranos se aproximar\u00e3o sempre mais ao seu comum Senhor e Redentor Jesus Cristo. Vale a pena manter o di\u00e1logo. \u00c9 poss\u00edvel deixar para tr\u00e1s os conflitos. O \u00f3dio e a viol\u00eancia, mesmo motivados pela religi\u00e3o, n\u00e3o deveriam ser banalizados, ou mesmo justificados, mas sim rejeitados com for\u00e7a. As recorda\u00e7\u00f5es obscuras podem desaparecer, uma hist\u00f3ria dolorosa n\u00e3o exclui a possibilidade de um futuro rico de promessas. \u00c9 poss\u00edvel chegar do conflito \u00e0 comunh\u00e3o, e percorrer este caminho juntos, cheios de esperan\u00e7a. A reconcilia\u00e7\u00e3o traz consigo a for\u00e7a de nos tornar livres, de dirigir-se uns aos outros, mas tamb\u00e9m de dedicar-nos aos outros no amor e no servi\u00e7o\u201d. S\u00e3o palavras muito bonitas, sobretudo este futuro rico de promessas. Esperemos que esta comemora\u00e7\u00e3o comum abra ao futuro de Deus, que \u00e9 sempre um futuro rico de promessas\u201d.<\/p>\n","protected":false},"excerpt":{"rendered":"<p>\u201cDo conflito \u00e0 comunh\u00e3o. Juntos na esperan\u00e7a\u201d \u00e9 o lema da 17\u00aa viagem apost\u00f3lica internacional do Papa Francisco que visitar\u00e1 a Su\u00e9cia de 31 de outubro a 1\u00ba de novembro, por ocasi\u00e3o da celebra\u00e7\u00e3o ecum\u00eanica dos 500 anos da Reforma protestante e em agradecimento pelos 50 anos de di\u00e1logo oficial entre as duas Confiss\u00f5es. No [&hellip;]<\/p>\n","protected":false},"author":1,"featured_media":18349,"comment_status":"open","ping_status":"open","sticky":false,"template":"","format":"standard","meta":{"footnotes":""},"categories":[3],"tags":[],"class_list":["post-19122","post","type-post","status-publish","format-standard","has-post-thumbnail","hentry","category-vaticano"],"_links":{"self":[{"href":"https:\/\/catolicanet.net\/wp-cnet\/wp-json\/wp\/v2\/posts\/19122","targetHints":{"allow":["GET"]}}],"collection":[{"href":"https:\/\/catolicanet.net\/wp-cnet\/wp-json\/wp\/v2\/posts"}],"about":[{"href":"https:\/\/catolicanet.net\/wp-cnet\/wp-json\/wp\/v2\/types\/post"}],"author":[{"embeddable":true,"href":"https:\/\/catolicanet.net\/wp-cnet\/wp-json\/wp\/v2\/users\/1"}],"replies":[{"embeddable":true,"href":"https:\/\/catolicanet.net\/wp-cnet\/wp-json\/wp\/v2\/comments?post=19122"}],"version-history":[{"count":1,"href":"https:\/\/catolicanet.net\/wp-cnet\/wp-json\/wp\/v2\/posts\/19122\/revisions"}],"predecessor-version":[{"id":27351,"href":"https:\/\/catolicanet.net\/wp-cnet\/wp-json\/wp\/v2\/posts\/19122\/revisions\/27351"}],"wp:featuredmedia":[{"embeddable":true,"href":"https:\/\/catolicanet.net\/wp-cnet\/wp-json\/wp\/v2\/media\/18349"}],"wp:attachment":[{"href":"https:\/\/catolicanet.net\/wp-cnet\/wp-json\/wp\/v2\/media?parent=19122"}],"wp:term":[{"taxonomy":"category","embeddable":true,"href":"https:\/\/catolicanet.net\/wp-cnet\/wp-json\/wp\/v2\/categories?post=19122"},{"taxonomy":"post_tag","embeddable":true,"href":"https:\/\/catolicanet.net\/wp-cnet\/wp-json\/wp\/v2\/tags?post=19122"}],"curies":[{"name":"wp","href":"https:\/\/api.w.org\/{rel}","templated":true}]}}