{"id":19121,"date":"2016-10-31T12:48:23","date_gmt":"2016-10-31T14:48:23","guid":{"rendered":"http:\/\/catolicanet.net\/wp-cnet\/2016\/10\/31\/papa-esta-na-suecia-viagem-eclesial-com-forte-conotacao-ecumenica\/"},"modified":"2017-06-02T11:50:30","modified_gmt":"2017-06-02T14:50:30","slug":"papa-esta-na-suecia-viagem-eclesial-com-forte-conotacao-ecumenica","status":"publish","type":"post","link":"https:\/\/catolicanet.net\/wp-cnet\/papa-esta-na-suecia-viagem-eclesial-com-forte-conotacao-ecumenica\/","title":{"rendered":"Papa est\u00e1 na Su\u00e9cia: viagem eclesial com forte conota\u00e7\u00e3o ecum\u00eanica"},"content":{"rendered":"<p style=\"text-align: justify;\"><img decoding=\"async\" src=\"http:\/\/www.catolicanet.com.br\/images\/stories\/papas\/ansa1097935_articolo.jpg\" border=\"0\" align=\"left\" \/>J\u00e1 iniciou a 17\u00aa Viagem Apost\u00f3lica do Papa Francisco: o Papa est\u00e1 na Su\u00e9cia para a comemora\u00e7\u00e3o ecum\u00eanica do quinto centen\u00e1rio da Reforma Luterana, e para encontrar a comunidade cat\u00f3lica no Pa\u00eds.<\/p>\n<p>Papa Francisco partiu \u00e0s 8.20 desta segunda-feira (31\/10) do aeroporto romano de Fiumicino, para a sua 17\u00aa viagem internacional do pontificado, que o leva \u00e0 Su\u00e9cia, a convite da Federa\u00e7\u00e3o Luterana Mundial (LWF) para participar na cerim\u00f4nia dos 500 anos da Reforma de Martin Lutero.<\/p>\n<p>A viagem tem esta forte conota\u00e7\u00e3o ecum\u00eanica. Hoje, de facto, est\u00e3o em programa dois encontros ecum\u00eanicos &#8211; um rito na Catedral de Lund e um evento com testemunhos na Arena Malm\u00f6 &#8211; enquanto que amanh\u00e3, Festa de Todos os Santos, Francisco celebrar\u00e1 a Santa Missa no Est\u00e1dio de Malm\u00f6 para os cat\u00f3licos suecos, para a qual tamb\u00e9m est\u00e3o convidados representantes da Federa\u00e7\u00e3o Luterana.<\/p>\n<p>Durante a viagem \u00e0 Su\u00e9cia o Santo Padre pronunciar\u00e1 quatro interven\u00e7\u00f5es p\u00fablicas, incluindo homilias, discursos e o Angelus.<\/p>\n<p>A Su\u00e9cia j\u00e1 acolheu um Papa em 1989, quando Jo\u00e3o Paulo II realizou uma viagem \u00e0 Escandin\u00e1via.<\/p>\n<p>A chegada do Papa foi pouco antes das 11 horas no aeroporto de Malm\u00f6, e o Papa foi acolhido ao p\u00e9 da escada, pelo primeiro-ministro sueco, Stefan L\u00f6fven e o Ministro da Cultura, a senhora Alice Bah-Kuhnke, presentes tamb\u00e9m outras autoridades e membros da LWF.<\/p>\n<p>Logo depois, na se\u00e7\u00e3o VIP do aeroporto, Francisco teve encontro privado com o Primeiro-Ministro e o Ministro da Cultura. Logo em seguida,a transfer\u00eancia de carro de quase 42 quil\u00f4metros para Igelosa, onde num grande centro de pesquisa m\u00e9dica que j\u00e1 sediou os encontros da Confer\u00eancia episcopal sueca, o Papa Francisco vai alojar durante esta breve viagem.<\/p>\n<p style=\"text-align: justify;\">\u00a0<\/p>\n<p style=\"text-align: justify;\">Fonte: R\u00e1dio Vaticano<\/p>\n","protected":false},"excerpt":{"rendered":"<p>J\u00e1 iniciou a 17\u00aa Viagem Apost\u00f3lica do Papa Francisco: o Papa est\u00e1 na Su\u00e9cia para a comemora\u00e7\u00e3o ecum\u00eanica do quinto centen\u00e1rio da Reforma Luterana, e para encontrar a comunidade cat\u00f3lica no Pa\u00eds. Papa Francisco partiu \u00e0s 8.20 desta segunda-feira (31\/10) do aeroporto romano de Fiumicino, para a sua 17\u00aa viagem internacional do pontificado, que o [&hellip;]<\/p>\n","protected":false},"author":1,"featured_media":19120,"comment_status":"open","ping_status":"open","sticky":false,"template":"","format":"standard","meta":{"footnotes":""},"categories":[3],"tags":[],"class_list":["post-19121","post","type-post","status-publish","format-standard","has-post-thumbnail","hentry","category-vaticano"],"_links":{"self":[{"href":"https:\/\/catolicanet.net\/wp-cnet\/wp-json\/wp\/v2\/posts\/19121","targetHints":{"allow":["GET"]}}],"collection":[{"href":"https:\/\/catolicanet.net\/wp-cnet\/wp-json\/wp\/v2\/posts"}],"about":[{"href":"https:\/\/catolicanet.net\/wp-cnet\/wp-json\/wp\/v2\/types\/post"}],"author":[{"embeddable":true,"href":"https:\/\/catolicanet.net\/wp-cnet\/wp-json\/wp\/v2\/users\/1"}],"replies":[{"embeddable":true,"href":"https:\/\/catolicanet.net\/wp-cnet\/wp-json\/wp\/v2\/comments?post=19121"}],"version-history":[{"count":1,"href":"https:\/\/catolicanet.net\/wp-cnet\/wp-json\/wp\/v2\/posts\/19121\/revisions"}],"predecessor-version":[{"id":27352,"href":"https:\/\/catolicanet.net\/wp-cnet\/wp-json\/wp\/v2\/posts\/19121\/revisions\/27352"}],"wp:featuredmedia":[{"embeddable":true,"href":"https:\/\/catolicanet.net\/wp-cnet\/wp-json\/wp\/v2\/media\/19120"}],"wp:attachment":[{"href":"https:\/\/catolicanet.net\/wp-cnet\/wp-json\/wp\/v2\/media?parent=19121"}],"wp:term":[{"taxonomy":"category","embeddable":true,"href":"https:\/\/catolicanet.net\/wp-cnet\/wp-json\/wp\/v2\/categories?post=19121"},{"taxonomy":"post_tag","embeddable":true,"href":"https:\/\/catolicanet.net\/wp-cnet\/wp-json\/wp\/v2\/tags?post=19121"}],"curies":[{"name":"wp","href":"https:\/\/api.w.org\/{rel}","templated":true}]}}