{"id":1912,"date":"2012-06-21T16:20:36","date_gmt":"2012-06-21T19:20:36","guid":{"rendered":"http:\/\/catolicanet.net\/wp-cnet\/cnbb-destaca-personalidade-qentusiastaq-de-dom-aloysio-penna\/"},"modified":"2017-03-21T11:53:31","modified_gmt":"2017-03-21T14:53:31","slug":"cnbb-destaca-personalidade-qentusiastaq-de-dom-aloysio-penna","status":"publish","type":"post","link":"https:\/\/catolicanet.net\/wp-cnet\/cnbb-destaca-personalidade-qentusiastaq-de-dom-aloysio-penna\/","title":{"rendered":"CNBB destaca personalidade &#8220;entusiasta&#8221; de Dom Aloysio Penna"},"content":{"rendered":"<p style=\"text-align: justify;\"><img decoding=\"async\" src=\"http:\/\/catolicanet.com.br\/images\/stories\/domaloysiopenna.png\" border=\"0\" align=\"left\" \/>A Confer\u00eancia Nacional dos Bispos do Brasil manifestou pesar pela morte de Dom Aloysio Jos\u00e9 Leal Penna, Arcebispo Em\u00e9rito de Botucatu (SP), ocorrida na manh\u00e3 da ter\u00e7a-feira, 19 de junho. Dom Aloysio faleceu aos 79 anos de idade por fal\u00eancia m\u00faltipla de \u00f3rg\u00e3os, em Belo Horizonte (MG).<\/p>\n<p>A CNBB destaca a personalidade \u0093entusiasta\u0094 de Dom Aloysio, \u0093dedicado ao servi\u00e7o da Fam\u00edlia e da Juventude, al\u00e9m de intr\u00e9pido educador tanto no meio do povo quanto na colabora\u00e7\u00e3o generosa com a forma\u00e7\u00e3o dos padres\u0094.<\/p>\n<p>Leia a Nota:<\/p>\n<p>Nota de condol\u00eancias pelo falecimento de dom Aloysio Jos\u00e9 Leal Penna<\/p>\n<p>A Confer\u00eancia Nacional dos Bispos do Brasil (CNBB) manifesta o seu pesar pelo falecimento de Aloysio Jos\u00e9 Leal Penna, bispo em\u00e9rito de Botocatu (SP). A morte desse nosso irm\u00e3o nos entristece, mas renova em nosso cora\u00e7\u00e3o a esperan\u00e7a jubilosa da ressurrei\u00e7\u00e3o em Cristo Jesus, nosso Senhor.<br \/>Dom Aloysio foi um entusiasta dedicado ao servi\u00e7o da Fam\u00edlia e da Juventude, al\u00e9m de intr\u00e9pido educador tanto no meio do povo quanto na colabora\u00e7\u00e3o generosa com a forma\u00e7\u00e3o dos padres, especialmente no per\u00edodo em que colaborou com o Col\u00e9gio Pio Brasileiro, em Roma. Colaborou, com particular zelo, com o Conselho Episcopal Latino-Americano e com a nossa Confer\u00eancia, especialmente na anima\u00e7\u00e3o da Pastoral da Crian\u00e7a.<br \/>\u0093Vim para servir\u0094 foi o lema escolhido por dom Aloysio para seu minist\u00e9rio como bispo. Desse vers\u00edculo da palavra do Senhor, contido no evangelho de S\u00e3o Mateus, encontramos a substancial marca da espiritualidade que moveu a vida de um homem de f\u00e9 robusta, de abnegado servi\u00e7o em frentes desafiadoras da a\u00e7\u00e3o evangelizadora no mundo dos nossos tempos e de cristalina entrega ao Reino de Deus.<br \/>Estamos unidos aos familiares de dom Aloysio, a dom Maur\u00edcio Grotto e a todo o povo de Botocatu nesse momento de a\u00e7\u00e3o de gra\u00e7as e de profundo mergulho na experi\u00eancia de confian\u00e7a e de f\u00e9 nas promessas do ressuscitado.<\/p>\n<p>Dom Leonardo Ulrich Steiner<br \/>Bispo auxiliar de Bras\u00edlia<br \/>Secret\u00e1rio geral da CNBB<\/p>\n","protected":false},"excerpt":{"rendered":"<p>A Confer\u00eancia Nacional dos Bispos do Brasil manifestou pesar pela morte de Dom Aloysio Jos\u00e9 Leal Penna, Arcebispo Em\u00e9rito de Botucatu (SP), ocorrida na manh\u00e3 da ter\u00e7a-feira, 19 de junho. Dom Aloysio faleceu aos 79 anos de idade por fal\u00eancia m\u00faltipla de \u00f3rg\u00e3os, em Belo Horizonte (MG). A CNBB destaca a personalidade \u0093entusiasta\u0094 de Dom [&hellip;]<\/p>\n","protected":false},"author":1,"featured_media":0,"comment_status":"closed","ping_status":"closed","sticky":false,"template":"","format":"standard","meta":{"footnotes":""},"categories":[7],"tags":[],"class_list":["post-1912","post","type-post","status-publish","format-standard","hentry","category-cnbb"],"_links":{"self":[{"href":"https:\/\/catolicanet.net\/wp-cnet\/wp-json\/wp\/v2\/posts\/1912","targetHints":{"allow":["GET"]}}],"collection":[{"href":"https:\/\/catolicanet.net\/wp-cnet\/wp-json\/wp\/v2\/posts"}],"about":[{"href":"https:\/\/catolicanet.net\/wp-cnet\/wp-json\/wp\/v2\/types\/post"}],"author":[{"embeddable":true,"href":"https:\/\/catolicanet.net\/wp-cnet\/wp-json\/wp\/v2\/users\/1"}],"replies":[{"embeddable":true,"href":"https:\/\/catolicanet.net\/wp-cnet\/wp-json\/wp\/v2\/comments?post=1912"}],"version-history":[{"count":1,"href":"https:\/\/catolicanet.net\/wp-cnet\/wp-json\/wp\/v2\/posts\/1912\/revisions"}],"predecessor-version":[{"id":6942,"href":"https:\/\/catolicanet.net\/wp-cnet\/wp-json\/wp\/v2\/posts\/1912\/revisions\/6942"}],"wp:attachment":[{"href":"https:\/\/catolicanet.net\/wp-cnet\/wp-json\/wp\/v2\/media?parent=1912"}],"wp:term":[{"taxonomy":"category","embeddable":true,"href":"https:\/\/catolicanet.net\/wp-cnet\/wp-json\/wp\/v2\/categories?post=1912"},{"taxonomy":"post_tag","embeddable":true,"href":"https:\/\/catolicanet.net\/wp-cnet\/wp-json\/wp\/v2\/tags?post=1912"}],"curies":[{"name":"wp","href":"https:\/\/api.w.org\/{rel}","templated":true}]}}