{"id":19096,"date":"2016-10-28T18:34:13","date_gmt":"2016-10-28T20:34:13","guid":{"rendered":"http:\/\/catolicanet.net\/wp-cnet\/2016\/10\/28\/papa-na-suecia-viagem-que-ilumina-50-anos-de-dialogo\/"},"modified":"2017-06-02T11:58:20","modified_gmt":"2017-06-02T14:58:20","slug":"papa-na-suecia-viagem-que-ilumina-50-anos-de-dialogo","status":"publish","type":"post","link":"https:\/\/catolicanet.net\/wp-cnet\/papa-na-suecia-viagem-que-ilumina-50-anos-de-dialogo\/","title":{"rendered":"Papa na Su\u00e9cia, viagem que ilumina 50 anos de di\u00e1logo"},"content":{"rendered":"<p style=\"text-align: justify;\"><img decoding=\"async\" src=\"http:\/\/www.catolicanet.com.br\/images\/stories\/noticias\/reuters938454_articolo.jpg\" border=\"0\" align=\"left\" \/>Cidade do Vaticano (RV) \u2013 \u201cAs Igrejas luteranas sempre celebraram os centen\u00e1rios da Reforma. No passado, estas manifesta\u00e7\u00f5es eram realizadas \u2018contra\u2019 a Igreja Cat\u00f3lica, ou assumiam um car\u00e1ter nacional. Em 2017, por\u00e9m, pela primeira vez abriu-se a possibilidade de celebrar este anivers\u00e1rio em um clima de di\u00e1logo. A Federa\u00e7\u00e3o Luterana Mundial trabalhou tanto nesta dire\u00e7\u00e3o e hoje a abertura destas celebra\u00e7\u00f5es na Su\u00e9cia, na presen\u00e7a do Papa Francisco, \u00e9 um lindo sinal que sublinha este esfor\u00e7o\u201d. Foi o que recordou aos microfones da R\u00e1dio Vaticano o Pastor Heiner Bludau, Decano da Igreja Evang\u00e9lica Luterana na It\u00e1lia e Pastor da Comunidade Evang\u00e9lica Luterana de Turim.<\/p>\n<p>\u201cA presen\u00e7a do Papa nestas celebra\u00e7\u00f5es adquire um significado particular n\u00e3o somente dentro do mundo eclesial luterano, mas tamb\u00e9m para al\u00e9m dele. O Secret\u00e1rio Geral da Federa\u00e7\u00e3o Luterana Mundial, Martin Junge, afirmou que justamente a celebra\u00e7\u00e3o conjunta \u00e9 um bom exemplo de como podem ser superados os conflitos, sobretudo em um mundo dilacerado por confrontos e guerras. \u00c9 um importante testemunho comum, por um futuro baseado no di\u00e1logo\u201d.<\/p>\n<p>N\u00e3o se celebra a divis\u00e3o<\/p>\n<p>\u201cA grande novidade deste centen\u00e1rio \u00e9 que se trata do primeiro a ser celebrado em uma \u00e9poca ecum\u00eanica\u201d, explica o Prefeito da Biblioteca Ambrosiana de Mil\u00e3o, estudioso da Reforma e um dos fundadores da Academia de Estudos Luteranos na It\u00e1lia (ASLI), Mons. Franco Buzzi.<\/p>\n<p>\u201cA celebra\u00e7\u00e3o conjunta representa um passo em frente formid\u00e1vel, porque assim se subtrai a figura de Lutero a uma perspectiva eclesial ligada somente \u00e0 na\u00e7\u00e3o alem\u00e3. Reconhece-se, assim, a universalidade e a grandeza do modo de pensar de Lutero, de modo que sejam compartilhadas em parte tamb\u00e9m pela Igreja Cat\u00f3lica. Celebrar juntos o anivers\u00e1rio significa subtrair ao particularismo o evento da Reforma e lev\u00e1-lo a s\u00e9rio, saindo daquela mentalidade conflitual, baseada simplesmente na contraposi\u00e7\u00e3o, para acolher tudo aquilo que de bonito, de bom e de verdadeiro podemos compartilhar juntos\u201d.<\/p>\n<p>\u201cDeve ser sublinhado que indo \u00e0 Su\u00e9cia, o Papa n\u00e3o celebra a divis\u00e3o, mas a vontade de reuni\u00e3o que significa a supera\u00e7\u00e3o de uma mentalidade baseada no confronto pol\u00eamico. Confronto que infelizmente viu por cinco s\u00e9culos cat\u00f3licos e luteranos contraporem-se, quase que \u00e0s cegas, com tanto de teologia pol\u00eamica, baseadas em teses pr\u00e9-concebidas, com o \u00fanico objetivo de afirmar o oposto do outro. Acredito que indo al\u00e9m de certas teses r\u00edgidas, quer no \u00e2mbito da contrarreforma como no da assim chamada ortodoxia luterana estreita, se percebe que nas obras de Lutero existem riquezas que s\u00e3o ideias de f\u00e9 e de doutrina profundamente crist\u00e3s, que n\u00e3o podem de forma alguma serem negligenciadas\u201d.<\/p>\n<p>\u201cAssim, me parece ser algo extraordin\u00e1rio o fato de Francisco ir \u00e0 Su\u00e9cia, n\u00e3o para recordar um evento doloroso, mas sobretudo por propor um futuro de alegria, paz, comunh\u00e3o e uni\u00e3o em tudo aquilo que \u00e9 compartilh\u00e1vel\u201d.<\/p>\n<p>Progressos teol\u00f3gicos<\/p>\n<p>Este ano n\u00e3o se celebram somente os 500 anos da Reforma, mas tamb\u00e9m os 50 anos de di\u00e1logo ecum\u00eanico iniciado entre cat\u00f3licos e luteranos com o Conc\u00edlio. \u201cSeguramente o passo em frente mais importante neste caminho \u2013 explica o Pastor Heiner Blau \u2013 foi a Declara\u00e7\u00e3o Conjunta sobre a Justifica\u00e7\u00e3o de 1999. Sobre este tema fundamental, que dividiu as nossas Igrejas h\u00e1 meio s\u00e9culo, existe hoje um consenso e isto \u00e9 um ponto forte alcan\u00e7ado pelo di\u00e1logo\u201d.<\/p>\n<p>A dividir-nos ainda, n\u00e3o obstante existam mais coisas que nos unam, \u00e9 o fato de que um luterano n\u00e3o possa participar da Eucaristia cat\u00f3lica. E mesmo que n\u00f3s convidemos os cat\u00f3licos presentes nas nossas celebra\u00e7\u00f5es para participar da Eucaristia, para eles n\u00e3o \u00e9 poss\u00edvel. N\u00f3s desejamos uma certa abertura neste sentido, porque a aus\u00eancia de uma hospitalidade eucar\u00edstica rec\u00edproca representa um fato doloroso\u201d.<\/p>\n<p>Pertencemos ao Corpo de Cristo<\/p>\n<p>\u201cO ter redescoberto juntos de que somos concordes sobre S\u00e3o Paulo, cap\u00edtulo terceiro da Carta aos Romanos, \u00e9 um ponto de chegada teol\u00f3gico important\u00edssimo de di\u00e1logo com os luteranos\u201d, comenta Mons. Buzzi.<\/p>\n<p>\u201cN\u00f3s acreditamos ser justificados pela f\u00e9, independentemente das obras da lei. N\u00f3s todos recebemos a nossa salva\u00e7\u00e3o por obra absolutamente gratuita de Cristo e recebemos esta justifica\u00e7\u00e3o como um dom cont\u00ednuo, respeito ao qual toda tentativa de apropria\u00e7\u00e3o significa tamb\u00e9m uma compreens\u00e3o do dom. Entendeu-se que sobre isto estamos de acordo e que existem \u00eanfases teol\u00f3gicas diferentes, mas n\u00e3o s\u00e3o tais de poder habilitar os irm\u00e3os das duas Confiss\u00f5es diferentes \u2013 luteranos e cat\u00f3licos \u2013 a excomungar-se reciprocamente ou a acusarem-se reciprocamente de heresia\u201d.<\/p>\n<p>\u201cA minha impress\u00e3o \u2013 acrescenta Mons. Buzzi \u2013 \u00e9 que o Documento Conjunto sobre a Justifica\u00e7\u00e3o, pela f\u00e9 tenha, por assim dizer, passado sobre a cabe\u00e7a das nossas comunidades crist\u00e3s. Pelo menos aqui na It\u00e1lia, a presen\u00e7a do luteranismo n\u00e3o \u00e9 t\u00e3o elevada. Por\u00e9m, poder aprofundar e compartilhar tudo isto \u00e9 um ponto de partida para uma comunh\u00e3o mais profunda. Levando em considera\u00e7\u00e3o que no Batismo n\u00f3s todos nos dizemos parte do Corpo de Cristo e portanto tamb\u00e9m o conceito de Igreja, a partir desta defini\u00e7\u00e3o de Batismo, dever\u00e1 ser considerada no prosseguimento do di\u00e1logo\u201d.<\/p>\n<p>Oportunidade para tornar vis\u00edvel o caminho ecum\u00eanico<\/p>\n<p>\u201cA viagem do Papa \u00e0 Su\u00e9cia \u00e9 realmente uma oportunidade ecum\u00eanica, porque torna vis\u00edvel os passos dados juntos nestes 50 anos\u201d, conclui o Pastor Bludau. \u201cNa Alemanha, por exemplo, bispos cat\u00f3licos e luteranos se manifestam juntos, j\u00e1 h\u00e1 tempos, sobre quest\u00f5es \u00e9ticas. Existe uma forte colabora\u00e7\u00e3o entre par\u00f3quias cat\u00f3licas e comunidades luteranas. Trata-se de realidades ainda pouco conhecidas e as celebra\u00e7\u00f5es em Lund e Malm\u00f6 podem dar um ulterior \u00edmpeto para incentivar o di\u00e1logo tamb\u00e9m em outras regi\u00f5es do mundo\u201d.<\/p>\n<p>\u201cPara mim \u2013 conclui Mons. Buzzi \u2013 esta viagem do Papa \u00e0 Su\u00e9cia \u00e9 uma iniciativa aben\u00e7oada pelo C\u00e9u. A quer o C\u00e9u para que exista esta vontade do di\u00e1logo, de entendimento e de fraternidade, visto que fazemos parte todos do mesmo Corpo de Cristo, gra\u00e7as \u00e0 F\u00e9 e ao Batismo e \u00e0 nossa vida que se desenvolve na Trindade, argumentos que Lutero nunca colocou em discuss\u00e3o\u201d.<\/p>\n<p style=\"text-align: justify;\">\u00a0<\/p>\n<p style=\"text-align: justify;\">Fonte: R\u00e1dio Vaticano<\/p>\n","protected":false},"excerpt":{"rendered":"<p>Cidade do Vaticano (RV) \u2013 \u201cAs Igrejas luteranas sempre celebraram os centen\u00e1rios da Reforma. No passado, estas manifesta\u00e7\u00f5es eram realizadas \u2018contra\u2019 a Igreja Cat\u00f3lica, ou assumiam um car\u00e1ter nacional. Em 2017, por\u00e9m, pela primeira vez abriu-se a possibilidade de celebrar este anivers\u00e1rio em um clima de di\u00e1logo. A Federa\u00e7\u00e3o Luterana Mundial trabalhou tanto nesta dire\u00e7\u00e3o [&hellip;]<\/p>\n","protected":false},"author":1,"featured_media":19095,"comment_status":"open","ping_status":"open","sticky":false,"template":"","format":"standard","meta":{"footnotes":""},"categories":[3],"tags":[],"class_list":["post-19096","post","type-post","status-publish","format-standard","has-post-thumbnail","hentry","category-vaticano"],"_links":{"self":[{"href":"https:\/\/catolicanet.net\/wp-cnet\/wp-json\/wp\/v2\/posts\/19096","targetHints":{"allow":["GET"]}}],"collection":[{"href":"https:\/\/catolicanet.net\/wp-cnet\/wp-json\/wp\/v2\/posts"}],"about":[{"href":"https:\/\/catolicanet.net\/wp-cnet\/wp-json\/wp\/v2\/types\/post"}],"author":[{"embeddable":true,"href":"https:\/\/catolicanet.net\/wp-cnet\/wp-json\/wp\/v2\/users\/1"}],"replies":[{"embeddable":true,"href":"https:\/\/catolicanet.net\/wp-cnet\/wp-json\/wp\/v2\/comments?post=19096"}],"version-history":[{"count":1,"href":"https:\/\/catolicanet.net\/wp-cnet\/wp-json\/wp\/v2\/posts\/19096\/revisions"}],"predecessor-version":[{"id":27358,"href":"https:\/\/catolicanet.net\/wp-cnet\/wp-json\/wp\/v2\/posts\/19096\/revisions\/27358"}],"wp:featuredmedia":[{"embeddable":true,"href":"https:\/\/catolicanet.net\/wp-cnet\/wp-json\/wp\/v2\/media\/19095"}],"wp:attachment":[{"href":"https:\/\/catolicanet.net\/wp-cnet\/wp-json\/wp\/v2\/media?parent=19096"}],"wp:term":[{"taxonomy":"category","embeddable":true,"href":"https:\/\/catolicanet.net\/wp-cnet\/wp-json\/wp\/v2\/categories?post=19096"},{"taxonomy":"post_tag","embeddable":true,"href":"https:\/\/catolicanet.net\/wp-cnet\/wp-json\/wp\/v2\/tags?post=19096"}],"curies":[{"name":"wp","href":"https:\/\/api.w.org\/{rel}","templated":true}]}}