{"id":19066,"date":"2016-10-28T11:48:55","date_gmt":"2016-10-28T13:48:55","guid":{"rendered":"http:\/\/catolicanet.net\/wp-cnet\/2016\/10\/28\/respeito-e-a-base-da-relacao-entre-bispos-e-religiosos-afirma-papa\/"},"modified":"2017-06-02T14:03:15","modified_gmt":"2017-06-02T17:03:15","slug":"respeito-e-a-base-da-relacao-entre-bispos-e-religiosos-afirma-papa","status":"publish","type":"post","link":"https:\/\/catolicanet.net\/wp-cnet\/respeito-e-a-base-da-relacao-entre-bispos-e-religiosos-afirma-papa\/","title":{"rendered":"Respeito \u00e9 a base da rela\u00e7\u00e3o entre bispos e religiosos, afirma Papa"},"content":{"rendered":"<p style=\"text-align: justify;\"><img decoding=\"async\" src=\"http:\/\/www.catolicanet.com.br\/images\/stories\/papas\/ossrom93340_articolo.jpg\" border=\"0\" align=\"left\" \/>Cidade do Vaticano (RV) \u2013 O Papa Francisco recebeu em audi\u00eancia no Vaticano, no final da manh\u00e3 desta sexta-feira (28\/10), os participantes do I Congresso Internacional dos Vig\u00e1rios e Delegados Episcopais para a Vida Consagrada.<\/p>\n<p>Depois de ouvir a sauda\u00e7\u00e3o do promotor do evento, o Cardeal brasileiro Jo\u00e3o Braz de Aviz, o Papa fez seu discurso refletindo sobre tr\u00eas dimens\u00f5es da vida consagrada: a sua presen\u00e7a dentro da Igreja particular, a cria\u00e7\u00e3o de novos Institutos e as rela\u00e7\u00f5es m\u00fatuas.<\/p>\n<p>Francisco citou alguns documentos da Igreja para ressaltar que a vida consagrada \u00e9 \u201cum capital espiritual que contribui ao bem de todo o corpo de Cristo\u201d e n\u00e3o somente das fam\u00edlias religiosas. Portanto, o Pont\u00edfice pediu aos bispos, vig\u00e1rios e delegados para a vida consagrada que acolham este dom como \u201celemento decisivo para a sua miss\u00e3o\u201d, promovendo em suas dioceses os diferentes carismas, antigos e novos. Aos consagrados, Francisco recordou que a autonomia e isen\u00e7\u00e3o n\u00e3o podem se confundir com isolamento e independ\u00eancia. Os bispos s\u00e3o chamados a respeitar, sem manipular, a pluridimensionalidade que constitui a Igreja. Por sua vez, os consagrados devem se recordar que n\u00e3o s\u00e3o um patrim\u00f4nio fechado, mas uma dimens\u00e3o integrada no corpo da Igreja.<\/p>\n<p>Quanto \u00e0 cria\u00e7\u00e3o de novos Institutos, o Papa refor\u00e7ou que cabe ao bispo diocesano discernir e reconhecer a autenticidade dos dons carism\u00e1ticos, levando em considera\u00e7\u00e3o in\u00fameros crit\u00e9rios: a originalidade do carisma, a sua dimens\u00e3o prof\u00e9tica, a sua inser\u00e7\u00e3o na vida da Igreja particular, o compromisso evangelizador e a tamb\u00e9m a sua dimens\u00e3o social. O bispo deve verificar ainda que o fundador ou a fundadora tenha demonstrado maturidade eclesial e uma vida que n\u00e3o contradiga a a\u00e7\u00e3o do Esp\u00edrito Santo. O pastor tem ainda a obriga\u00e7\u00e3o de consultar sempre previamente a Congrega\u00e7\u00e3o para os Institutos de Vida Consagrada e a as Sociedades de Vida Apost\u00f3lica.<\/p>\n<p>\u201cNo momento de erigir um novo instituto n\u00e3o podemos pensar somente na utilidade para a Igreja particular\u201d, afirmou Francisco, acrescentando que os Bispos, seus vig\u00e1rios e delegados n\u00e3o devem ser simpl\u00f3rios na decis\u00e3o, j\u00e1 que assumem uma responsabilidade em nome da Igreja universal. Ao ser criado, deve-se pensar que o Instituto ser\u00e1 destinado a crescer e a sair dos confins da Diocese que o viu nascer. Al\u00e9m disso, o Papa pediu uma aten\u00e7\u00e3o especial \u00e0 forma\u00e7\u00e3o dos candidatos \u00e0 vida consagrada.<\/p>\n<p>Por fim, o Pont\u00edfice falou da rela\u00e7\u00e3o entre bispos e consagrados \u2013 tema que ser\u00e1 debatido no Congresso em andamento e mat\u00e9ria de estudo da Congrega\u00e7\u00e3o para a Vida Consagrada.<\/p>\n<p>\u201cN\u00e3o existem rela\u00e7\u00f5es m\u00fatuas l\u00e1 onde alguns comandam e outros se submetem, por medo ou conveni\u00eancia. Mas h\u00e1 rela\u00e7\u00f5es m\u00fatuas onde se cultiva o di\u00e1logo, a escuta respeitosa, a rec\u00edproca hospitalidade, o encontro e o desejo de fraterna colabora\u00e7\u00e3o pelo bem da Igreja. Tudo isso \u00e9 responsabilidade seja dos bispos, seja dos consagrados\u201d, reiterou o Papa, que prosseguiu: \u201cNeste sentido, somos todos chamados a ser \u2018pont\u00edfices\u2019, construtores de pontes. O tempo atual requer comunh\u00e3o no respeito das diversidades. N\u00e3o tenhamos medo da diversidade que prov\u00e9m do Esp\u00edrito\u201d.<\/p>\n<p>Francisco concluiu pedindo uma aten\u00e7\u00e3o especial \u00e0s irm\u00e3s contemplativas. \u201cAcompanhem-nas com afeto fraterno, tratando-as como mulheres adultas, respeitando as compet\u00eancias que lhes s\u00e3o pr\u00f3prias, sem interfer\u00eancias indevidas.\u201d<\/p>\n<p>\u201cQueridos irm\u00e3os, amem a vida consagrada e para este fim, busquem conhec\u00ea-la em profundidade. Construam rela\u00e7\u00f5es m\u00fatuas a partir da eclesiologia de comunh\u00e3o, do princ\u00edpio de coessencialidade e da justa autonomia que compete aos consagrados\u201d, foi a exorta\u00e7\u00e3o final do Papa.<\/p>\n<p style=\"text-align: justify;\">\u00a0<\/p>\n<p style=\"text-align: justify;\">Fonte: R\u00e1dio Vaticano<\/p>\n","protected":false},"excerpt":{"rendered":"<p>Cidade do Vaticano (RV) \u2013 O Papa Francisco recebeu em audi\u00eancia no Vaticano, no final da manh\u00e3 desta sexta-feira (28\/10), os participantes do I Congresso Internacional dos Vig\u00e1rios e Delegados Episcopais para a Vida Consagrada. Depois de ouvir a sauda\u00e7\u00e3o do promotor do evento, o Cardeal brasileiro Jo\u00e3o Braz de Aviz, o Papa fez seu [&hellip;]<\/p>\n","protected":false},"author":1,"featured_media":19065,"comment_status":"open","ping_status":"open","sticky":false,"template":"","format":"standard","meta":{"footnotes":""},"categories":[3],"tags":[],"class_list":["post-19066","post","type-post","status-publish","format-standard","has-post-thumbnail","hentry","category-vaticano"],"_links":{"self":[{"href":"https:\/\/catolicanet.net\/wp-cnet\/wp-json\/wp\/v2\/posts\/19066","targetHints":{"allow":["GET"]}}],"collection":[{"href":"https:\/\/catolicanet.net\/wp-cnet\/wp-json\/wp\/v2\/posts"}],"about":[{"href":"https:\/\/catolicanet.net\/wp-cnet\/wp-json\/wp\/v2\/types\/post"}],"author":[{"embeddable":true,"href":"https:\/\/catolicanet.net\/wp-cnet\/wp-json\/wp\/v2\/users\/1"}],"replies":[{"embeddable":true,"href":"https:\/\/catolicanet.net\/wp-cnet\/wp-json\/wp\/v2\/comments?post=19066"}],"version-history":[{"count":1,"href":"https:\/\/catolicanet.net\/wp-cnet\/wp-json\/wp\/v2\/posts\/19066\/revisions"}],"predecessor-version":[{"id":27363,"href":"https:\/\/catolicanet.net\/wp-cnet\/wp-json\/wp\/v2\/posts\/19066\/revisions\/27363"}],"wp:featuredmedia":[{"embeddable":true,"href":"https:\/\/catolicanet.net\/wp-cnet\/wp-json\/wp\/v2\/media\/19065"}],"wp:attachment":[{"href":"https:\/\/catolicanet.net\/wp-cnet\/wp-json\/wp\/v2\/media?parent=19066"}],"wp:term":[{"taxonomy":"category","embeddable":true,"href":"https:\/\/catolicanet.net\/wp-cnet\/wp-json\/wp\/v2\/categories?post=19066"},{"taxonomy":"post_tag","embeddable":true,"href":"https:\/\/catolicanet.net\/wp-cnet\/wp-json\/wp\/v2\/tags?post=19066"}],"curies":[{"name":"wp","href":"https:\/\/api.w.org\/{rel}","templated":true}]}}