{"id":19063,"date":"2016-10-27T17:26:14","date_gmt":"2016-10-27T19:26:14","guid":{"rendered":"http:\/\/catolicanet.net\/wp-cnet\/2016\/10\/27\/monumento-dedicado-a-padroeira-do-brasil-e-abencoado-na-sede-da-cnbb\/"},"modified":"2017-05-26T13:52:02","modified_gmt":"2017-05-26T16:52:02","slug":"monumento-dedicado-a-padroeira-do-brasil-e-abencoado-na-sede-da-cnbb","status":"publish","type":"post","link":"https:\/\/catolicanet.net\/wp-cnet\/monumento-dedicado-a-padroeira-do-brasil-e-abencoado-na-sede-da-cnbb\/","title":{"rendered":"Monumento dedicado \u00e0 Padroeira do Brasil \u00e9 aben\u00e7oado na sede da CNBB"},"content":{"rendered":"<p style=\"text-align: justify;\"><img decoding=\"async\" src=\"http:\/\/www.catolicanet.com.br\/images\/stories\/noticias\/monumento-nsap-4.jpg\" border=\"0\" align=\"left\" \/>Em 2017, comemora-se o jubileu dos 300 anos do encontro da Imagem de Aparecida no rio Para\u00edba do Sul<\/p>\n<p>A Confer\u00eancia Nacional dos Bispos do Brasil (CNBB) inaugurou, nesta quinta-feira, dia 27, um monumento em homenagem a Nossa Senhora Aparecida. A obra de arte, instalada no jardim da sede da CNBB, em Bras\u00edlia (DF), foi aben\u00e7oada pelo arcebispo de Aparecida (SP), cardeal Raymundo Damasceno Assis, em celebra\u00e7\u00e3o que reuniu os bispos do Conselho Permanente, colaboradores do secretariado geral da Confer\u00eancia, representantes do Santu\u00e1rio Nacional de Aparecida e o n\u00fancio apost\u00f3lico no Brasil, dom Giovanni D\u2019Aniello.<\/p>\n<p>\u201cPara n\u00f3s \u00e9 um momento grato de aben\u00e7oar e inaugurar essa escultura dedicada a Nossa Senhora Aparecida\u201d, afirmou dom Damasceno, que recordou que o monumento representa o acontecimento do encontro da imagem, em 1717, em sintonia com o Jubileu dos 300 anos promovido pelo Santu\u00e1rio.<\/p>\n<p>Ap\u00f3s motiva\u00e7\u00e3o inicial, no hall de entrada da sede da Confer\u00eancia, quando foi lido um trecho do Evangelho de Lucas, na qual Isabel diz a Maria \u201cBem-aventurada aquela que acreditou, porque ser\u00e1 cumprido o que o Senhor lhe prometeu\u201d. Logo ap\u00f3s, os participantes seguiram em prociss\u00e3o, cantado a ladainha de Nossa Senhora at\u00e9 o jardim onde foi aben\u00e7oado o monumento.<\/p>\n<p>\u201cQue bom que esse monumento t\u00e3o belo em homenagem a Nossa Senhora Aparecida esteja no cora\u00e7\u00e3o do Brasil e na CNBB, como sinal do nosso amor a Nossa Senhora, a nossa devo\u00e7\u00e3o, mas tamb\u00e9m como sinal da comunh\u00e3o. E n\u00f3s nos unimos porque nos sentimos uma grande fam\u00edlia que tem como m\u00e3e Nossa Senhora Aparecida\u201d, comentou o arcebispo de Bras\u00edlia e presidente da CNBB, dom Sergio da Rocha.<\/p>\n<p>Para dom Sergio, o monumento aben\u00e7oado nesta quinta-feira \u00e9 um marco no Ano Nacional Mariano, que vai perdurar al\u00e9m do ano jubilar. \u201cO Ano Mariano quer ser um ano em que n\u00f3s voltamos o nosso cora\u00e7\u00e3o para Nossa Senhora, na ora\u00e7\u00e3o, na reflex\u00e3o, nas peregrina\u00e7\u00f5es, mas depois para continuar com o cora\u00e7\u00e3o voltado para Ela, para, junto com dela, seguir Jesus Cristo, participar da igreja\u201d, afirmou. <\/p>\n<p>\u201cO ano Mariano, nos anima a vivenciar ainda mais esse cora\u00e7\u00e3o filial que traz o amor, a gratid\u00e3o, a confirma\u00e7\u00e3o nessa m\u00e3e querida, mas contando com Ela crescer no seguimento de Jesus Cristo e na participa\u00e7\u00e3o da igreja\u201d, resumiu.<\/p>\n<p>Monumento<\/p>\n<p>Feito em A\u00e7o Corten e Bronze, o monumento tem 6 metros de altura, 3 cm de espessura e pesa 4.110 quilos. A concep\u00e7\u00e3o art\u00edstica \u00e9 de autoria do artista Cl\u00e1udio Pastro, falecido dia 19 de outubro, e com produ\u00e7\u00e3o da Progetto Arte Poli, de Verona, na It\u00e1lia, e instala\u00e7\u00e3o da L\u00f3tus Implanta\u00e7\u00e3o de Projetos. O artista sacro autor da obra foi lembrado pelo cardeal Damasceno, durante a b\u00ean\u00e7\u00e3o.<\/p>\n<p>A imagem de Nossa Senhora em bronze corresponde \u00e0 Virgem vestida de sol. Sua raz\u00e3o \u00e9 apontar o Cristo, com a cruz e a forma do monumento, um tri\u00e2ngulo. Abaixo do nicho, o povo brasileiro que tem a Senhora Aparecida como protetora, Padroeira e Rainha de seu pa\u00eds, \u201caquela que nos aponta o Cristo\u201d, refor\u00e7ando que o Brasil \u00e9 uma na\u00e7\u00e3o crist\u00e3.<\/p>\n<p style=\"text-align: justify;\">Homenagem no Vaticano <\/p>\n<p>No dia 3 de setembro tamb\u00e9m foi inaugurado nos Jardins do Vaticano, em Roma, um monumento em homenagem \u00e0 Padroeira do Brasil com a ben\u00e7\u00e3o do papa Francisco. O pont\u00edfice expressou seu apre\u00e7o com a devo\u00e7\u00e3o a Nossa Senhora Aparecida, mas tamb\u00e9m ressaltou sua preocupa\u00e7\u00e3o com o atual momento vivido pelo Brasil, sobretudo com as crian\u00e7as e os mais necessitados de nosso pa\u00eds. A iniciativa da instala\u00e7\u00e3o do monumento partiu do Santu\u00e1rio Nacional, e foi articulada pela arquidiocese de Aparecida e pela Embaixada Brasileira no Vaticano. Em Aparecida, a inaugura\u00e7\u00e3o aconteceu no dia 8 de outubro, em meio as comemora\u00e7\u00f5es da Festa da Padroeira 2016.<\/p>\n<p style=\"text-align: justify;\">Festa sem o papa <\/p>\n<p>Em visita da Presid\u00eancia da CNBB ao papa Francisco, no \u00faltimo dia 20, no Vaticano, o pont\u00edfice informou que n\u00e3o poder\u00e1 visitar o Brasil em 2017. A expectativa era que Francisco visitasse o Santu\u00e1rio Nacional de Aparecida durante as comemora\u00e7\u00f5es dos 300 anos do encontro da imagem. <\/p>\n<p>\u201cEle disse que ano que vem n\u00e3o poder\u00e1 ir a Aparecida porque n\u00e3o h\u00e1 condi\u00e7\u00f5es pois foram suspensas as visitas dos bispos em 2016 e essas visitas ser\u00e3o acumuladas com as do pr\u00f3ximo ano\u201d, explicou o arcebispo de Salvador (BA) e o vice-presidente da CNBB, dom Murilo Krieger.<\/p>\n<p>Veja as fotos da celebra\u00e7\u00e3o de b\u00ean\u00e7\u00e3o do monumento<\/p>\n<p style=\"text-align: justify;\">\u00a0<\/p>\n<p style=\"text-align: justify;\">Fonte: CNBB<\/p>\n","protected":false},"excerpt":{"rendered":"<p>Em 2017, comemora-se o jubileu dos 300 anos do encontro da Imagem de Aparecida no rio Para\u00edba do Sul A Confer\u00eancia Nacional dos Bispos do Brasil (CNBB) inaugurou, nesta quinta-feira, dia 27, um monumento em homenagem a Nossa Senhora Aparecida. A obra de arte, instalada no jardim da sede da CNBB, em Bras\u00edlia (DF), foi [&hellip;]<\/p>\n","protected":false},"author":1,"featured_media":19062,"comment_status":"open","ping_status":"open","sticky":false,"template":"","format":"standard","meta":{"footnotes":""},"categories":[7],"tags":[],"class_list":["post-19063","post","type-post","status-publish","format-standard","has-post-thumbnail","hentry","category-cnbb"],"_links":{"self":[{"href":"https:\/\/catolicanet.net\/wp-cnet\/wp-json\/wp\/v2\/posts\/19063","targetHints":{"allow":["GET"]}}],"collection":[{"href":"https:\/\/catolicanet.net\/wp-cnet\/wp-json\/wp\/v2\/posts"}],"about":[{"href":"https:\/\/catolicanet.net\/wp-cnet\/wp-json\/wp\/v2\/types\/post"}],"author":[{"embeddable":true,"href":"https:\/\/catolicanet.net\/wp-cnet\/wp-json\/wp\/v2\/users\/1"}],"replies":[{"embeddable":true,"href":"https:\/\/catolicanet.net\/wp-cnet\/wp-json\/wp\/v2\/comments?post=19063"}],"version-history":[{"count":1,"href":"https:\/\/catolicanet.net\/wp-cnet\/wp-json\/wp\/v2\/posts\/19063\/revisions"}],"predecessor-version":[{"id":23372,"href":"https:\/\/catolicanet.net\/wp-cnet\/wp-json\/wp\/v2\/posts\/19063\/revisions\/23372"}],"wp:featuredmedia":[{"embeddable":true,"href":"https:\/\/catolicanet.net\/wp-cnet\/wp-json\/wp\/v2\/media\/19062"}],"wp:attachment":[{"href":"https:\/\/catolicanet.net\/wp-cnet\/wp-json\/wp\/v2\/media?parent=19063"}],"wp:term":[{"taxonomy":"category","embeddable":true,"href":"https:\/\/catolicanet.net\/wp-cnet\/wp-json\/wp\/v2\/categories?post=19063"},{"taxonomy":"post_tag","embeddable":true,"href":"https:\/\/catolicanet.net\/wp-cnet\/wp-json\/wp\/v2\/tags?post=19063"}],"curies":[{"name":"wp","href":"https:\/\/api.w.org\/{rel}","templated":true}]}}