{"id":19061,"date":"2016-10-27T15:35:27","date_gmt":"2016-10-27T17:35:27","guid":{"rendered":"http:\/\/catolicanet.net\/wp-cnet\/2016\/10\/27\/americanicaragua-observador-da-oea-na-nicaragua-os-bispos-pedem-um-dialogo-autentico\/"},"modified":"2017-05-30T16:30:23","modified_gmt":"2017-05-30T19:30:23","slug":"americanicaragua-observador-da-oea-na-nicaragua-os-bispos-pedem-um-dialogo-autentico","status":"publish","type":"post","link":"https:\/\/catolicanet.net\/wp-cnet\/americanicaragua-observador-da-oea-na-nicaragua-os-bispos-pedem-um-dialogo-autentico\/","title":{"rendered":"AM\u00c9RICA\/NICAR\u00c1GUA &#8211; Observador da OEA na Nicar\u00e1gua: os Bispos pedem um di\u00e1logo aut\u00eantico"},"content":{"rendered":"<p style=\"text-align: justify;\"><img decoding=\"async\" src=\"http:\/\/www.catolicanet.com.br\/images\/stories\/noticias\/primopiano_2735.jpg\" border=\"0\" align=\"left\" \/>Man\u00e1gua (Ag\u00eancia Fides) \u2013 \u00c9 oficial a not\u00edcia de que o Secret\u00e1rio-Geral da Organiza\u00e7\u00e3o dos Estados Americanos (OEA) aceitou o convite formal por parte do governo da Nicar\u00e1gua para visitar o pa\u00eds nos dias 5, 6 e 7 de novembro, para encontrar especialistas e organismos estatais envolvidos no processo eleitoral. De fato, em 6 de novembro, 3,4 milh\u00f5es de cidad\u00e3os nicaraguenses ser\u00e3o chamados \u00e0s urnas para eleger o Presidente da Rep\u00fablica e 90 deputados da Assembleia Nacional, num clima que ainda permanece tenso (veja Fides 5\/10\/2016).<br \/>Sobre a not\u00edcia, os Bispos da Nicar\u00e1gua expressaram seu parecer a respeito, segundo a nota enviada a Fides. &#8220;Por princ\u00edpio, consideramos que o di\u00e1logo seja o melhor m\u00e9todo e a Igreja sempre defende este m\u00e9todo civil \u2013 disse Dom Jorge Sol\u00f3rzano, Bispo de Granada e porta-voz da Confer\u00eancia Episcopal -. Estamos rezando para que seja um di\u00e1logo verdadeiro e n\u00e3o tenha ciladas pol\u00edticas, mas que seja um di\u00e1logo aut\u00eantico e consiga produzir frutos, um di\u00e1logo amplo e inclusivo. N\u00f3s, no momento, estamos rezando e esperando&#8221;.<br \/>Essas declara\u00e7\u00f5es foram feitas pelo porta-voz da Confer\u00eancia Episcopal da Nicar\u00e1gua (CEN) num breve encontro ontem com a imprensa, e foram acompanhadas pelo pronunciamento do Vice-presidente da CEN, Dom C\u00e9sar Bosco Vivas Robelo, Bispo de Leon na Nicar\u00e1gua: &#8220;Queremos um di\u00e1logo aut\u00eantico, n\u00e3o um mon\u00f3logo para ganhar tempo, como vimos tantas vezes no passado; deveria ser um di\u00e1logo que busca o bem comum&#8221;.<br \/>\u00c0 pergunta feita pelos jornalistas sobre o voto dos Bispos para as elei\u00e7\u00f5es de 6 de novembro, Dom Sol\u00f3rzano respondeu: &#8220;Estamos num per\u00edodo de reflex\u00e3o&#8221;, e com as palavras de Dom Silvio Jos\u00e9 Baez concluiu: &#8220;Os Bispos da Nicar\u00e1gua n\u00e3o convidam a votar, mas a decidir segundo a pr\u00f3pria consci\u00eancia se votar ou n\u00e3o&#8221;.<\/p>\n<p style=\"text-align: justify;\">\u00a0<\/p>\n<p style=\"text-align: justify;\">Fonte: Ag\u00eancia Fides<\/p>\n","protected":false},"excerpt":{"rendered":"<p>Man\u00e1gua (Ag\u00eancia Fides) \u2013 \u00c9 oficial a not\u00edcia de que o Secret\u00e1rio-Geral da Organiza\u00e7\u00e3o dos Estados Americanos (OEA) aceitou o convite formal por parte do governo da Nicar\u00e1gua para visitar o pa\u00eds nos dias 5, 6 e 7 de novembro, para encontrar especialistas e organismos estatais envolvidos no processo eleitoral. De fato, em 6 de [&hellip;]<\/p>\n","protected":false},"author":1,"featured_media":19060,"comment_status":"open","ping_status":"open","sticky":false,"template":"","format":"standard","meta":{"footnotes":""},"categories":[4],"tags":[],"class_list":["post-19061","post","type-post","status-publish","format-standard","has-post-thumbnail","hentry","category-cotidiano"],"_links":{"self":[{"href":"https:\/\/catolicanet.net\/wp-cnet\/wp-json\/wp\/v2\/posts\/19061","targetHints":{"allow":["GET"]}}],"collection":[{"href":"https:\/\/catolicanet.net\/wp-cnet\/wp-json\/wp\/v2\/posts"}],"about":[{"href":"https:\/\/catolicanet.net\/wp-cnet\/wp-json\/wp\/v2\/types\/post"}],"author":[{"embeddable":true,"href":"https:\/\/catolicanet.net\/wp-cnet\/wp-json\/wp\/v2\/users\/1"}],"replies":[{"embeddable":true,"href":"https:\/\/catolicanet.net\/wp-cnet\/wp-json\/wp\/v2\/comments?post=19061"}],"version-history":[{"count":1,"href":"https:\/\/catolicanet.net\/wp-cnet\/wp-json\/wp\/v2\/posts\/19061\/revisions"}],"predecessor-version":[{"id":25004,"href":"https:\/\/catolicanet.net\/wp-cnet\/wp-json\/wp\/v2\/posts\/19061\/revisions\/25004"}],"wp:featuredmedia":[{"embeddable":true,"href":"https:\/\/catolicanet.net\/wp-cnet\/wp-json\/wp\/v2\/media\/19060"}],"wp:attachment":[{"href":"https:\/\/catolicanet.net\/wp-cnet\/wp-json\/wp\/v2\/media?parent=19061"}],"wp:term":[{"taxonomy":"category","embeddable":true,"href":"https:\/\/catolicanet.net\/wp-cnet\/wp-json\/wp\/v2\/categories?post=19061"},{"taxonomy":"post_tag","embeddable":true,"href":"https:\/\/catolicanet.net\/wp-cnet\/wp-json\/wp\/v2\/tags?post=19061"}],"curies":[{"name":"wp","href":"https:\/\/api.w.org\/{rel}","templated":true}]}}