{"id":19059,"date":"2016-10-27T15:30:12","date_gmt":"2016-10-27T17:30:12","guid":{"rendered":"http:\/\/catolicanet.net\/wp-cnet\/2016\/10\/27\/asiapaquistao-demite-se-do-supremo-tribunal-o-magistrado-que-nao-quis-julgar-asia-bibi\/"},"modified":"2017-05-30T16:30:23","modified_gmt":"2017-05-30T19:30:23","slug":"asiapaquistao-demite-se-do-supremo-tribunal-o-magistrado-que-nao-quis-julgar-asia-bibi","status":"publish","type":"post","link":"https:\/\/catolicanet.net\/wp-cnet\/asiapaquistao-demite-se-do-supremo-tribunal-o-magistrado-que-nao-quis-julgar-asia-bibi\/","title":{"rendered":"\u00c1SIA\/PAQUIST\u00c3O &#8211; Demite-se do Supremo Tribunal o magistrado que n\u00e3o quis julgar Asia Bibi"},"content":{"rendered":"<p style=\"text-align: justify;\"><img decoding=\"async\" src=\"http:\/\/www.catolicanet.com.br\/images\/stories\/noticias\/primopiano_2734.jpg\" border=\"0\" align=\"left\" \/>Islamabad (Ag\u00eancia Fides) \u2013 O juiz do Supremo Tribunal do Paquist\u00e3o Iqbal Hameedur Rehman, que em 13 de outubro passado, se retirou repentinamente do col\u00e9gio que deveria examinar o caso de Asia Bibi, causando o adiamento da audi\u00eancia, demitiu-se oficialmente do Supremo Tribunal. Como apurado pela Fides, o juiz escreveu uma carta a Mamnoon Hussain, Presidente do Paquist\u00e3o, sem indicar os motivos espec\u00edficos do pedido de demiss\u00e3o. Iqbal Hameedur Rehman havia sido nomeado como membro do col\u00e9gio de tr\u00eas ju\u00edzes para o col\u00e9gio de tr\u00eas ju\u00edzes para escutar o recurso final de Asia Bibi, a crist\u00e3 condenada \u00e0 morte por blasf\u00eamia na primeira inst\u00e2ncia e no apelo.<br \/>O magistrado justificou sua ren\u00fancia afirmando que foi um membro do col\u00e9gio que julgou o caso de Salman Taseer, ex-governador de Punjab, assassinado por seu guarda-costas por ter defendido Asia Bibi.<br \/>Quando um juiz se demite, o Presidente do Supremo Tribunal deve nomear outro magistrado, mas n\u00e3o h\u00e1 certezas sobre os tempos da escolha. \u201cContinuamos confiantes e esperamos que o Presidente confie o caso de Asia Bibi a um col\u00e9gio que julgue novamente\u201d, comenta \u00e0 Fides Joseph Nadeem, tutor da fam\u00edlia de Asia Bibi e presente na audi\u00eancia de 13 de outubro.<br \/>\u201cO que nos surpreendeu foi a pouca tempestividade: o juiz Rehman deveria ter-se retirado nos dias precedentes, a fim de que o caso fosse entregue diretamente a outro col\u00e9gio\u201d frisou. Com a sua decis\u00e3o inesperada, o juiz foi obrigado a adiar.<br \/>Nos dias passados, grupos radicais organizaram manifesta\u00e7\u00f5es em Karachi, Islamabad e Lahore pedindo a execu\u00e7\u00e3o capital para Asia Bibi e amea\u00e7ando as institui\u00e7\u00f5es paquistanesas de desencadear uma guerra\u201d se Asia Bibi for libertada.<\/p>\n<p style=\"text-align: justify;\">\u00a0<\/p>\n<p style=\"text-align: justify;\">Fonte: Ag\u00eancia Fides<\/p>\n","protected":false},"excerpt":{"rendered":"<p>Islamabad (Ag\u00eancia Fides) \u2013 O juiz do Supremo Tribunal do Paquist\u00e3o Iqbal Hameedur Rehman, que em 13 de outubro passado, se retirou repentinamente do col\u00e9gio que deveria examinar o caso de Asia Bibi, causando o adiamento da audi\u00eancia, demitiu-se oficialmente do Supremo Tribunal. Como apurado pela Fides, o juiz escreveu uma carta a Mamnoon Hussain, [&hellip;]<\/p>\n","protected":false},"author":1,"featured_media":19058,"comment_status":"open","ping_status":"open","sticky":false,"template":"","format":"standard","meta":{"footnotes":""},"categories":[4],"tags":[],"class_list":["post-19059","post","type-post","status-publish","format-standard","has-post-thumbnail","hentry","category-cotidiano"],"_links":{"self":[{"href":"https:\/\/catolicanet.net\/wp-cnet\/wp-json\/wp\/v2\/posts\/19059","targetHints":{"allow":["GET"]}}],"collection":[{"href":"https:\/\/catolicanet.net\/wp-cnet\/wp-json\/wp\/v2\/posts"}],"about":[{"href":"https:\/\/catolicanet.net\/wp-cnet\/wp-json\/wp\/v2\/types\/post"}],"author":[{"embeddable":true,"href":"https:\/\/catolicanet.net\/wp-cnet\/wp-json\/wp\/v2\/users\/1"}],"replies":[{"embeddable":true,"href":"https:\/\/catolicanet.net\/wp-cnet\/wp-json\/wp\/v2\/comments?post=19059"}],"version-history":[{"count":1,"href":"https:\/\/catolicanet.net\/wp-cnet\/wp-json\/wp\/v2\/posts\/19059\/revisions"}],"predecessor-version":[{"id":25005,"href":"https:\/\/catolicanet.net\/wp-cnet\/wp-json\/wp\/v2\/posts\/19059\/revisions\/25005"}],"wp:featuredmedia":[{"embeddable":true,"href":"https:\/\/catolicanet.net\/wp-cnet\/wp-json\/wp\/v2\/media\/19058"}],"wp:attachment":[{"href":"https:\/\/catolicanet.net\/wp-cnet\/wp-json\/wp\/v2\/media?parent=19059"}],"wp:term":[{"taxonomy":"category","embeddable":true,"href":"https:\/\/catolicanet.net\/wp-cnet\/wp-json\/wp\/v2\/categories?post=19059"},{"taxonomy":"post_tag","embeddable":true,"href":"https:\/\/catolicanet.net\/wp-cnet\/wp-json\/wp\/v2\/tags?post=19059"}],"curies":[{"name":"wp","href":"https:\/\/api.w.org\/{rel}","templated":true}]}}