{"id":19043,"date":"2016-10-27T13:14:24","date_gmt":"2016-10-27T15:14:24","guid":{"rendered":"http:\/\/catolicanet.net\/wp-cnet\/2016\/10\/27\/trafico-de-pessoas-sensibilizar-a-sociedade-e-o-desafio-no-brasil\/"},"modified":"2017-06-02T14:33:54","modified_gmt":"2017-06-02T17:33:54","slug":"trafico-de-pessoas-sensibilizar-a-sociedade-e-o-desafio-no-brasil","status":"publish","type":"post","link":"https:\/\/catolicanet.net\/wp-cnet\/trafico-de-pessoas-sensibilizar-a-sociedade-e-o-desafio-no-brasil\/","title":{"rendered":"Tr\u00e1fico de pessoas: sensibilizar a sociedade \u00e9 o desafio no Brasil"},"content":{"rendered":"<p style=\"text-align: justify;\"><img decoding=\"async\" src=\"http:\/\/www.catolicanet.com.br\/images\/stories\/papas\/ossrom135238_articolo.jpg\" border=\"0\" align=\"left\" \/>Cidade do Vaticano (RV) \u2013 A audi\u00eancia com o Papa Francisco nesta quinta-feira (27\/10) \u00e9 o \u00e1pice do encontro realizado no Vaticano do chamado \u201cGrupo Santa Marta\u201d, que se ocupa do tr\u00e1fico de pessoas.<\/p>\n<p>O Grupo apresenta ao Papa Francisco um relat\u00f3rio com o progresso que tem sido feito desde o acordo assinado h\u00e1 dois anos, em que cada um dos 24 chefes de pol\u00edcia se empenhava em desenvolver parcerias com a Igreja e com a sociedade civil para levar \u00e0 Justi\u00e7a os respons\u00e1veis pelo crime do tr\u00e1fico e para aliviar o sofrimento das v\u00edtimas.<\/p>\n<p>A Diretora do Instituto Migra\u00e7\u00f5es e Direitos Humanos (IMDH), Ir. Rosita Milesi, participa pela primeira vez deste encontro e compartilhou a experi\u00eancia brasileira neste campo. Ela afirma que o Brasil avan\u00e7ou em termos de legisla\u00e7\u00e3o, de criminalizar os respons\u00e1veis por este crime, mas precisa \u201ccaminhar muito\u201d quanto \u00e0 sensibiliza\u00e7\u00e3o da sociedade.<\/p>\n<p><a href=\"http:\/\/media02.radiovaticana.va\/audio\/audio2\/mp3\/00554530.mp3\">Clique aqui para ouvir:<\/a><\/p>\n<p style=\"text-align: justify;\">\u00a0<\/p>\n<p style=\"text-align: justify;\">Fonte: R\u00e1dio Vaticano<\/p>\n","protected":false},"excerpt":{"rendered":"<p>Cidade do Vaticano (RV) \u2013 A audi\u00eancia com o Papa Francisco nesta quinta-feira (27\/10) \u00e9 o \u00e1pice do encontro realizado no Vaticano do chamado \u201cGrupo Santa Marta\u201d, que se ocupa do tr\u00e1fico de pessoas. O Grupo apresenta ao Papa Francisco um relat\u00f3rio com o progresso que tem sido feito desde o acordo assinado h\u00e1 dois [&hellip;]<\/p>\n","protected":false},"author":1,"featured_media":19042,"comment_status":"open","ping_status":"open","sticky":false,"template":"","format":"standard","meta":{"footnotes":""},"categories":[3],"tags":[],"class_list":["post-19043","post","type-post","status-publish","format-standard","has-post-thumbnail","hentry","category-vaticano"],"_links":{"self":[{"href":"https:\/\/catolicanet.net\/wp-cnet\/wp-json\/wp\/v2\/posts\/19043","targetHints":{"allow":["GET"]}}],"collection":[{"href":"https:\/\/catolicanet.net\/wp-cnet\/wp-json\/wp\/v2\/posts"}],"about":[{"href":"https:\/\/catolicanet.net\/wp-cnet\/wp-json\/wp\/v2\/types\/post"}],"author":[{"embeddable":true,"href":"https:\/\/catolicanet.net\/wp-cnet\/wp-json\/wp\/v2\/users\/1"}],"replies":[{"embeddable":true,"href":"https:\/\/catolicanet.net\/wp-cnet\/wp-json\/wp\/v2\/comments?post=19043"}],"version-history":[{"count":1,"href":"https:\/\/catolicanet.net\/wp-cnet\/wp-json\/wp\/v2\/posts\/19043\/revisions"}],"predecessor-version":[{"id":27364,"href":"https:\/\/catolicanet.net\/wp-cnet\/wp-json\/wp\/v2\/posts\/19043\/revisions\/27364"}],"wp:featuredmedia":[{"embeddable":true,"href":"https:\/\/catolicanet.net\/wp-cnet\/wp-json\/wp\/v2\/media\/19042"}],"wp:attachment":[{"href":"https:\/\/catolicanet.net\/wp-cnet\/wp-json\/wp\/v2\/media?parent=19043"}],"wp:term":[{"taxonomy":"category","embeddable":true,"href":"https:\/\/catolicanet.net\/wp-cnet\/wp-json\/wp\/v2\/categories?post=19043"},{"taxonomy":"post_tag","embeddable":true,"href":"https:\/\/catolicanet.net\/wp-cnet\/wp-json\/wp\/v2\/tags?post=19043"}],"curies":[{"name":"wp","href":"https:\/\/api.w.org\/{rel}","templated":true}]}}