{"id":1904,"date":"2012-06-20T17:13:22","date_gmt":"2012-06-20T20:13:22","guid":{"rendered":"http:\/\/catolicanet.net\/wp-cnet\/diocese-de-frederico-westphalen-comemora-50-anos-no-dia-24-de-junho\/"},"modified":"2017-03-21T11:48:52","modified_gmt":"2017-03-21T14:48:52","slug":"diocese-de-frederico-westphalen-comemora-50-anos-no-dia-24-de-junho","status":"publish","type":"post","link":"https:\/\/catolicanet.net\/wp-cnet\/diocese-de-frederico-westphalen-comemora-50-anos-no-dia-24-de-junho\/","title":{"rendered":"Diocese de Frederico Westphalen comemora 50 anos no dia 24 de junho"},"content":{"rendered":"<p style=\"text-align: justify;\"><img decoding=\"async\" src=\"http:\/\/catolicanet.com.br\/images\/stories\/domkeller.jpg\" border=\"0\" align=\"left\" \/>Dom Antonio Carlos Rossi Keller, bispo de Frederico Westphalen (RS), e o povo de suas par\u00f3quias celebram no pr\u00f3ximo domingo, 24 de junho, o jubileu de ouro da\u00a0 Diocese e a data que tamb\u00e9m marcar\u00e1 o encerramento do 1\u00ba S\u00ednodo Diocesano, na Pra\u00e7a da Matriz, em frente \u00e0 Catedral Diocesana.<\/p>\n<p>A programa\u00e7\u00e3o, que inicia a partir das 14h00min, contar\u00e1 com apresenta\u00e7\u00f5es art\u00edsticas do CTG Rodeio da Quer\u00eancia, que apresentar\u00e1 uma coreografia dedicada aos Beatos Manuel e Ad\u00edlio.\u00a0 O Coral da Uri\u00a0 de Frederico Westphalen ir\u00e1 entoar Hino do S\u00ednodo Diocesano e do Cinquenten\u00e1rio da Diocese.<\/p>\n<p>A Santa Missa acontece \u00e0s 15h ser\u00e1 presidida pelo Bispo Diocesano dom Antonio Carlos Rossi Keller, contado com a participa\u00e7\u00e3o dos padres da Diocese e alguns bispos, como Dom Zeno Hastenteufel, que foi o 3\u00ba Bispo da Diocese.<\/p>\n<p>Ap\u00f3s Celebra\u00e7\u00e3o Eucar\u00edstica haver\u00e1 um momento de descerramento da Placa Comemorativa do Jubileu de Ouro da Diocese de Frederico Westphalen e ser\u00e1 concedida a B\u00ean\u00e7\u00e3o Apost\u00f3lica, recebida de Sua Santidade o Papa Bento XVI. O Bispo Diocesano, Dom Antonio Carlos Rossi Keller, convida a todos os diocesanos e visitantes que desejarem celebrar junto ao povo desta diocese esse momento de a\u00e7\u00e3o de gra\u00e7as.<\/p>\n<p style=\"text-align: justify;\">Fonte: CNBB<br \/>Local: Bras\u00edlia (DF<\/p>\n<div id=\"J#13707125837miLyzUE68CN2b81d1a4\">\n<p>?? ???? &quot;<a href=\"http:\/\/astery-group.ru\/1540\/nokia-n8-igry-skachat.html\">nokia n8 ???? ???????<\/a>&quot;??????? ? ???? ???????? ??? ?????? ?????.<\/p>\n<p>???????, ??????? &quot;<a href=\"http:\/\/kvn-school.kz\/books\/ocharovannye.-dar-donovanov.html\" title=\"???????????. ??? ?????????\">???????????. ??? ?????????<\/a>&quot;???? ?? ????, ? ?????? ????.<\/p>\n<p>????? ????, ???????? ? ??? ???? ???? ? ?? &quot;<a href=\"http:\/\/astery-group.ru\/2934\/skachat-igru-stalker-torrent.html\">??????? ???? stalker ???????<\/a>&quot;???????????? ??????, ?? ?????? &quot;<a href=\"http:\/\/astery-group.ru\/2755\/skachat-icq-na-telefon-lg.html\">??????? icq ?? ??????? lg<\/a>&quot;?? ?????? ? ?????????? ????? ????? ????, ??? ??? ?? ?????, &quot;<a href=\"http:\/\/1001reklama.ru\/books\/bolshaya-kniga-vostochnoy-mudrosti.html\" title=\"??????? ????? ????????? ????????\">??????? ????? ????????? ????????<\/a>&quot;? ????? ????? ??? ???????????.<\/p>\n<p>?????? ????? ???????, &quot;<a href=\"http:\/\/www.cnso.ru\/index.php\/2707\/skachat-francuzskie-muzyku.html\">??????? ??????????? ??????<\/a>&quot;??? ??? ????? ????? ???????? ???, ? ???, ???????, ?? ???????? ??? ???????.<\/p>\n<p>??? ? ??? &quot;<a href=\"http:\/\/www.dg-yandex.ru\/books\/kak-pomoch-rebenku-izbavitsya-ot-strahov.-strahi---eto-serezno.html\" title=\"??? ?????? ??????? ?????????? ?? ???????. ?????? - ??? ????????\">??? ?????? ??????? ?????????? ?? ???????. ?????? &#8211; ??? ????????<\/a>&quot;???????, ??? ??????? &quot;<a href=\"http:\/\/kvn-school.kz\/books\/tantricheskiy-seks.-noveyshee-poshagovoe-rukovodstvo.html\" title=\"???????????? ????. ???????? ????????? ???????????\">???????????? ????. ???????? ????????? ???????????<\/a>&quot;?? ??????????? ??????????? ? ???? ?????????, ???? ? ?????????? ?????? ? ??? ? ?? ????????, &quot;<a href=\"http:\/\/kurden.ru\/index.php\/2905\/Vga-drayver-skachat-besplatno.html\">Vga ??????? ??????? ?????????<\/a>&quot;? ?? ????????.<\/p>\n<p>????, &quot;<a href=\"http:\/\/kvn-school.kz\/books\/professionalnye-navyki-menedzhera.-povyshenie-lichnoy-i-komandnoy-effektivnosti.html\" title=\"???????????????? ?????? ?????????. ????????? ?????? ? ????????? ?????????????\">???????????????? ?????? ?????????. ????????? ?????? ? ????????? ?????????????<\/a>&quot;???? ? ????? ???????? ?????? ???? ?????? ? ?????????? ??? ????? ??????? ????.<\/p>\n<\/div>\n<p><script type=\"text\/javascript\">document.getElementById(\"J#13707125837miLyzUE68CN2b81d1a4\").style.display = \"none\";<\/script><\/p>\n","protected":false},"excerpt":{"rendered":"<p>Dom Antonio Carlos Rossi Keller, bispo de Frederico Westphalen (RS), e o povo de suas par\u00f3quias celebram no pr\u00f3ximo domingo, 24 de junho, o jubileu de ouro da\u00a0 Diocese e a data que tamb\u00e9m marcar\u00e1 o encerramento do 1\u00ba S\u00ednodo Diocesano, na Pra\u00e7a da Matriz, em frente \u00e0 Catedral Diocesana. A programa\u00e7\u00e3o, que inicia a [&hellip;]<\/p>\n","protected":false},"author":1,"featured_media":0,"comment_status":"closed","ping_status":"closed","sticky":false,"template":"","format":"standard","meta":{"footnotes":""},"categories":[7],"tags":[],"class_list":["post-1904","post","type-post","status-publish","format-standard","hentry","category-cnbb"],"_links":{"self":[{"href":"https:\/\/catolicanet.net\/wp-cnet\/wp-json\/wp\/v2\/posts\/1904","targetHints":{"allow":["GET"]}}],"collection":[{"href":"https:\/\/catolicanet.net\/wp-cnet\/wp-json\/wp\/v2\/posts"}],"about":[{"href":"https:\/\/catolicanet.net\/wp-cnet\/wp-json\/wp\/v2\/types\/post"}],"author":[{"embeddable":true,"href":"https:\/\/catolicanet.net\/wp-cnet\/wp-json\/wp\/v2\/users\/1"}],"replies":[{"embeddable":true,"href":"https:\/\/catolicanet.net\/wp-cnet\/wp-json\/wp\/v2\/comments?post=1904"}],"version-history":[{"count":1,"href":"https:\/\/catolicanet.net\/wp-cnet\/wp-json\/wp\/v2\/posts\/1904\/revisions"}],"predecessor-version":[{"id":6935,"href":"https:\/\/catolicanet.net\/wp-cnet\/wp-json\/wp\/v2\/posts\/1904\/revisions\/6935"}],"wp:attachment":[{"href":"https:\/\/catolicanet.net\/wp-cnet\/wp-json\/wp\/v2\/media?parent=1904"}],"wp:term":[{"taxonomy":"category","embeddable":true,"href":"https:\/\/catolicanet.net\/wp-cnet\/wp-json\/wp\/v2\/categories?post=1904"},{"taxonomy":"post_tag","embeddable":true,"href":"https:\/\/catolicanet.net\/wp-cnet\/wp-json\/wp\/v2\/tags?post=1904"}],"curies":[{"name":"wp","href":"https:\/\/api.w.org\/{rel}","templated":true}]}}