{"id":19039,"date":"2023-10-27T00:00:43","date_gmt":"2023-10-27T03:00:43","guid":{"rendered":"http:\/\/catolicanet.net\/wp-cnet\/2016\/10\/27\/sao-goncalo-de-lagos-homem-zeloso-e-cheio-de-pureza\/"},"modified":"2023-01-02T17:28:24","modified_gmt":"2023-01-02T20:28:24","slug":"sao-goncalo-de-lagos-homem-zeloso-e-cheio-de-pureza","status":"publish","type":"post","link":"https:\/\/catolicanet.net\/wp-cnet\/sao-goncalo-de-lagos-homem-zeloso-e-cheio-de-pureza\/","title":{"rendered":"S\u00e3o Gon\u00e7alo de Lagos"},"content":{"rendered":"<p style=\"text-align: justify;\">S\u00e3o Gon\u00e7alo de Lagos Dedicou-se \u00e0 uma vida de jejuns e penit\u00eancias enquanto aplicava-se \u00e0s letras e aos estudos<\/p>\n<p>Este santo portugu\u00eas nasceu em Lagos, no Algarve, por volta do ano de 1370. Tomou o h\u00e1bito de Santo Agostinho no convento da Gra\u00e7a, em Lisboa, aos 20 anos.<\/p>\n<p>Dedicou-se \u00e0 uma vida de jejuns e de penit\u00eancias enquanto aplicava-se \u00e0s letras, aos estudos. Homem zeloso na viv\u00eancia da Regra Religiosa, virtuoso e cheio de pureza, Gon\u00e7alo dedicou-se tamb\u00e9m \u00e0 prega\u00e7\u00e3o chegando a ser superior de alguns mosteiros da sua Ordem.<\/p>\n<p>O \u00faltimo mosteiro foi o de Torres Vedras, onde morreu em 1422, depois de exortar aos que viviam com ele no mosteiro \u00e0 observ\u00e2ncia religiosa e \u00e0 uma vida virtuosa.<\/p>\n<p style=\"text-align: justify;\">S\u00e3o Gon\u00e7alo de Lagos, rogai por n\u00f3s!<\/p>\n","protected":false},"excerpt":{"rendered":"<p>S\u00e3o Gon\u00e7alo de Lagos Dedicou-se \u00e0 uma vida de jejuns e penit\u00eancias enquanto aplicava-se \u00e0s letras e aos estudos Este santo portugu\u00eas nasceu em Lagos, no Algarve, por volta do ano de 1370. Tomou o h\u00e1bito de Santo Agostinho no convento da Gra\u00e7a, em Lisboa, aos 20 anos. Dedicou-se \u00e0 uma vida de jejuns e [&hellip;]<\/p>\n","protected":false},"author":1,"featured_media":22936,"comment_status":"open","ping_status":"open","sticky":false,"template":"","format":"standard","meta":{"footnotes":""},"categories":[32],"tags":[],"class_list":["post-19039","post","type-post","status-publish","format-standard","has-post-thumbnail","hentry","category-santo-do-dia"],"_links":{"self":[{"href":"https:\/\/catolicanet.net\/wp-cnet\/wp-json\/wp\/v2\/posts\/19039","targetHints":{"allow":["GET"]}}],"collection":[{"href":"https:\/\/catolicanet.net\/wp-cnet\/wp-json\/wp\/v2\/posts"}],"about":[{"href":"https:\/\/catolicanet.net\/wp-cnet\/wp-json\/wp\/v2\/types\/post"}],"author":[{"embeddable":true,"href":"https:\/\/catolicanet.net\/wp-cnet\/wp-json\/wp\/v2\/users\/1"}],"replies":[{"embeddable":true,"href":"https:\/\/catolicanet.net\/wp-cnet\/wp-json\/wp\/v2\/comments?post=19039"}],"version-history":[{"count":3,"href":"https:\/\/catolicanet.net\/wp-cnet\/wp-json\/wp\/v2\/posts\/19039\/revisions"}],"predecessor-version":[{"id":22937,"href":"https:\/\/catolicanet.net\/wp-cnet\/wp-json\/wp\/v2\/posts\/19039\/revisions\/22937"}],"wp:featuredmedia":[{"embeddable":true,"href":"https:\/\/catolicanet.net\/wp-cnet\/wp-json\/wp\/v2\/media\/22936"}],"wp:attachment":[{"href":"https:\/\/catolicanet.net\/wp-cnet\/wp-json\/wp\/v2\/media?parent=19039"}],"wp:term":[{"taxonomy":"category","embeddable":true,"href":"https:\/\/catolicanet.net\/wp-cnet\/wp-json\/wp\/v2\/categories?post=19039"},{"taxonomy":"post_tag","embeddable":true,"href":"https:\/\/catolicanet.net\/wp-cnet\/wp-json\/wp\/v2\/tags?post=19039"}],"curies":[{"name":"wp","href":"https:\/\/api.w.org\/{rel}","templated":true}]}}