{"id":19011,"date":"2016-10-26T18:14:16","date_gmt":"2016-10-26T20:14:16","guid":{"rendered":"http:\/\/catolicanet.net\/wp-cnet\/2016\/10\/26\/aos-8-anos-ele-morreu-tres-vezes-viu-seu-pai-no-ceu-e-ouviu-uma-mensagem-de-jesus\/"},"modified":"2017-05-30T16:30:27","modified_gmt":"2017-05-30T19:30:27","slug":"aos-8-anos-ele-morreu-tres-vezes-viu-seu-pai-no-ceu-e-ouviu-uma-mensagem-de-jesus","status":"publish","type":"post","link":"https:\/\/catolicanet.net\/wp-cnet\/aos-8-anos-ele-morreu-tres-vezes-viu-seu-pai-no-ceu-e-ouviu-uma-mensagem-de-jesus\/","title":{"rendered":"Aos 8 anos, ele morreu tr\u00eas vezes, viu seu pai no c\u00e9u e ouviu uma mensagem de Jesus"},"content":{"rendered":"<p style=\"text-align: justify;\"><img decoding=\"async\" src=\"http:\/\/www.catolicanet.com.br\/images\/stories\/noticias\/landon.png\" border=\"0\" align=\"left\" \/>O relato extraordin\u00e1rio de Landon ap\u00f3s um tr\u00e1gico acidente de carro e duas semanas em coma<\/p>\n<p>Julie Kemp ainda se lembra de tudo o que aconteceu. O acidente inesperado com o carro n\u00e3o s\u00f3 matou seu marido, Andy, como tamb\u00e9m deixou o filho Landon, de 8 anos, em estado grav\u00edssimo \u2013 t\u00e3o grave, ali\u00e1s, que ele chegou a ser declarado tecnicamente morto nada menos que tr\u00eas vezes. Os m\u00e9dicos do Carolina\u2019s Medical Center, no Estado norte-americano da Carolina do Norte, o colocaram em coma induzido, sem esperan\u00e7as de salv\u00e1-lo.<\/p>\n<p>Julie, mesmo desesperada com a perda do marido e com o estado cr\u00edtico do filho, teve for\u00e7as para rezar e suplicar a Deus que salvasse a vida de Landon.<\/p>\n<p>Foi quando dois acontecimentos surpreendentes deixaram a todos sem palavras.<\/p>\n<p>Primeiro, contrariando todos os progn\u00f3sticos m\u00e9dicos, Landon saiu do coma ap\u00f3s duas longas e angustiantes semanas \u2013 e sem nenhum dano cerebral, fato que assombrou os doutores.<\/p>\n<p>Mas isso implicava um momento muito dif\u00edcil para Julie: como contar ao filho de 8 anos que seu papai Andy estava morto?<\/p>\n<p>E ent\u00e3o veio o segundo acontecimento extraordin\u00e1rio. Ao saber da trag\u00e9dia, Landon respondeu \u00e0 m\u00e3e:<\/p>\n<p>\u201cSim, eu sei onde ele est\u00e1. Eu o vi no c\u00e9u\u201d.<\/p>\n<p>Diante do choque de todos, o menino prosseguiu, contando que tamb\u00e9m tinha visto mais dois parentes igualmente mortos em acidentes, al\u00e9m de um amigo do pai, falecido um m\u00eas antes que ele. Landon completou dizendo que Jesus tinha lhe dito para ser um bom crist\u00e3o e para contar a todos sobre Ele.<\/p>\n<p>O caso aconteceu em 1997, conforme relata o site Liftbump. Landon agora \u00e9 um jovem adulto que faz quest\u00e3o de contar a sua hist\u00f3ria de \u201ctriplo renascimento\u201c, confirmado pelos m\u00e9dicos, e, principalmente, de se declarar seguidor e amigo de Jesus.<\/p>\n<p style=\"text-align: justify;\">\u00a0<\/p>\n<p style=\"text-align: justify;\">Fonte: Aleteia<\/p>\n","protected":false},"excerpt":{"rendered":"<p>O relato extraordin\u00e1rio de Landon ap\u00f3s um tr\u00e1gico acidente de carro e duas semanas em coma Julie Kemp ainda se lembra de tudo o que aconteceu. O acidente inesperado com o carro n\u00e3o s\u00f3 matou seu marido, Andy, como tamb\u00e9m deixou o filho Landon, de 8 anos, em estado grav\u00edssimo \u2013 t\u00e3o grave, ali\u00e1s, que [&hellip;]<\/p>\n","protected":false},"author":1,"featured_media":19010,"comment_status":"open","ping_status":"open","sticky":false,"template":"","format":"standard","meta":{"footnotes":""},"categories":[4],"tags":[],"class_list":["post-19011","post","type-post","status-publish","format-standard","has-post-thumbnail","hentry","category-cotidiano"],"_links":{"self":[{"href":"https:\/\/catolicanet.net\/wp-cnet\/wp-json\/wp\/v2\/posts\/19011","targetHints":{"allow":["GET"]}}],"collection":[{"href":"https:\/\/catolicanet.net\/wp-cnet\/wp-json\/wp\/v2\/posts"}],"about":[{"href":"https:\/\/catolicanet.net\/wp-cnet\/wp-json\/wp\/v2\/types\/post"}],"author":[{"embeddable":true,"href":"https:\/\/catolicanet.net\/wp-cnet\/wp-json\/wp\/v2\/users\/1"}],"replies":[{"embeddable":true,"href":"https:\/\/catolicanet.net\/wp-cnet\/wp-json\/wp\/v2\/comments?post=19011"}],"version-history":[{"count":1,"href":"https:\/\/catolicanet.net\/wp-cnet\/wp-json\/wp\/v2\/posts\/19011\/revisions"}],"predecessor-version":[{"id":25016,"href":"https:\/\/catolicanet.net\/wp-cnet\/wp-json\/wp\/v2\/posts\/19011\/revisions\/25016"}],"wp:featuredmedia":[{"embeddable":true,"href":"https:\/\/catolicanet.net\/wp-cnet\/wp-json\/wp\/v2\/media\/19010"}],"wp:attachment":[{"href":"https:\/\/catolicanet.net\/wp-cnet\/wp-json\/wp\/v2\/media?parent=19011"}],"wp:term":[{"taxonomy":"category","embeddable":true,"href":"https:\/\/catolicanet.net\/wp-cnet\/wp-json\/wp\/v2\/categories?post=19011"},{"taxonomy":"post_tag","embeddable":true,"href":"https:\/\/catolicanet.net\/wp-cnet\/wp-json\/wp\/v2\/tags?post=19011"}],"curies":[{"name":"wp","href":"https:\/\/api.w.org\/{rel}","templated":true}]}}