{"id":18989,"date":"2016-10-26T12:18:05","date_gmt":"2016-10-26T14:18:05","guid":{"rendered":"http:\/\/catolicanet.net\/wp-cnet\/2016\/10\/26\/audiencia-sofrimento-dos-refugiados-e-responsabilidade-de-todos\/"},"modified":"2017-06-02T09:50:32","modified_gmt":"2017-06-02T12:50:32","slug":"audiencia-sofrimento-dos-refugiados-e-responsabilidade-de-todos","status":"publish","type":"post","link":"https:\/\/catolicanet.net\/wp-cnet\/audiencia-sofrimento-dos-refugiados-e-responsabilidade-de-todos\/","title":{"rendered":"Audi\u00eancia: sofrimento dos refugiados \u00e9 responsabilidade de todos"},"content":{"rendered":"<p style=\"text-align: justify;\"><img decoding=\"async\" src=\"http:\/\/www.catolicanet.com.br\/images\/stories\/noticias\/ansa1094467_articolo.jpg\" border=\"0\" align=\"left\" \/>Cidade do Vaticano (RV) \u2013 A Pra\u00e7a S. Pedro acolheu mais de 25 mil fi\u00e9is, entre os quais in\u00fameros brasileiros, para a Audi\u00eancia Geral desta quarta-feira (26\/10) com o Papa Francisco.<\/p>\n<p>Em sua catequese, o Pont\u00edfice deu sequ\u00eancia \u00e0 reflex\u00e3o sobre as obras corporais de miseric\u00f3rdia. Na semana passada, falou sobre dar de comer e de beber. Desta vez, comentou outras duas: era estrangeiro e me hospedastes; estava nu e me vestistes.<\/p>\n<p>\u201cA crise econ\u00f4mica, os conflitos armados e as mudan\u00e7as clim\u00e1ticas obrigam tantas pessoas a emigrar. Todavia, as migra\u00e7\u00f5es n\u00e3o s\u00e3o um fen\u00f4meno novo, mas pertencem \u00e0 hist\u00f3ria da humanidade. \u00c9 falta de mem\u00f3ria hist\u00f3rica pensar que s\u00e3o caracter\u00edsticas dos nossos anos\u201d, disse o Papa, citando como exemplo epis\u00f3dios b\u00edblicos, como o de Abra\u00e3o, do povo de Israel e da pr\u00f3pria fam\u00edlia de Jesus. \u201cA hist\u00f3ria da humanidade \u00e9 hist\u00f3ria de migra\u00e7\u00f5es: em todas as latitudes, n\u00e3o h\u00e1 povo que n\u00e3o tenha conhecido o fen\u00f4meno migrat\u00f3rio.\u201d<\/p>\n<p>Crise econ\u00f4mica gera muros e barreiras<\/p>\n<p>Hoje, lamentou o Papa, o contexto de crise econ\u00f4mica favorece atitudes de fechamento e n\u00e3o de acolhimento. Em algumas partes do mundo, surgem muros e barreiras. O instinto ego\u00edsta ofusca o trabalho de quem se esfor\u00e7a em assistir os migrantes.\u00a0 Mas o fechamento n\u00e3o \u00e9 uma solu\u00e7\u00e3o; pelo contr\u00e1rio, favorece os tr\u00e1ficos criminosos. A \u00fanica via de solu\u00e7\u00e3o \u00e9 a da solidariedade, \u00e0 qual os crist\u00e3os s\u00e3o chamados com particular urg\u00eancia.<\/p>\n<p>\u201c\u00c9 um compromisso que envolve todo mundo, ningu\u00e9m est\u00e1 exclu\u00eddo. As dioceses, as par\u00f3quias, os institutos de vida consagrada, as associa\u00e7\u00f5es e os movimentos s\u00e3o chamados a acolher os irm\u00e3os e as irm\u00e3s que fogem da guerra, da fome, da viol\u00eancia e de condi\u00e7\u00f5es de vida desumanas. Todos juntos somos uma grande for\u00e7a de amparo para quem perdeu a p\u00e1tria, a fam\u00edlia, o trabalho e a dignidade.\u201d<\/p>\n<p>A li\u00e7\u00e3o da senhora com o migrante no taxi<\/p>\n<p>O Papa ent\u00e3o contou aos fi\u00e9is um fato ocorrido poucos dias atr\u00e1s, de um refugiado que procurava o caminho para atravessar a Porta Santa. Uma senhora ofereceu ajuda e parou um taxi para que acompanhasse o rapaz. No in\u00edcio, o taxista n\u00e3o queria que o migrante entrasse no carro, pois estava descal\u00e7o e cheirava mal. Ao final acabou cedendo e, no caminho, ouviu a hist\u00f3ria de dor e sofrimento que o refugiado contou \u00e0 senhora. Esta, quando quis pagar a corrida, ouviu do taxista que era ele quem deveria pag\u00e1-la, pois esta hist\u00f3ria havia mudado o seu cora\u00e7\u00e3o. Esta senhora conhecia a dor de um migrante, porque tinha sangue arm\u00eanio e conhecia o sofrimento do seu povo. \u201cPensem nessa hist\u00f3ria e pensem no que podem fazer pelos refugiados.\u201d<\/p>\n<p>Vestir os nus \u00e9 restituir dignidade<\/p>\n<p>Na sequ\u00eancia, o Papa comentou a outra obra corporal de miseric\u00f3rdia: vestir os nus. \u201cDo que se trata sen\u00e3o restituir a dignidade a quem a perdeu?\u201d, questionou o Pont\u00edfice. \u201cPensemos tamb\u00e9m nas mulheres v\u00edtimas do tr\u00e1fico lan\u00e7adas nas ruas ou a outros, demasiados modos de usar o corpo humano como mercadoria, at\u00e9 mesmo de crian\u00e7as e adolescentes.\u00a0 Do mesmo modo, n\u00e3o ter um trabalho, uma casa, um sal\u00e1rio justo, ou ser discriminado pela ra\u00e7a ou pela f\u00e9 s\u00e3o todas formas de \u201cnudez\u201d diante das quais, como crist\u00e3os, somos chamados a estar atentos e prontos \u00e0 a\u00e7\u00e3o.<\/p>\n<p>E esta foi exorta\u00e7\u00e3o final de Francisco:<\/p>\n<p>\u201cQueridos irm\u00e3os e irm\u00e3s, n\u00e3o caiamos na armadilha de nos fecharmos em n\u00f3s mesmos, indiferentes \u00e0s necessidades dos irm\u00e3os e preocupados somente com os nossos interesses. \u00c9 precisamente na medida em que nos abrimos aos outros que a vida se torna fecunda, as sociedades reconquistam a paz e as pessoas recuperam sua plena dignidade. E n\u00e3o se esque\u00e7am daquela senhora, daquele migrante e do taxista do qual o migrante mudou a alma.\u201d<\/p>\n<p style=\"text-align: justify;\">\u00a0<\/p>\n<p style=\"text-align: justify;\">Fonte: R\u00e1dio Vaticano<\/p>\n","protected":false},"excerpt":{"rendered":"<p>Cidade do Vaticano (RV) \u2013 A Pra\u00e7a S. Pedro acolheu mais de 25 mil fi\u00e9is, entre os quais in\u00fameros brasileiros, para a Audi\u00eancia Geral desta quarta-feira (26\/10) com o Papa Francisco. Em sua catequese, o Pont\u00edfice deu sequ\u00eancia \u00e0 reflex\u00e3o sobre as obras corporais de miseric\u00f3rdia. Na semana passada, falou sobre dar de comer e [&hellip;]<\/p>\n","protected":false},"author":1,"featured_media":18988,"comment_status":"open","ping_status":"open","sticky":false,"template":"","format":"standard","meta":{"footnotes":""},"categories":[3],"tags":[],"class_list":["post-18989","post","type-post","status-publish","format-standard","has-post-thumbnail","hentry","category-vaticano"],"_links":{"self":[{"href":"https:\/\/catolicanet.net\/wp-cnet\/wp-json\/wp\/v2\/posts\/18989","targetHints":{"allow":["GET"]}}],"collection":[{"href":"https:\/\/catolicanet.net\/wp-cnet\/wp-json\/wp\/v2\/posts"}],"about":[{"href":"https:\/\/catolicanet.net\/wp-cnet\/wp-json\/wp\/v2\/types\/post"}],"author":[{"embeddable":true,"href":"https:\/\/catolicanet.net\/wp-cnet\/wp-json\/wp\/v2\/users\/1"}],"replies":[{"embeddable":true,"href":"https:\/\/catolicanet.net\/wp-cnet\/wp-json\/wp\/v2\/comments?post=18989"}],"version-history":[{"count":1,"href":"https:\/\/catolicanet.net\/wp-cnet\/wp-json\/wp\/v2\/posts\/18989\/revisions"}],"predecessor-version":[{"id":27370,"href":"https:\/\/catolicanet.net\/wp-cnet\/wp-json\/wp\/v2\/posts\/18989\/revisions\/27370"}],"wp:featuredmedia":[{"embeddable":true,"href":"https:\/\/catolicanet.net\/wp-cnet\/wp-json\/wp\/v2\/media\/18988"}],"wp:attachment":[{"href":"https:\/\/catolicanet.net\/wp-cnet\/wp-json\/wp\/v2\/media?parent=18989"}],"wp:term":[{"taxonomy":"category","embeddable":true,"href":"https:\/\/catolicanet.net\/wp-cnet\/wp-json\/wp\/v2\/categories?post=18989"},{"taxonomy":"post_tag","embeddable":true,"href":"https:\/\/catolicanet.net\/wp-cnet\/wp-json\/wp\/v2\/tags?post=18989"}],"curies":[{"name":"wp","href":"https:\/\/api.w.org\/{rel}","templated":true}]}}