{"id":18958,"date":"2016-10-25T10:51:59","date_gmt":"2016-10-25T12:51:59","guid":{"rendered":"http:\/\/catolicanet.net\/wp-cnet\/2016\/10\/25\/papa-o-reino-de-deus-cresce-com-a-docilidade-nao-com-os-organogramas\/"},"modified":"2017-06-02T13:47:22","modified_gmt":"2017-06-02T16:47:22","slug":"papa-o-reino-de-deus-cresce-com-a-docilidade-nao-com-os-organogramas","status":"publish","type":"post","link":"https:\/\/catolicanet.net\/wp-cnet\/papa-o-reino-de-deus-cresce-com-a-docilidade-nao-com-os-organogramas\/","title":{"rendered":"Papa: o Reino de Deus cresce com a docilidade, n\u00e3o com os organogramas"},"content":{"rendered":"<p style=\"text-align: justify;\"><img decoding=\"async\" src=\"http:\/\/www.catolicanet.com.br\/images\/stories\/papas\/ossrom135095_articolo.jpg\" border=\"0\" align=\"left\" \/>Cidade do Vaticano (RV) \u2013 Para que o Reino de Deus cres\u00e7a, o Senhor requer a todos a docilidade. Esta foi a exorta\u00e7\u00e3o que o Papa Francisco dirigiu aos fi\u00e9is na Missa matutina (25\/10) na Casa Santa Marta.<\/p>\n<p>Bem-aventurados aqueles que \u201ccaminham na Lei do Senhor\u201d. O Papa iniciou a sua homilia destacando que a Lei n\u00e3o \u00e9 somente para estud\u00e1-la, mas para \u201ccaminh\u00e1-la\u201d. E acrescentou que a Lei \u201c\u00e9 para a vida, \u00e9 para ajudar a fazer o Reino, a fazer a vida\u201d. Hoje, disse ainda Francisco, o Senhor \u201cnos diz que tamb\u00e9m o Reino est\u00e1 em caminho\u201d:<\/p>\n<p>\u201cO que \u00e9 o Reino de Deus? Eh, talvez o Reino de Deus seja uma estrutura bem feita, tudo em ordem, organogramas bem feitos, tudo&#8230;. e aquilo que n\u00e3o entra ali, n\u00e3o \u00e9 o Reino de Deus. N\u00e3o. Com o Reino de Deus acontece o mesmo que pode acontecer com a Lei: o \u2018imobilismo\u2019, a rigidez \u2026 A lei \u00e9 para caminh\u00e1-la, o Reino de Deus est\u00e1 em caminho. N\u00e3o \u00e9 est\u00e1tico. E mais: o Reino de Deus \u2018se faz\u2019 todos os dias\u2019\u201d.<\/p>\n<p>Jesus, retomou o Papa, fala em suas par\u00e1bolas de \u201ccoisas da vida cotidiana\u201d: o fermento que \u201cn\u00e3o permanece fermento\u201d, porque, no final, \u201cse mistura com a farinha\u201d, est\u00e1 portanto \u201cem caminho e faz o p\u00e3o\u201d. E depois a semente que \u201cn\u00e3o permanece semente\u201d porque \u201cmorre e d\u00e1 vida \u00e0 \u00e1rvore\u201d. \u201cFermento e semente \u2013 observou Francisco \u2013 est\u00e3o em caminho para fazer algo\u201d, mas para fazer isto, \u201cmorrem\u201d. \u201cN\u00e3o \u00e9 um problema de pequenez, de pouca ou grande coisa. \u00c9 um problema \u2013 destacou o Pont\u00edfice \u2013 de caminho, e no caminho acontece a transforma\u00e7\u00e3o\u201d.<\/p>\n<p>Devemos ser d\u00f3ceis ao Esp\u00edrito Santo<\/p>\n<p>Algu\u00e9m que v\u00ea a Lei e n\u00e3o caminha, advertiu, tem uma atitude fixa, \u201cuma atitude de rigidez\u201d: <\/p>\n<p>\u201cQual \u00e9 o comportamento que o Senhor nos pede para que o Reino de Deus cres\u00e7a e seja p\u00e3o para todos e habita\u00e7\u00e3o, tamb\u00e9m, para todos? A docilidade. O Reino de Deus cresce com a docilidade \u00e0 for\u00e7a do Esp\u00edrito Santo. A farinha deixa de ser farinha e se torna p\u00e3o, porque \u00e9 d\u00f3cil \u00e0 for\u00e7a do fermento, e o fermento se deixa amassar com a farinha&#8230; n\u00e3o sei, a farinha n\u00e3o tem sentimentos, mas deste deixar-se amassar se pode pensar que h\u00e1 algum sofrimento ali, n\u00e3o? E depois, se deixa assar. Mas, tamb\u00e9m o Reino&#8230; mas o Reino cresce assim, e ao final \u00e9 alimento para todos\u201d.<\/p>\n<p>\u201cA farinha \u00e9 d\u00f3cil ao fermento\u201d, cresce e o Reino de Deus \u201c\u00e9 assim\u201d. \u201cO homem e a mulher d\u00f3ceis ao Esp\u00edrito Santo \u2013 afirmou o Papa \u2013 crescem e s\u00e3o dom para todos. Tamb\u00e9m a semente \u00e9 d\u00f3cil para ser f\u00e9rtil, e perde a sua entidade de semente e se torna outra coisa, muito maior: se transforma\u201d. Assim \u00e9 o Reino de Deus: \u201cem caminho\u201d. Em caminho \u201crumo \u00e0 esperan\u00e7a\u201d, \u201cem caminho em dire\u00e7\u00e3o \u00e0 plenitude\u201d.<\/p>\n<p>Rigidez<\/p>\n<p>O Reino de Deus, disse ainda, \u201cse faz todos os dias, com a docilidade ao Esp\u00edrito Santo, que \u00e9 aquele que une o nosso pequeno fermento ou a pequena semente \u00e0 for\u00e7a, e o transforma para fazer crescer\u201d. Se, ao inv\u00e9s, n\u00e3o caminhamos, nos tornamos r\u00edgidos e \u201ca rigidez nos faz \u00f3rf\u00e3os, sem Pai\u201d:<\/p>\n<p>\u201cO r\u00edgido tem somente patr\u00f5es, n\u00e3o um pai. O Reino de Deus \u00e9 como uma m\u00e3e que cresce e fecunda, doa a si mesma para que os filhos tenham comida e teto, de acordo com o exemplo do Senhor. Hoje \u00e9 um dia para pedir a gra\u00e7a e a docilidade ao Esp\u00edrito Santo. Muitas vezes somos d\u00f3ceis aos nossos caprichos, aos nossos ju\u00edzos. \u2018Mas, eu fa\u00e7o o que quero&#8230;\u2019&#8230;Assim o Reino n\u00e3o cresce, tampouco n\u00f3s. Ser\u00e1 a docilidade ao Esp\u00edrito Santo que nos far\u00e1 crescer e transformar como o fermento e a semente. Que o Senhor nos d\u00ea a todos a gra\u00e7a desta docilidade\u201d.<\/p>\n<p style=\"text-align: justify;\">\u00a0<\/p>\n<p style=\"text-align: justify;\">Fonte: R\u00e1dio Vaticano<\/p>\n","protected":false},"excerpt":{"rendered":"<p>Cidade do Vaticano (RV) \u2013 Para que o Reino de Deus cres\u00e7a, o Senhor requer a todos a docilidade. Esta foi a exorta\u00e7\u00e3o que o Papa Francisco dirigiu aos fi\u00e9is na Missa matutina (25\/10) na Casa Santa Marta. Bem-aventurados aqueles que \u201ccaminham na Lei do Senhor\u201d. O Papa iniciou a sua homilia destacando que a [&hellip;]<\/p>\n","protected":false},"author":1,"featured_media":18957,"comment_status":"open","ping_status":"open","sticky":false,"template":"","format":"standard","meta":{"footnotes":""},"categories":[3],"tags":[],"class_list":["post-18958","post","type-post","status-publish","format-standard","has-post-thumbnail","hentry","category-vaticano"],"_links":{"self":[{"href":"https:\/\/catolicanet.net\/wp-cnet\/wp-json\/wp\/v2\/posts\/18958","targetHints":{"allow":["GET"]}}],"collection":[{"href":"https:\/\/catolicanet.net\/wp-cnet\/wp-json\/wp\/v2\/posts"}],"about":[{"href":"https:\/\/catolicanet.net\/wp-cnet\/wp-json\/wp\/v2\/types\/post"}],"author":[{"embeddable":true,"href":"https:\/\/catolicanet.net\/wp-cnet\/wp-json\/wp\/v2\/users\/1"}],"replies":[{"embeddable":true,"href":"https:\/\/catolicanet.net\/wp-cnet\/wp-json\/wp\/v2\/comments?post=18958"}],"version-history":[{"count":1,"href":"https:\/\/catolicanet.net\/wp-cnet\/wp-json\/wp\/v2\/posts\/18958\/revisions"}],"predecessor-version":[{"id":27376,"href":"https:\/\/catolicanet.net\/wp-cnet\/wp-json\/wp\/v2\/posts\/18958\/revisions\/27376"}],"wp:featuredmedia":[{"embeddable":true,"href":"https:\/\/catolicanet.net\/wp-cnet\/wp-json\/wp\/v2\/media\/18957"}],"wp:attachment":[{"href":"https:\/\/catolicanet.net\/wp-cnet\/wp-json\/wp\/v2\/media?parent=18958"}],"wp:term":[{"taxonomy":"category","embeddable":true,"href":"https:\/\/catolicanet.net\/wp-cnet\/wp-json\/wp\/v2\/categories?post=18958"},{"taxonomy":"post_tag","embeddable":true,"href":"https:\/\/catolicanet.net\/wp-cnet\/wp-json\/wp\/v2\/tags?post=18958"}],"curies":[{"name":"wp","href":"https:\/\/api.w.org\/{rel}","templated":true}]}}