{"id":18955,"date":"2016-10-25T10:40:29","date_gmt":"2016-10-25T12:40:29","guid":{"rendered":"http:\/\/catolicanet.net\/wp-cnet\/2016\/10\/25\/oracao-sincera-e-autentica\/"},"modified":"2017-05-05T15:17:46","modified_gmt":"2017-05-05T18:17:46","slug":"oracao-sincera-e-autentica","status":"publish","type":"post","link":"https:\/\/catolicanet.net\/wp-cnet\/oracao-sincera-e-autentica\/","title":{"rendered":"Ora\u00e7\u00e3o sincera e aut\u00eantica"},"content":{"rendered":"<p style=\"text-align: justify;\">Como \u00e9 maravilhoso olhar para aquele que constantemente est\u00e1 ao lado da criatura humana, nas alegrias e esperan\u00e7as, tristezas e ang\u00fastias da vida, amando cada pessoa com amor eterno, na sua miss\u00e3o libertadora e redentora. Ele \u00e9 o Filho de Deus, que desceu do c\u00e9u e veio morar entre n\u00f3s, desejando revelar a vontade do Pai, estabelecendo-se no meio de seu povo. N\u00e3o quer s\u00f3 conversar com cada pessoa, mas demonstrar toda a for\u00e7a de seu amor inexprim\u00edvel e infinito, doando sua pr\u00f3pria vida pela realiza\u00e7\u00e3o plena da humanidade: a salva\u00e7\u00e3o.<br \/>A salva\u00e7\u00e3o que nos \u00e9 oferecida \u00e9 a grande verdade e o eixo da vida dos crist\u00e3os. Nela renova-se a esperan\u00e7a e aponta-se o verdadeiro sentido da vida, certos de que, pela gra\u00e7a do Senhor ressuscitado, experimenta-se a plenitude em Deus, dom maior da vida humana. Conv\u00e9m aqui nunca se perder de vista o Evangelho dos disc\u00edpulos de Ema\u00fas, na parte central da explica\u00e7\u00e3o das Escrituras e no an\u00fancio da ressurrei\u00e7\u00e3o, na qual encontramos o pr\u00f3prio Jesus ressuscitado, tornando-se irm\u00e3o, amigo e companheiro de caminhada, ao revelar seu projeto redentor e salvador.<br \/>Extasia-nos ver o pecador no templo em adora\u00e7\u00e3o a Deus em esp\u00edrito e em verdade, no caminho seguro e s\u00f3lido, voltado ao absoluto de Deus, de um modo concreto na ora\u00e7\u00e3o. Evidentemente, longe se vangloriar, dizendo a Deus que quase nada tem para colocar, mas, sim, muito para receber, numa s\u00faplica sincera e aut\u00eantica, consciente de sua bondade, perd\u00e3o e miseric\u00f3rdia.<br \/>O Papa Francisco manifestou aos cat\u00f3licos (23\/10\/2016), pela for\u00e7a de sua palavra, a \u201ccoragem\u201d de sermos mission\u00e1rios e de \u201cresistirmos \u00e0 incredulidade\u201d no mundo atual.\u00a0 O caminho \u00e9 muito especial, no seguimento de Jesus de Nazar\u00e9, na \u00f3tica da f\u00e9 e no contexto da miss\u00e3o nos nossos dias, de deixar muitas coisas, configurando-nos com Jesus no servi\u00e7o de Deus e dos irm\u00e3os, op\u00e7\u00e3o compreendida como dom e gra\u00e7a de Deus.<br \/>Numa compara\u00e7\u00e3o com os dois disc\u00edpulos de Ema\u00fas, muitas vezes, ficamos desiludidos e perplexos, tristes e desanimados, como se a vida n\u00e3o tivesse mais sentido. Mas Cristo, um an\u00f4nimo e estranho viajante, tornou-se companheiro de caminhada. A presen\u00e7a de Jesus causou no cora\u00e7\u00e3o deles algo diferente, t\u00e3o forte, a ponto de provocar-lhes uma mudan\u00e7a radical de vida (cf. Lc 24,13-35). Am\u00e9m!<\/p>\n","protected":false},"excerpt":{"rendered":"<p>Como \u00e9 maravilhoso olhar para aquele que constantemente est\u00e1 ao lado da criatura humana, nas alegrias e esperan\u00e7as, tristezas e ang\u00fastias da vida, amando cada pessoa com amor eterno, na sua miss\u00e3o libertadora e redentora. Ele \u00e9 o Filho de Deus, que desceu do c\u00e9u e veio morar entre n\u00f3s, desejando revelar a vontade do [&hellip;]<\/p>\n","protected":false},"author":6,"featured_media":0,"comment_status":"open","ping_status":"open","sticky":false,"template":"","format":"standard","meta":{"footnotes":""},"categories":[9],"tags":[],"class_list":["post-18955","post","type-post","status-publish","format-standard","hentry","category-artigos"],"_links":{"self":[{"href":"https:\/\/catolicanet.net\/wp-cnet\/wp-json\/wp\/v2\/posts\/18955","targetHints":{"allow":["GET"]}}],"collection":[{"href":"https:\/\/catolicanet.net\/wp-cnet\/wp-json\/wp\/v2\/posts"}],"about":[{"href":"https:\/\/catolicanet.net\/wp-cnet\/wp-json\/wp\/v2\/types\/post"}],"author":[{"embeddable":true,"href":"https:\/\/catolicanet.net\/wp-cnet\/wp-json\/wp\/v2\/users\/6"}],"replies":[{"embeddable":true,"href":"https:\/\/catolicanet.net\/wp-cnet\/wp-json\/wp\/v2\/comments?post=18955"}],"version-history":[{"count":1,"href":"https:\/\/catolicanet.net\/wp-cnet\/wp-json\/wp\/v2\/posts\/18955\/revisions"}],"predecessor-version":[{"id":21233,"href":"https:\/\/catolicanet.net\/wp-cnet\/wp-json\/wp\/v2\/posts\/18955\/revisions\/21233"}],"wp:attachment":[{"href":"https:\/\/catolicanet.net\/wp-cnet\/wp-json\/wp\/v2\/media?parent=18955"}],"wp:term":[{"taxonomy":"category","embeddable":true,"href":"https:\/\/catolicanet.net\/wp-cnet\/wp-json\/wp\/v2\/categories?post=18955"},{"taxonomy":"post_tag","embeddable":true,"href":"https:\/\/catolicanet.net\/wp-cnet\/wp-json\/wp\/v2\/tags?post=18955"}],"curies":[{"name":"wp","href":"https:\/\/api.w.org\/{rel}","templated":true}]}}