{"id":18952,"date":"2016-10-24T13:27:23","date_gmt":"2016-10-24T15:27:23","guid":{"rendered":"http:\/\/catolicanet.net\/wp-cnet\/2016\/10\/24\/o-papa-francisco-renuncia-definitivamente-a-residencia-de-verao-de-castel-gandolfo\/"},"modified":"2017-05-30T16:31:40","modified_gmt":"2017-05-30T19:31:40","slug":"o-papa-francisco-renuncia-definitivamente-a-residencia-de-verao-de-castel-gandolfo","status":"publish","type":"post","link":"https:\/\/catolicanet.net\/wp-cnet\/o-papa-francisco-renuncia-definitivamente-a-residencia-de-verao-de-castel-gandolfo\/","title":{"rendered":"O Papa Francisco renuncia definitivamente \u00e0 resid\u00eancia de ver\u00e3o de Castel Gandolfo"},"content":{"rendered":"<p style=\"text-align: justify;\"><img decoding=\"async\" src=\"http:\/\/www.catolicanet.com.br\/images\/stories\/noticias\/castel-gandolfo-italy-c2a9cppciric.jpg\" border=\"0\" align=\"left\" \/>Decis\u00e3o inesperada p\u00f5e fim a uma tradi\u00e7\u00e3o de 420 anos<\/p>\n<p>Dois anos depois de abrir aos turistas os jardins deste pal\u00e1cio hist\u00f3rico, o Papa Francisco decidiu abrir tamb\u00e9m para o p\u00fablico os apartamentos privados da resid\u00eancia de ver\u00e3o dos papas em Castel Gandolfo, renunciando de forma definitiva ao uso do local para suas pr\u00f3prias f\u00e9rias.<\/p>\n<p>A partir desta sexta-feira, os visitantes poder\u00e3o conhecer por dentro esse remanso de paz que tinha sido adquirido pela Santa S\u00e9 em 1596, como pagamento de uma d\u00edvida familiar dos Gandolfo-Savelli. Em 1626, a propriedade se tornou resid\u00eancia de ver\u00e3o dos pont\u00edfices.<\/p>\n<p>Os papas Pio XII e Paulo VI faleceram l\u00e1, respectivamente em 1958 e 1978. S\u00e3o Jo\u00e3o XXIII e S\u00e3o Jo\u00e3o Paulo II, que apelidava o local, com bom humor, de \u201cVaticano II\u201d, se transferiam para Castel Gandolfo no ver\u00e3o, conforme a tradi\u00e7\u00e3o tamb\u00e9m seguida por Bento XVI.<\/p>\n<p>O Papa Francisco, at\u00e9 o momento, n\u00e3o teve f\u00e9rias. Quando \u00e9 obrigado a descansar, ele se limita, resignado, a cancelar algum evento e repousar na pr\u00f3pria Casa Santa Marta, o local que escolheu como seu domic\u00edlio em vez do Pal\u00e1cio Apost\u00f3lico: \u201cN\u00e3o posso viver sozinho ou com um grupinho pequeno. Preciso de gente, me encontrar com as pessoas, falar com as pessoas\u201d, afirmou ele ao explicar a decis\u00e3o, logo no come\u00e7o do seu pontificado.<\/p>\n<p>Castel Gandolfo, uma villa italiana repleta de hist\u00f3ria<\/p>\n<p>Os cinco hectares de natureza e arte repletos de hist\u00f3ria abrangem a villa Barberini e tamb\u00e9m a antiga villa do imperador Domiciano, o \u00faltimo e cruel imperador da dinastia Fl\u00e1via, com bel\u00edssima vista do lago Albano, nas proximidades de Roma.<\/p>\n<p>A villa, que tamb\u00e9m alberga o telesc\u00f3pio do Observat\u00f3rio Vaticano, foi dotada de eletricidade em 1934. A partir de 1943, ela foi usada por Pio XII como local de esconderijo para proteger mais de 3.000 judeus que fugiam da persegui\u00e7\u00e3o nazista.<\/p>\n<p>Remodela\u00e7\u00f5es arquitet\u00f4nicas foram confiadas ao mestre romano barroco Pietro da Cortona, contempor\u00e2neo de Bernini. Para esta abertura aos visitantes, n\u00e3o h\u00e1 nenhuma transforma\u00e7\u00e3o estrutural prevista.<\/p>\n<p>Desde 11 de setembro de 2015, turistas e peregrinos contam ainda com um pequeno trem que os leva da Cidade do Vaticano at\u00e9 Castel Gandolfo.<\/p>\n<p style=\"text-align: justify;\">\u00a0<\/p>\n<p style=\"text-align: justify;\">Fonte: Aleteia<\/p>\n","protected":false},"excerpt":{"rendered":"<p>Decis\u00e3o inesperada p\u00f5e fim a uma tradi\u00e7\u00e3o de 420 anos Dois anos depois de abrir aos turistas os jardins deste pal\u00e1cio hist\u00f3rico, o Papa Francisco decidiu abrir tamb\u00e9m para o p\u00fablico os apartamentos privados da resid\u00eancia de ver\u00e3o dos papas em Castel Gandolfo, renunciando de forma definitiva ao uso do local para suas pr\u00f3prias f\u00e9rias. [&hellip;]<\/p>\n","protected":false},"author":1,"featured_media":18951,"comment_status":"open","ping_status":"open","sticky":false,"template":"","format":"standard","meta":{"footnotes":""},"categories":[4],"tags":[],"class_list":["post-18952","post","type-post","status-publish","format-standard","has-post-thumbnail","hentry","category-cotidiano"],"_links":{"self":[{"href":"https:\/\/catolicanet.net\/wp-cnet\/wp-json\/wp\/v2\/posts\/18952","targetHints":{"allow":["GET"]}}],"collection":[{"href":"https:\/\/catolicanet.net\/wp-cnet\/wp-json\/wp\/v2\/posts"}],"about":[{"href":"https:\/\/catolicanet.net\/wp-cnet\/wp-json\/wp\/v2\/types\/post"}],"author":[{"embeddable":true,"href":"https:\/\/catolicanet.net\/wp-cnet\/wp-json\/wp\/v2\/users\/1"}],"replies":[{"embeddable":true,"href":"https:\/\/catolicanet.net\/wp-cnet\/wp-json\/wp\/v2\/comments?post=18952"}],"version-history":[{"count":1,"href":"https:\/\/catolicanet.net\/wp-cnet\/wp-json\/wp\/v2\/posts\/18952\/revisions"}],"predecessor-version":[{"id":25027,"href":"https:\/\/catolicanet.net\/wp-cnet\/wp-json\/wp\/v2\/posts\/18952\/revisions\/25027"}],"wp:featuredmedia":[{"embeddable":true,"href":"https:\/\/catolicanet.net\/wp-cnet\/wp-json\/wp\/v2\/media\/18951"}],"wp:attachment":[{"href":"https:\/\/catolicanet.net\/wp-cnet\/wp-json\/wp\/v2\/media?parent=18952"}],"wp:term":[{"taxonomy":"category","embeddable":true,"href":"https:\/\/catolicanet.net\/wp-cnet\/wp-json\/wp\/v2\/categories?post=18952"},{"taxonomy":"post_tag","embeddable":true,"href":"https:\/\/catolicanet.net\/wp-cnet\/wp-json\/wp\/v2\/tags?post=18952"}],"curies":[{"name":"wp","href":"https:\/\/api.w.org\/{rel}","templated":true}]}}