{"id":18942,"date":"2016-10-24T12:30:46","date_gmt":"2016-10-24T14:30:46","guid":{"rendered":"http:\/\/catolicanet.net\/wp-cnet\/2016\/10\/24\/papa-a-lei-do-senhor-nao-foi-feita-para-escravizar-mas-para-libertar\/"},"modified":"2017-06-02T13:17:58","modified_gmt":"2017-06-02T16:17:58","slug":"papa-a-lei-do-senhor-nao-foi-feita-para-escravizar-mas-para-libertar","status":"publish","type":"post","link":"https:\/\/catolicanet.net\/wp-cnet\/papa-a-lei-do-senhor-nao-foi-feita-para-escravizar-mas-para-libertar\/","title":{"rendered":"Papa: a Lei do Senhor n\u00e3o foi feita para escravizar, mas para libertar"},"content":{"rendered":"<p style=\"text-align: justify;\"><img decoding=\"async\" src=\"http:\/\/www.catolicanet.com.br\/images\/stories\/papas\/ossrom135084_articolo.jpg\" border=\"0\" align=\"left\" \/>Cidade do Vaticano (RV) \u2013 O Papa Francisco come\u00e7ou a semana celebrando na segunda-feira (24\/10) a Missa na capela da Casa Santa Marta.<\/p>\n<p style=\"text-align: justify;\">Em sua homilia, o Pont\u00edfice comentou o Evangelho do dia, em que Jesus cura uma mulher no s\u00e1bado, provocando a indigna\u00e7\u00e3o do chefe da Sinagoga porque \u2013 diz ele \u2013 foi violada a Lei do Senhor.<\/p>\n<p>\u201cN\u00e3o \u00e9 f\u00e1cil caminhar na Lei do Senhor\u201d, comentou o Papa, \u00e9 \u201cuma gra\u00e7a que devemos pedir\u201d. Jesus o acusa de ser hip\u00f3crita, uma palavra que \u201crepete tantas vezes aos r\u00edgidos, \u00e0queles que t\u00eam uma atitude de rigidez em cumprir a lei\u201d, que n\u00e3o t\u00eam a liberdade dos filhos, \u201cs\u00e3o escravos da Lei\u201d. Por\u00e9m, \u201ca Lei \u2013 observou \u2013 n\u00e3o foi feita para nos escravizar, mas para nos libertar, para nos fazer filhos\u201d. \u201cPor tr\u00e1s da rigidez, tem sempre outra coisa, sempre! E por isso Jesus diz: hip\u00f3critas!\u201d:<\/p>\n<p>\u201cPor tr\u00e1s da rigidez h\u00e1 algo escondido na vida de uma pessoa. A rigidez n\u00e3o \u00e9 um dom de Deus. A mansid\u00e3o, sim; a bondade, sim; a benevol\u00eancia, sim; o perd\u00e3o, sim. Mas a rigidez n\u00e3o! Por tr\u00e1s da rigidez h\u00e1 sempre algo escondido, em tantos casos uma vida dupla; mas h\u00e1 tamb\u00e9m algo de doentio. Quanto sofrem os r\u00edgidos: quando s\u00e3o sinceros e se percebem isso, sofrem! Porque n\u00e3o conseguem ter a liberdade dos filhos de Deus; n\u00e3o sabem como se caminha na Lei do Senhor e n\u00e3o s\u00e3o beatos. E sofrem tanto! Parecem bons, porque seguem a Lei; mas por tr\u00e1s tem alguma coisa que n\u00e3o os torna bons: ou s\u00e3o maus, hip\u00f3critas ou s\u00e3o doentes. Sofrem!\u201d.<\/p>\n<p>O Papa Francisco recordou a par\u00e1bola do filho pr\u00f3digo, em que o filho mais velho, que sempre se comportou bem, se indigna com o pai porque acolhe com alegria o filho menor dissoluto, mas que regressou\u00a0 arrependido.\u00a0 Esta atitude \u2013 explicou o Papa \u2013, mostra o que h\u00e1 por tr\u00e1s de certa bondade: \u201ca soberba de se julgar justo\u201d:<\/p>\n<p>\u201cPor tr\u00e1s deste comportar-se bem h\u00e1 soberba. Um filho sabia que tinha um pai e no momento mais obscuro da sua vida foi at\u00e9 ele; o outro via o pai somente como patr\u00e3o, mas nunca o havia visto como pai. Era um r\u00edgido: caminhava na Lei com rigidez. O outro deixou a Lei de lado, foi embora sem a Lei, contra a Lei, mas a um certo ponto pensou no pai e voltou. E obteve o perd\u00e3o. N\u00e3o \u00e9 f\u00e1cil caminhar na Lei do Senhor sem cair na rigidez\u201d.<\/p>\n<p>O Papa concluiu a homilia com esta ora\u00e7\u00e3o:<\/p>\n<p>\u201cPe\u00e7amos ao Senhor, rezemos pelos nossos irm\u00e3os e as nossas irm\u00e3s que pensam que caminhar na Lei do Senhor significa se tornar r\u00edgidos. Que o Senhor lhes fa\u00e7a sentir que Ele \u00e9 Pai e que Ele gosta de miseric\u00f3rdia, de ternura, de bondade, de mansid\u00e3o e de humildade. E ensine todos a caminhar na Lei do Senhor com essas atitudes\u201d.<\/p>\n<p style=\"text-align: justify;\">\u00a0<\/p>\n<p style=\"text-align: justify;\">Fonte: R\u00e1dio Vaticano<\/p>\n","protected":false},"excerpt":{"rendered":"<p>Cidade do Vaticano (RV) \u2013 O Papa Francisco come\u00e7ou a semana celebrando na segunda-feira (24\/10) a Missa na capela da Casa Santa Marta. Em sua homilia, o Pont\u00edfice comentou o Evangelho do dia, em que Jesus cura uma mulher no s\u00e1bado, provocando a indigna\u00e7\u00e3o do chefe da Sinagoga porque \u2013 diz ele \u2013 foi violada [&hellip;]<\/p>\n","protected":false},"author":1,"featured_media":18941,"comment_status":"open","ping_status":"open","sticky":false,"template":"","format":"standard","meta":{"footnotes":""},"categories":[3],"tags":[],"class_list":["post-18942","post","type-post","status-publish","format-standard","has-post-thumbnail","hentry","category-vaticano"],"_links":{"self":[{"href":"https:\/\/catolicanet.net\/wp-cnet\/wp-json\/wp\/v2\/posts\/18942","targetHints":{"allow":["GET"]}}],"collection":[{"href":"https:\/\/catolicanet.net\/wp-cnet\/wp-json\/wp\/v2\/posts"}],"about":[{"href":"https:\/\/catolicanet.net\/wp-cnet\/wp-json\/wp\/v2\/types\/post"}],"author":[{"embeddable":true,"href":"https:\/\/catolicanet.net\/wp-cnet\/wp-json\/wp\/v2\/users\/1"}],"replies":[{"embeddable":true,"href":"https:\/\/catolicanet.net\/wp-cnet\/wp-json\/wp\/v2\/comments?post=18942"}],"version-history":[{"count":1,"href":"https:\/\/catolicanet.net\/wp-cnet\/wp-json\/wp\/v2\/posts\/18942\/revisions"}],"predecessor-version":[{"id":27379,"href":"https:\/\/catolicanet.net\/wp-cnet\/wp-json\/wp\/v2\/posts\/18942\/revisions\/27379"}],"wp:featuredmedia":[{"embeddable":true,"href":"https:\/\/catolicanet.net\/wp-cnet\/wp-json\/wp\/v2\/media\/18941"}],"wp:attachment":[{"href":"https:\/\/catolicanet.net\/wp-cnet\/wp-json\/wp\/v2\/media?parent=18942"}],"wp:term":[{"taxonomy":"category","embeddable":true,"href":"https:\/\/catolicanet.net\/wp-cnet\/wp-json\/wp\/v2\/categories?post=18942"},{"taxonomy":"post_tag","embeddable":true,"href":"https:\/\/catolicanet.net\/wp-cnet\/wp-json\/wp\/v2\/tags?post=18942"}],"curies":[{"name":"wp","href":"https:\/\/api.w.org\/{rel}","templated":true}]}}