{"id":18940,"date":"2016-10-24T12:25:11","date_gmt":"2016-10-24T14:25:11","guid":{"rendered":"http:\/\/catolicanet.net\/wp-cnet\/2016\/10\/24\/papa-rio-de-odio-no-mundo-e-vencido-pelo-oceano-da-misericordia-de-deus\/"},"modified":"2017-06-02T13:49:34","modified_gmt":"2017-06-02T16:49:34","slug":"papa-rio-de-odio-no-mundo-e-vencido-pelo-oceano-da-misericordia-de-deus","status":"publish","type":"post","link":"https:\/\/catolicanet.net\/wp-cnet\/papa-rio-de-odio-no-mundo-e-vencido-pelo-oceano-da-misericordia-de-deus\/","title":{"rendered":"Papa: rio de \u00f3dio no mundo \u00e9 vencido pelo oceano da miseric\u00f3rdia de Deus"},"content":{"rendered":"<p style=\"text-align: justify;\"><img decoding=\"async\" src=\"http:\/\/www.catolicanet.com.br\/images\/stories\/papas\/ansa993634_articolo.jpg\" border=\"0\" align=\"left\" \/>Cidade do Vaticano (RV) &#8211; &#8220;Vivemos em tempos dif\u00edceis&#8221;, os de uma &#8220;guerra mundial em peda\u00e7os&#8221;, mas &#8220;o rio do \u00f3dio e da viol\u00eancia nada pode contra o oceano de miseric\u00f3rdia que inunda nosso mundo.&#8221;<\/p>\n<p style=\"text-align: justify;\">\u00a0<\/p>\n<p style=\"text-align: justify;\"><a href=\"http:\/\/media02.radiovaticana.va\/audio\/audio2\/mp3\/00554190.mp3\">Clique aqui para ouvir.<\/a><\/p>\n<p style=\"text-align: justify;\">\u00a0<\/p>\n<p style=\"text-align: justify;\">\u00c9 o que o Papa Francisco escreve no pref\u00e1cio do livro \u201cN\u00e3o tenha medo de perdoar\u201d do Pe. Lu\u00eds Dri, sacerdote confessor em Buenos Aires e grande amigo de Jorge Mario Bergoglio quando era arcebispo da capital argentina. O livro, realizado em colabora\u00e7\u00e3o com Andrea Tornielli e Alver Metalli, foi publicado pela editora RaiEri e estar\u00e1 dispon\u00edvel nas livrarias a partir desta ter\u00e7a-feira, 25. <\/p>\n<p>O Papa Francisco recorda de Pe. Lu\u00eds Dri as longas horas passadas no confession\u00e1rio em Buenos Aires, o gesto de beijar a m\u00e3o dos penitentes, o escr\u00fapulo por ter perdoado demais. Diante do Sant\u00edssimo Sacramento, Pe. Lu\u00eds pedia ele mesmo perd\u00e3o por ter perdoado demais e, como S\u00e3o Leopoldo Mandi\u0107, se dirigia a Jesus que nisso lhe deu \u201cmau exemplo\u201d. <\/p>\n<p>\u201cUm comportamento necess\u00e1rio hoje\u201d, escreve o Papa, \u201cporque ao penitente que entrou no confession\u00e1rio \u201cpor acaso\u201d (\u201cmas no plano de Deus Pai nada \u00e9 casual\u201d, explica Francisco) ou como etapa final de um percurso sofrido, \u201c\u00e9 preciso fazer sentir o abra\u00e7o misericordioso do nosso Deus. Um Deus que nos precede, nos espera e acolhe\u201d.<\/p>\n<p>N\u00e3o \u00e9 por acaso que no confession\u00e1rio de Pe. Lu\u00eds se encontra um quadro de Rembrandt sobre o retorno do Filho Pr\u00f3digo. \u201cA miseric\u00f3rdia \u00e9 o amor materno visceral que se comove diante da fragilidade de sua criatura e a abra\u00e7a, e a grande fidelidade do Pai que sempre apoia, perdoa e volta a colocar os seus filhos em seu caminho.\u201d<\/p>\n<p>Para Pe. Lu\u00eds, a miseric\u00f3rdia \u00e9 um ato de contesta\u00e7\u00e3o do ego\u00edsmo, porque reconhece n\u00e3o &#8220;eu&#8221;, mas &#8220;Outro&#8221; o princ\u00edpio criador do mundo. Aceitando a miseric\u00f3rdia de Deus para o homem e imitando o seu comportamento, se adquire benef\u00edcios tamb\u00e9m na vida coletiva, porque \u201ca miseric\u00f3rdia \u00e9 um comportamento profundamente social\u201d. <\/p>\n<p>O Papa reitera que na \u201cguerra mundial em peda\u00e7\u00f5es\u201d que estamos vivendo, \u201ctodo sinal de amizade, toda m\u00e3o estendida e toda reconcilia\u00e7\u00e3o, embora n\u00e3o fa\u00e7a not\u00edcia, \u00e9 destinada a trabalhar no tecido social&#8221;, desde a fam\u00edlia \u00e0s rela\u00e7\u00f5es entre os Estados. Um oceano de miseric\u00f3rdia contra o rio do \u00f3dio no qual se imergir e se deixar regenerar.<\/p>\n<p style=\"text-align: justify;\">\u00a0<\/p>\n<p style=\"text-align: justify;\">Fonte: R\u00e1dio Vaticano<\/p>\n","protected":false},"excerpt":{"rendered":"<p>Cidade do Vaticano (RV) &#8211; &#8220;Vivemos em tempos dif\u00edceis&#8221;, os de uma &#8220;guerra mundial em peda\u00e7os&#8221;, mas &#8220;o rio do \u00f3dio e da viol\u00eancia nada pode contra o oceano de miseric\u00f3rdia que inunda nosso mundo.&#8221; \u00a0 Clique aqui para ouvir. \u00a0 \u00c9 o que o Papa Francisco escreve no pref\u00e1cio do livro \u201cN\u00e3o tenha medo [&hellip;]<\/p>\n","protected":false},"author":1,"featured_media":18939,"comment_status":"open","ping_status":"open","sticky":false,"template":"","format":"standard","meta":{"footnotes":""},"categories":[3],"tags":[],"class_list":["post-18940","post","type-post","status-publish","format-standard","has-post-thumbnail","hentry","category-vaticano"],"_links":{"self":[{"href":"https:\/\/catolicanet.net\/wp-cnet\/wp-json\/wp\/v2\/posts\/18940","targetHints":{"allow":["GET"]}}],"collection":[{"href":"https:\/\/catolicanet.net\/wp-cnet\/wp-json\/wp\/v2\/posts"}],"about":[{"href":"https:\/\/catolicanet.net\/wp-cnet\/wp-json\/wp\/v2\/types\/post"}],"author":[{"embeddable":true,"href":"https:\/\/catolicanet.net\/wp-cnet\/wp-json\/wp\/v2\/users\/1"}],"replies":[{"embeddable":true,"href":"https:\/\/catolicanet.net\/wp-cnet\/wp-json\/wp\/v2\/comments?post=18940"}],"version-history":[{"count":1,"href":"https:\/\/catolicanet.net\/wp-cnet\/wp-json\/wp\/v2\/posts\/18940\/revisions"}],"predecessor-version":[{"id":27380,"href":"https:\/\/catolicanet.net\/wp-cnet\/wp-json\/wp\/v2\/posts\/18940\/revisions\/27380"}],"wp:featuredmedia":[{"embeddable":true,"href":"https:\/\/catolicanet.net\/wp-cnet\/wp-json\/wp\/v2\/media\/18939"}],"wp:attachment":[{"href":"https:\/\/catolicanet.net\/wp-cnet\/wp-json\/wp\/v2\/media?parent=18940"}],"wp:term":[{"taxonomy":"category","embeddable":true,"href":"https:\/\/catolicanet.net\/wp-cnet\/wp-json\/wp\/v2\/categories?post=18940"},{"taxonomy":"post_tag","embeddable":true,"href":"https:\/\/catolicanet.net\/wp-cnet\/wp-json\/wp\/v2\/tags?post=18940"}],"curies":[{"name":"wp","href":"https:\/\/api.w.org\/{rel}","templated":true}]}}