{"id":1893,"date":"2023-06-14T00:00:00","date_gmt":"2023-06-14T03:00:00","guid":{"rendered":"http:\/\/catolicanet.net\/wp-cnet\/iolanda-da-polonia-bem-aventurada\/"},"modified":"2023-01-02T16:56:16","modified_gmt":"2023-01-02T19:56:16","slug":"iolanda-da-polonia-bem-aventurada","status":"publish","type":"post","link":"https:\/\/catolicanet.net\/wp-cnet\/iolanda-da-polonia-bem-aventurada\/","title":{"rendered":"Iolanda da Polonia \/ Fernando de Portugal"},"content":{"rendered":"<p style=\"text-align: justify;\"><strong>Iolanda da Polonia (Bem-aventurada)<\/strong><\/p>\n<p>Iolanda, ou Helena, como foi chamada depois pelos s\u00faditos poloneses, nasceu no ano de 1235, era filha de Bela IV, rei da Hungria, que era terci\u00e1rio franciscano, e irm\u00e3 da bem-aventurada Cunegundes. Al\u00e9m disso, era sobrinha de Santa Isabel da Hungria, tamb\u00e9m da Ordem Terceira. Ali\u00e1s, a tradi\u00e7\u00e3o franciscana acompanhou a linhagem desde seus prim\u00f3rdios, pois a fam\u00edlia descendia de Santa Edwiges, Santo Est\u00eav\u00e3o e S\u00e3o Ladislau.<\/p>\n<p>Por\u00e9m \u00e9 claro que Iolanda n\u00e3o se tornou Santa s\u00f3 porque vinha de toda esta tradi\u00e7\u00e3o extremamente cat\u00f3lica e repleta de Santos. N\u00e3o basta ter o caminho da f\u00e9 apontado para se entrar nele. \u00c9 preciso que todo o ser o aceite e o corpo se disponha a caminhar por uma trilha de entrega total e muito \u00e1rdua, como ela o fez.<\/p>\n<p>Iolanda foi educada desde muito pequena pela irm\u00e3, Cunegundes, que se casara ent\u00e3o com um dos reis mais virtuosos da Pol\u00f4nia, Boleslau, &#8220;o Casto&#8221;. Por tradi\u00e7\u00e3o familiar e social da \u00e9poca, Iolanda deveria tamb\u00e9m se casar com algu\u00e9m da terra e, anos depois, escolheu outro Boleslau, o Duque de Kalisz, conhecido como &#8220;o Pio&#8221;. Foi uma \u00e9poca de muita alegria para o povo polon\u00eas, que viu nas duas estrangeiras, pessoas profundamente bondosas, crist\u00e3s, justas e caridosas. Pena que tenha sido uma \u00e9poca n\u00e3o muito longa, pois alguns anos depois o quarteto foi desmanchado pela fatalidade.<\/p>\n<p>Primeiro morreu o rei, ficando Cunegundes vi\u00fava. Logo o mesmo aconteceu com Iolanda. Ela j\u00e1 tinha ent\u00e3o tr\u00eas filhas, das quais duas se casaram e uma terceira retirou-se para o convento das clarissas de Sandeck, onde j\u00e1 se encontrava Cunegundes. As duas logo seriam seguidas por Iolanda.<\/p>\n<p>Muitos anos se passaram e as tr\u00eas damas crist\u00e3s continuavam naquele lugar, fazendo do sil\u00eancio do claustro o terreno para um fecundo per\u00edodo de medita\u00e7\u00e3o e ora\u00e7\u00e3o. Quando morreu Cunegundes, em 1292, Iolanda deixou aquele mosteiro e foi mais para o ocidente, ao convento das clarissas de Gniezno, fundado por seu marido. Ali terminou seus dias como superiora, no dia 14 de junho de 1298.<\/p>\n<p>Amada pela popula\u00e7\u00e3o, seu culto ganhou for\u00e7a entre os fi\u00e9is do Leste Europeu e se difundiu por todo o mundo cat\u00f3lico, ao longo dos tempos. Seu t\u00famulo tornou-se meta de romeiros, pelos milagres e gra\u00e7as atribu\u00eddos \u00e0 sua intercess\u00e3o. Em 1827, o Papa Urbano VIII autorizou a beatifica\u00e7\u00e3o e marcou a festa lit\u00fargica para o dia do seu tr\u00e2nsito.<\/p>\n<p style=\"text-align: justify;\">\u00a0Bem-aventurada Iolanda da Polonia, rogai por n\u00f3s!<\/p>\n<p style=\"text-align: justify;\">_____________________________________________________________________<\/p>\n<div id=\"texto\"><strong>Fernando de Portugal (virgem e m\u00e1rts.) <\/strong><\/div>\n<div>\n<p align=\"justify\"><img decoding=\"async\" class=\"alignleft\" src=\"http:\/\/paineis.org\/C07_16.jpg\" alt=\"Resultado de imagem para Santo Fernando de Portugal\" \/>Chamado tamb\u00e9m o &#8220;infante santo&#8221;, &#8220;o pr\u00edncipe perfeito&#8221; e &#8220;o abanderado&#8221; (porta-estante), nasceu em Santar\u00e9m em 29-9-1402, filho do rei de Portugal D. Jo\u00e3o I e Filipa de Lancaster que educou muito piamente. Muito austero consigo mesmo, teve um delicado senso da justi\u00e7a social unido ao uma grande compaix\u00e3o para com os escravos, os navegantes e os doentes, que socorria com abundantes esmolas. Conservou-se sempre casto, recusando casamentos. Foi obrigado pelos irm\u00e3os a aceitar o t\u00edtulo de Gr\u00e3o-mestre da ordem mon\u00e1stica-militar de Avis, conferido a ele pelo papa Eug\u00eanio IV em 1434, mas recusou humildemente o cardinalato que lhe foi oferecido pelo mesmo papa. O fato mais famoso de sua vida deu-se no dia 22 de agosto de 1437. Em estado de febre, partiu juntamente com o irm\u00e3o Henrique, o navegador, a frente de um ex\u00e9rcito de 7mil homens para conquistar T\u00e2nger, mas no m\u00eas de outubro foram obrigados a suspender o cerco da cidade e aceitar as condi\u00e7\u00f5es impostas pelos mouros, entre as quais a promessa de restitui\u00e7\u00e3o da cidade de Ceuta. Fernando e 12 homens ficaram como ref\u00e9ns. Fernando foi levado a T\u00e2nger para Arzila, onde ficou 7 meses.<\/p>\n<p>Com a recusa das cortes portuguesas de restituir Ceuta em maio de 1438, foi transferido para Fez, onde foi reduzido \u00e0 condi\u00e7\u00e3o de escravo e como tal obrigado a trabalhar duramente. As tratativas para a sua liberta\u00e7\u00e3o foram todas in\u00fateis pelas exig\u00eancias exorbitantes feitas pelo sult\u00e3o de Fez. Debilitado pelas priva\u00e7\u00f5es, foi acometido por violenta desinteria, devido as p\u00e9ssimas condi\u00e7\u00f5es de higiene em que era obrigado a viver. Foi confortado pelos \u00faltimos sacramentos, que permitiram que lhe administrassem e morreu rapidamente no dia 15 de junho de 1443, em \u00eaxtase por vis\u00f5es celestes que teve. O seu corpo teve as entranhas extirpadas e foi dependurado nos muros da cidade de cabe\u00e7a para baixo. Apenas o seu cora\u00e7\u00e3o foi levado para Portugal. Anos depois permitiram que seu corpo fosse levado para Portugal e foi sepultado no mosteiro da Batalha.<\/p>\n<\/div>\n","protected":false},"excerpt":{"rendered":"<p>Iolanda da Polonia (Bem-aventurada) Iolanda, ou Helena, como foi chamada depois pelos s\u00faditos poloneses, nasceu no ano de 1235, era filha de Bela IV, rei da Hungria, que era terci\u00e1rio franciscano, e irm\u00e3 da bem-aventurada Cunegundes. Al\u00e9m disso, era sobrinha de Santa Isabel da Hungria, tamb\u00e9m da Ordem Terceira. Ali\u00e1s, a tradi\u00e7\u00e3o franciscana acompanhou a [&hellip;]<\/p>\n","protected":false},"author":1,"featured_media":22441,"comment_status":"closed","ping_status":"closed","sticky":false,"template":"","format":"standard","meta":{"footnotes":""},"categories":[32],"tags":[],"class_list":["post-1893","post","type-post","status-publish","format-standard","has-post-thumbnail","hentry","category-santo-do-dia"],"_links":{"self":[{"href":"https:\/\/catolicanet.net\/wp-cnet\/wp-json\/wp\/v2\/posts\/1893","targetHints":{"allow":["GET"]}}],"collection":[{"href":"https:\/\/catolicanet.net\/wp-cnet\/wp-json\/wp\/v2\/posts"}],"about":[{"href":"https:\/\/catolicanet.net\/wp-cnet\/wp-json\/wp\/v2\/types\/post"}],"author":[{"embeddable":true,"href":"https:\/\/catolicanet.net\/wp-cnet\/wp-json\/wp\/v2\/users\/1"}],"replies":[{"embeddable":true,"href":"https:\/\/catolicanet.net\/wp-cnet\/wp-json\/wp\/v2\/comments?post=1893"}],"version-history":[{"count":3,"href":"https:\/\/catolicanet.net\/wp-cnet\/wp-json\/wp\/v2\/posts\/1893\/revisions"}],"predecessor-version":[{"id":22442,"href":"https:\/\/catolicanet.net\/wp-cnet\/wp-json\/wp\/v2\/posts\/1893\/revisions\/22442"}],"wp:featuredmedia":[{"embeddable":true,"href":"https:\/\/catolicanet.net\/wp-cnet\/wp-json\/wp\/v2\/media\/22441"}],"wp:attachment":[{"href":"https:\/\/catolicanet.net\/wp-cnet\/wp-json\/wp\/v2\/media?parent=1893"}],"wp:term":[{"taxonomy":"category","embeddable":true,"href":"https:\/\/catolicanet.net\/wp-cnet\/wp-json\/wp\/v2\/categories?post=1893"},{"taxonomy":"post_tag","embeddable":true,"href":"https:\/\/catolicanet.net\/wp-cnet\/wp-json\/wp\/v2\/tags?post=1893"}],"curies":[{"name":"wp","href":"https:\/\/api.w.org\/{rel}","templated":true}]}}