{"id":18865,"date":"2016-10-20T13:04:42","date_gmt":"2016-10-20T15:04:42","guid":{"rendered":"http:\/\/catolicanet.net\/wp-cnet\/2016\/10\/20\/bispos-repudiam-assassinatos-brutais-de-2-menores-na-argentina-e-no-chile\/"},"modified":"2017-05-30T16:33:23","modified_gmt":"2017-05-30T19:33:23","slug":"bispos-repudiam-assassinatos-brutais-de-2-menores-na-argentina-e-no-chile","status":"publish","type":"post","link":"https:\/\/catolicanet.net\/wp-cnet\/bispos-repudiam-assassinatos-brutais-de-2-menores-na-argentina-e-no-chile\/","title":{"rendered":"Bispos repudiam assassinatos brutais de 2 menores na Argentina e no Chile"},"content":{"rendered":"<p style=\"text-align: justify;\"><img decoding=\"async\" src=\"http:\/\/www.catolicanet.com.br\/images\/stories\/noticias\/cveb-q3w8aau6wr.jpg\" border=\"0\" align=\"left\" \/>SANTIAGO, (ACI).- O Bispo de Mar del Plata (Argentina), Dom Antonio Marino, e o Bispo Vig\u00e1rio Apost\u00f3lico de Ays\u00e9n (Chile), Dom Luis Infanti, se pronunciaram ap\u00f3s o assassinato de duas menores de idade nesses pa\u00edses.<\/p>\n<p>Em Mar del Plata, a jovem de 16 anos, Luc\u00eda P\u00e9rez, foi drogada, brutalmente agredida, violentada e assassinada entre os dias 8 e 9 de outubro. A justi\u00e7a prendeu dois supostos assassinos de 23 e 41 anos e um encobridor de 61 anos.<\/p>\n<p>A mensagem \u201cOnde est\u00e1 o teu irm\u00e3o?\u201d foi emitida em 16 de outubro por Dom Marino. O Prelado escreveu: \u201cNestes dias de inusitada viol\u00eancia, crueldade e dor quero desde meu humilde lugar acompanhar de cora\u00e7\u00e3o as fam\u00edlias que est\u00e3o sendo v\u00edtimas do flagelo das drogas e da viol\u00eancia\u201d.<\/p>\n<p>\u201cH\u00e1 adolescentes que s\u00e3o v\u00edtimas da maldade indiscriminada do crime organizado, do tr\u00e1fico de drogas e do tr\u00e1fico humano\u201d, alertou.<\/p>\n<p>\u201cComo sociedade devemos nos comprometer a lutar pelo bem-estar dos nossos filhos, deixando de lado sectarismos partid\u00e1rios e interesses mesquinhos (\u2026) Hoje a nossa juventude est\u00e1 sendo severamente amea\u00e7ada por estas pragas que somente ser\u00e3o vencidas se estivermos unidos por v\u00ednculos fortes entre todos os argentinos, se fortalecermos a fam\u00edlia e os seus valores, se nos comprometermos com a miseric\u00f3rdia e o amor e se dermos um sentido a nossa vida\u201d, afirmou o Prelado.<\/p>\n<p>\u201cN\u00e3o podemos deixar as nossas crian\u00e7as e adolescentes abandonados, n\u00e3o podemos deixar sozinhas as pessoas que mais sofrem em tantas \u2018periferias existenciais\u2019, devemos fortalecer o caminho da preven\u00e7\u00e3o\u201d.<\/p>\n<p><img decoding=\"async\" src=\"http:\/\/www.catolicanet.com.br\/images\/stories\/noticias\/cvdl3k9waaatm8r.jpg\" border=\"0\" align=\"right\" \/>Florencia Aguirre<\/p>\n<p>Por outro lado, na cidade de Coyhaique (Chile), a comunidade ficou impressionada ap\u00f3s a morte de Florencia Aguirre, uma menor de 10 anos que estava sendo cuidada pelo seu padrasto Cristi\u00e1n Soto Garc\u00eda, durante algumas horas na \u00faltima sexta-feira.<\/p>\n<p>Soto confessou que a asfixiou e queimou o seu corpo e o deixou na mesma casa onde viviam com a m\u00e3e da crian\u00e7a, em Coyhaique, sul do pa\u00eds. Ele est\u00e1 em pris\u00e3o preventiva e poder\u00e1 ser condenado \u00e0 pris\u00e3o perp\u00e9tua.<\/p>\n<p>O Bispo Vig\u00e1rio Apost\u00f3lico de Ays\u00e9n, Dom Luis Infanti, emitiu uma mensagem \u00e0 comunidade, atrav\u00e9s da qual expressou: \u201cParece que o dem\u00f4nio est\u00e1 solto e n\u00e3o tem freios frente o machismo, o \u00e1lcool e as drogas, a pornografia, ao desejo sexual, a viol\u00eancia familiar, social e dos meios de comunica\u00e7\u00e3o, a injusti\u00e7a, a pobreza, a falta de humanidade e de espiritualidade\u201d.<\/p>\n<p>\u201cA fam\u00edlia, lugar onde dever\u00edamos aprender a amar, dialogar serenamente, perdoar, nos respeitar, nos valorizar, nos corrigir, crescer, rezar, forjar atitudes generosas, nos sacrificar por outros\u2026 \u00e9 hoje um lugar de amea\u00e7as, de \u00f3dio, de perigo e at\u00e9 de morte\u201d.<\/p>\n<p>\u201cFlorencia, anjinho acolhido nos bra\u00e7os de Deus misericordioso, que depois desta dolorosa tortura de crucifica\u00e7\u00e3o, goze da paz e da alegria eterna, golpeia fortemente nossa consci\u00eancia e nossa vida para que a viol\u00eancia nunca mais nos prenda e nos domine\u201d, expressou Dom Infanti.<\/p>\n<p>\u201cQue a dor, o sofrimento, o pranto, a indigna\u00e7\u00e3o diante desta morte cruel do anjinho Florencia, Deus transforme em um potente e decidido: Sim \u00e0 vida, sim ao amor, sim \u00e0 justi\u00e7a, sim \u00e0 paz, sim \u00e0 fam\u00edlia unida e feliz, sim a uma sociedade fraterna e solid\u00e1ria\u201d, concluiu a mensagem.<\/p>\n<p style=\"text-align: justify;\">\u00a0<\/p>\n<p style=\"text-align: justify;\">Fonte: Acidigital<\/p>\n","protected":false},"excerpt":{"rendered":"<p>SANTIAGO, (ACI).- O Bispo de Mar del Plata (Argentina), Dom Antonio Marino, e o Bispo Vig\u00e1rio Apost\u00f3lico de Ays\u00e9n (Chile), Dom Luis Infanti, se pronunciaram ap\u00f3s o assassinato de duas menores de idade nesses pa\u00edses. Em Mar del Plata, a jovem de 16 anos, Luc\u00eda P\u00e9rez, foi drogada, brutalmente agredida, violentada e assassinada entre os [&hellip;]<\/p>\n","protected":false},"author":1,"featured_media":18864,"comment_status":"open","ping_status":"open","sticky":false,"template":"","format":"standard","meta":{"footnotes":""},"categories":[4],"tags":[],"class_list":["post-18865","post","type-post","status-publish","format-standard","has-post-thumbnail","hentry","category-cotidiano"],"_links":{"self":[{"href":"https:\/\/catolicanet.net\/wp-cnet\/wp-json\/wp\/v2\/posts\/18865","targetHints":{"allow":["GET"]}}],"collection":[{"href":"https:\/\/catolicanet.net\/wp-cnet\/wp-json\/wp\/v2\/posts"}],"about":[{"href":"https:\/\/catolicanet.net\/wp-cnet\/wp-json\/wp\/v2\/types\/post"}],"author":[{"embeddable":true,"href":"https:\/\/catolicanet.net\/wp-cnet\/wp-json\/wp\/v2\/users\/1"}],"replies":[{"embeddable":true,"href":"https:\/\/catolicanet.net\/wp-cnet\/wp-json\/wp\/v2\/comments?post=18865"}],"version-history":[{"count":1,"href":"https:\/\/catolicanet.net\/wp-cnet\/wp-json\/wp\/v2\/posts\/18865\/revisions"}],"predecessor-version":[{"id":25045,"href":"https:\/\/catolicanet.net\/wp-cnet\/wp-json\/wp\/v2\/posts\/18865\/revisions\/25045"}],"wp:featuredmedia":[{"embeddable":true,"href":"https:\/\/catolicanet.net\/wp-cnet\/wp-json\/wp\/v2\/media\/18864"}],"wp:attachment":[{"href":"https:\/\/catolicanet.net\/wp-cnet\/wp-json\/wp\/v2\/media?parent=18865"}],"wp:term":[{"taxonomy":"category","embeddable":true,"href":"https:\/\/catolicanet.net\/wp-cnet\/wp-json\/wp\/v2\/categories?post=18865"},{"taxonomy":"post_tag","embeddable":true,"href":"https:\/\/catolicanet.net\/wp-cnet\/wp-json\/wp\/v2\/tags?post=18865"}],"curies":[{"name":"wp","href":"https:\/\/api.w.org\/{rel}","templated":true}]}}