{"id":18863,"date":"2016-10-20T12:59:42","date_gmt":"2016-10-20T14:59:42","guid":{"rendered":"http:\/\/catolicanet.net\/wp-cnet\/2016\/10\/20\/processo-de-educacao-na-fe-e-tema-de-formacao-de-liderancas-no-rs\/"},"modified":"2017-05-30T16:33:23","modified_gmt":"2017-05-30T19:33:23","slug":"processo-de-educacao-na-fe-e-tema-de-formacao-de-liderancas-no-rs","status":"publish","type":"post","link":"https:\/\/catolicanet.net\/wp-cnet\/processo-de-educacao-na-fe-e-tema-de-formacao-de-liderancas-no-rs\/","title":{"rendered":"Processo de Educa\u00e7\u00e3o na F\u00e9 \u00e9 tema de Forma\u00e7\u00e3o de Lideran\u00e7as no RS"},"content":{"rendered":"<p style=\"text-align: justify;\"><img decoding=\"async\" src=\"http:\/\/www.catolicanet.com.br\/images\/stories\/noticias\/regional-sul-3-crdito-felipe-drews.jpg\" border=\"0\" align=\"left\" \/>Entender o caminho de amadurecimento do processo de evangeliza\u00e7\u00e3o da juventude foi o aspecto central da Forma\u00e7\u00e3o de Lideran\u00e7as realizada neste fim de semana, 15 e 16 de outubro, em S\u00e3o Leopoldo, munic\u00edpio da regi\u00e3o metropolitana de Porto Alegre, RS. Por meio de din\u00e2micas interativas e vivenciais, a forma\u00e7\u00e3o reuniu lideran\u00e7as que atuam nas dioceses do Rio Grande do Sul.<\/p>\n<p>Todas as atividades basearam-se nas orienta\u00e7\u00f5es do documento Evangeliza\u00e7\u00e3o da Juventude: Desafios e Perspectivas Pastorais (conhecido como Documento de 85). Os jovens debateram sobre a realidade juvenil e se aprofundaram a respeito da forma\u00e7\u00e3o integral, constru\u00e7\u00e3o de projeto de vida e inser\u00e7\u00e3o nos contextos eclesiais e s\u00f3cio-pol\u00edticos.<\/p>\n<p>Saiba mais sobre o Processo de Educa\u00e7\u00e3o na F\u00e9 (PEF)<\/p>\n<p>Para Odacir J\u00fanior Czekalski, o processo de educa\u00e7\u00e3o na f\u00e9 \u00e9 percorrido v\u00e1rias vezes dentro das pastorais e movimentos diocesanos. \u201c\u00c9 um fluxo c\u00edclico que precisa ser retroalimentado constantemente. Muitas vezes n\u00f3s mesmos que estamos \u00e0 frente precisamos rever em que etapa estamos dentro de nossa caminhada individual de evangeliza\u00e7\u00e3o\u201d, afirma o jovem da Diocese de Santo \u00c2ngelo.<\/p>\n<p>Na avalia\u00e7\u00e3o, os participantes sinalizaram que a real compreens\u00e3o dos passos para evangeliza\u00e7\u00e3o vai qualificar suas atua\u00e7\u00f5es nas dioceses. \u201cPretendo levar os conhecimentos adquiridos aqui para al\u00e9m do meu grupo. Quero buscar um lugar de participa\u00e7\u00e3o efetiva da juventude no conselho pastoral diocesano\u201d, projeta Wesley do Nascimento, da Diocese de Montenegro.<\/p>\n<p>O encontro ocorreu no Centro Mari\u00e1polis Arnold. Foi assessorado por Fabr\u00edcio Preto, da \u00e1rea de Cachoeirinha da Arquidiocese de Porto Alegre, com apoio da equipe do Servi\u00e7o de Evangeliza\u00e7\u00e3o da Juventude da CNBB Regional Sul 3.<\/p>\n<p>Por Emilin Grings \u2013 Comunicadora do Servi\u00e7o de Evangeliza\u00e7\u00e3o da Juventude da Regional Sul 3<\/p>\n<p style=\"text-align: justify;\">\u00a0<\/p>\n<p style=\"text-align: justify;\">Fonte: Jovens Conectados<\/p>\n","protected":false},"excerpt":{"rendered":"<p>Entender o caminho de amadurecimento do processo de evangeliza\u00e7\u00e3o da juventude foi o aspecto central da Forma\u00e7\u00e3o de Lideran\u00e7as realizada neste fim de semana, 15 e 16 de outubro, em S\u00e3o Leopoldo, munic\u00edpio da regi\u00e3o metropolitana de Porto Alegre, RS. Por meio de din\u00e2micas interativas e vivenciais, a forma\u00e7\u00e3o reuniu lideran\u00e7as que atuam nas dioceses [&hellip;]<\/p>\n","protected":false},"author":1,"featured_media":18862,"comment_status":"open","ping_status":"open","sticky":false,"template":"","format":"standard","meta":{"footnotes":""},"categories":[4],"tags":[],"class_list":["post-18863","post","type-post","status-publish","format-standard","has-post-thumbnail","hentry","category-cotidiano"],"_links":{"self":[{"href":"https:\/\/catolicanet.net\/wp-cnet\/wp-json\/wp\/v2\/posts\/18863","targetHints":{"allow":["GET"]}}],"collection":[{"href":"https:\/\/catolicanet.net\/wp-cnet\/wp-json\/wp\/v2\/posts"}],"about":[{"href":"https:\/\/catolicanet.net\/wp-cnet\/wp-json\/wp\/v2\/types\/post"}],"author":[{"embeddable":true,"href":"https:\/\/catolicanet.net\/wp-cnet\/wp-json\/wp\/v2\/users\/1"}],"replies":[{"embeddable":true,"href":"https:\/\/catolicanet.net\/wp-cnet\/wp-json\/wp\/v2\/comments?post=18863"}],"version-history":[{"count":1,"href":"https:\/\/catolicanet.net\/wp-cnet\/wp-json\/wp\/v2\/posts\/18863\/revisions"}],"predecessor-version":[{"id":25046,"href":"https:\/\/catolicanet.net\/wp-cnet\/wp-json\/wp\/v2\/posts\/18863\/revisions\/25046"}],"wp:featuredmedia":[{"embeddable":true,"href":"https:\/\/catolicanet.net\/wp-cnet\/wp-json\/wp\/v2\/media\/18862"}],"wp:attachment":[{"href":"https:\/\/catolicanet.net\/wp-cnet\/wp-json\/wp\/v2\/media?parent=18863"}],"wp:term":[{"taxonomy":"category","embeddable":true,"href":"https:\/\/catolicanet.net\/wp-cnet\/wp-json\/wp\/v2\/categories?post=18863"},{"taxonomy":"post_tag","embeddable":true,"href":"https:\/\/catolicanet.net\/wp-cnet\/wp-json\/wp\/v2\/tags?post=18863"}],"curies":[{"name":"wp","href":"https:\/\/api.w.org\/{rel}","templated":true}]}}