{"id":18857,"date":"2016-10-20T12:40:54","date_gmt":"2016-10-20T14:40:54","guid":{"rendered":"http:\/\/catolicanet.net\/wp-cnet\/2016\/10\/20\/juventude-da-diocese-de-patos-pb-realizara-dnj\/"},"modified":"2017-05-30T16:33:24","modified_gmt":"2017-05-30T19:33:24","slug":"juventude-da-diocese-de-patos-pb-realizara-dnj","status":"publish","type":"post","link":"https:\/\/catolicanet.net\/wp-cnet\/juventude-da-diocese-de-patos-pb-realizara-dnj\/","title":{"rendered":"Juventude da Diocese de Patos \u2013 PB realizar\u00e1 DNJ"},"content":{"rendered":"<p style=\"text-align: justify;\"><img decoding=\"async\" src=\"http:\/\/www.catolicanet.com.br\/images\/stories\/noticias\/dnj1.jpg\" border=\"0\" align=\"left\" \/>A Diocese de Patos (PB), celebrar\u00e1 no pr\u00f3ximo s\u00e1bado (22) com uma vig\u00edlia em todas as par\u00f3quias, e no domingo (23), na sede, com especial programa\u00e7\u00e3o, o Dia Nacional da Juventude (DNJ).<\/p>\n<p>O evento em n\u00edvel Diocesano reunir\u00e1 milhares de jovens que vir\u00e3o em caravanas dos 40 munic\u00edpios que comp\u00f5e a Diocese.<br \/>Os dias que antecedem o evento s\u00e3o marcados por iniciativas dos jovens que, em sintonia com o tema deste ano do DNJ, \u201cJuventude e nossa casa comum\u201d, realizam a\u00e7\u00f5es como, plantio de \u00e1rvores, visitas para conhecer a realidade dos catadores de lixo, como eles vivem, que rela\u00e7\u00e3o eles assumem com a natureza; prop\u00f5em a\u00e7\u00f5es para que nas resid\u00eancias aja coleta seletiva do lixo.<\/p>\n<p>Os jovens s\u00e3o convidados a entrarem em comunh\u00e3o com a cria\u00e7\u00e3o sob a \u00f3tica de tr\u00eas eixos: do ser humano; casa comum; e convers\u00e3o ecol\u00f3gica, inspirados na Enc\u00edclica do Papa Francisco Laudato S\u00ed, que exorta os jovens a serem portadores e protagonistas da \u201ccasa comum\u201d.<\/p>\n<p>No Domingo (23), dia principal do evento, as caravanas ser\u00e3o acolhidas na Par\u00f3quia Nossa Senhora de F\u00e1tima, a partir das 15h00, no Bairro Belo Horizonte, onde haver\u00e1 tamb\u00e9m uma vig\u00edlia no interior do Templo. Ap\u00f3s este momento os jovens seguem para o Largo Dom Gerardo numa caminhada de alegria, animados pelo Minist\u00e9rio de M\u00fasica da Comunidade Cat\u00f3lica Shalon. No Largo assistir\u00e3o apresenta\u00e7\u00f5es de dan\u00e7a, de teatro, palestra sobre o tema, celebra\u00e7\u00e3o Eucar\u00edstica presidida pelo Bispo Diocesano Dom Eraldo. A programa\u00e7\u00e3o ser\u00e1 encerrada com um Show Religioso com o Minist\u00e9rio de M\u00fasica Fontes de \u00c1gua Viva.<br \/>Segundo o assessor Diocesano do Setor de Juventude de Patos, Padre Bento Oliveira de Almeida, o evento tem se consagrado como maior evento cat\u00f3lico jovem da Diocese. Al\u00e9m de favorecer o encontro entre as mais diversas express\u00f5es juvenis da Diocese, o tema deixa um legado na consci\u00eancia da juventude e na transforma\u00e7\u00e3o social. Com o evento queremos estimular para os jovens continuem a ser sal da terra, a irradiar o bom perfume de Cristo nos ambientes paroquiais, a dar testemunho onde quer que estejam\u201d, ressaltou.<\/p>\n<p>Por Comunica\u00e7\u00e3o do Setor de Juventude<\/p>\n<p style=\"text-align: justify;\">\u00a0<\/p>\n<p style=\"text-align: justify;\">Fonte: Jovens Conectados<\/p>\n","protected":false},"excerpt":{"rendered":"<p>A Diocese de Patos (PB), celebrar\u00e1 no pr\u00f3ximo s\u00e1bado (22) com uma vig\u00edlia em todas as par\u00f3quias, e no domingo (23), na sede, com especial programa\u00e7\u00e3o, o Dia Nacional da Juventude (DNJ). O evento em n\u00edvel Diocesano reunir\u00e1 milhares de jovens que vir\u00e3o em caravanas dos 40 munic\u00edpios que comp\u00f5e a Diocese.Os dias que antecedem [&hellip;]<\/p>\n","protected":false},"author":1,"featured_media":18856,"comment_status":"open","ping_status":"open","sticky":false,"template":"","format":"standard","meta":{"footnotes":""},"categories":[4],"tags":[],"class_list":["post-18857","post","type-post","status-publish","format-standard","has-post-thumbnail","hentry","category-cotidiano"],"_links":{"self":[{"href":"https:\/\/catolicanet.net\/wp-cnet\/wp-json\/wp\/v2\/posts\/18857","targetHints":{"allow":["GET"]}}],"collection":[{"href":"https:\/\/catolicanet.net\/wp-cnet\/wp-json\/wp\/v2\/posts"}],"about":[{"href":"https:\/\/catolicanet.net\/wp-cnet\/wp-json\/wp\/v2\/types\/post"}],"author":[{"embeddable":true,"href":"https:\/\/catolicanet.net\/wp-cnet\/wp-json\/wp\/v2\/users\/1"}],"replies":[{"embeddable":true,"href":"https:\/\/catolicanet.net\/wp-cnet\/wp-json\/wp\/v2\/comments?post=18857"}],"version-history":[{"count":1,"href":"https:\/\/catolicanet.net\/wp-cnet\/wp-json\/wp\/v2\/posts\/18857\/revisions"}],"predecessor-version":[{"id":25049,"href":"https:\/\/catolicanet.net\/wp-cnet\/wp-json\/wp\/v2\/posts\/18857\/revisions\/25049"}],"wp:featuredmedia":[{"embeddable":true,"href":"https:\/\/catolicanet.net\/wp-cnet\/wp-json\/wp\/v2\/media\/18856"}],"wp:attachment":[{"href":"https:\/\/catolicanet.net\/wp-cnet\/wp-json\/wp\/v2\/media?parent=18857"}],"wp:term":[{"taxonomy":"category","embeddable":true,"href":"https:\/\/catolicanet.net\/wp-cnet\/wp-json\/wp\/v2\/categories?post=18857"},{"taxonomy":"post_tag","embeddable":true,"href":"https:\/\/catolicanet.net\/wp-cnet\/wp-json\/wp\/v2\/tags?post=18857"}],"curies":[{"name":"wp","href":"https:\/\/api.w.org\/{rel}","templated":true}]}}