{"id":18833,"date":"2016-10-19T17:14:04","date_gmt":"2016-10-19T19:14:04","guid":{"rendered":"http:\/\/catolicanet.net\/wp-cnet\/2016\/10\/19\/igreja-na-venezuela-responde-a-calunias-de-deputado-do-governo\/"},"modified":"2017-05-30T16:33:25","modified_gmt":"2017-05-30T19:33:25","slug":"igreja-na-venezuela-responde-a-calunias-de-deputado-do-governo","status":"publish","type":"post","link":"https:\/\/catolicanet.net\/wp-cnet\/igreja-na-venezuela-responde-a-calunias-de-deputado-do-governo\/","title":{"rendered":"Igreja na Venezuela responde a cal\u00fanias de deputado do governo"},"content":{"rendered":"<p style=\"text-align: justify;\"><img decoding=\"async\" src=\"http:\/\/www.catolicanet.com.br\/images\/stories\/noticias\/xdiputador.jpg\" border=\"0\" align=\"left\" \/>CARACAS, 19 Out. 16 \/ 07:00 am (ACI).- A Confer\u00eancia Episcopal Venezuelana (CEV) recha\u00e7ou as ofensas e cal\u00fanias do deputado do governo Hugbel Roa contra o Arcebispo de Caracas, Cardeal Jorge Urosa, e Dom Baltazar Porras, que ser\u00e1 criado cardeal no consist\u00f3rio convocado pelo Papa Francisco para o dia 19 de novembro.<\/p>\n<p>Em um comunicado publicado na p\u00e1gina da CEV, os bispos venezuelanos expressaram: \u201cDeploramos e repudiamos a cena triste e carente de toda \u00e9tica profissional e de todo sentido de cidadania, protagonizada pelo deputado \u00e0 Assembleia Nacional, o Sr. Hugbel Roa, que de modo grosseiro e negando a verdade, expressou-se publicamente de maneira ofensiva e caluniosa contra Dom Baltazar Porras e contra o Cardeal Jorge Urosa, Arcebispo de Caracas, e tamb\u00e9m desqualificando o Papa Francisco\u201d.<\/p>\n<p>No \u00faltimo dia 13 de outubro, durante uma sess\u00e3o da Assembleia Nacional na qual faziam uma sauda\u00e7\u00e3o especial para Dom Baltazar Porras pela designa\u00e7\u00e3o feita pelo Papa Francisco, o deputado Roa, membro do governante Partido Socialista Unido da Venezuela (PSUV), disse que \u201cBaltazar Porras n\u00e3o s\u00f3 agiu de forma baixa quando foi designar ao cardeal Urosa, quando teve reuni\u00f5es com o alto governo acusava o outro cardeal inclusive que n\u00e3o deveria ser escolhido por comportamentos homossexuais. Este mesmo senhor do qual voc\u00eas fazem um acordo a favor\u201d.<\/p>\n<p>O deputado da Mesa da Unidade Democr\u00e1tica (MUD) Juan Miguel Matheus interrompeu Roa, pedindo-lhe respeito a Dom Baltazar Porras. Em seguida, o parlamentar do governo jogou o microfone nele de forma violenta.<\/p>\n<p>Como san\u00e7\u00e3o pela sua atitude violenta, Hugbel Roa foi suspenso do seu direito ao uso da palavra na Assembleia Nacional durante um m\u00eas.<\/p>\n<p>Os bispos venezuelanos reiteraram sua \u201cgrande alegria e satisfa\u00e7\u00e3o pela designa\u00e7\u00e3o que o Papa Francisco\u201d fez de Dom Baltazar Porras como novo cardeal.<\/p>\n<p>\u201cO povo venezuelano se sente honrado de ter dois cardeais neste momento e sente atrav\u00e9s das m\u00faltiplas express\u00f5es de proximidade e afeto para com eles. A Confer\u00eancia Episcopal agradece profundamente ao Papa Francisco este lindo presente para a nossa Igreja e para o nosso povo\u201d, indicaram os bispos.<\/p>\n<p>A CEV destacou que \u201cos venezuelanos conhecem o servi\u00e7o e a dedica\u00e7\u00e3o pastoral, cultural e humanit\u00e1ria atrav\u00e9s da qual Dom Baltazar Porras exerceu seu minist\u00e9rio sacerdotal e episcopal, no \u2018llano\u2019, na capital da Rep\u00fablica e nos Andes, particularmente na Arquidiocese de M\u00e9rida, pelo seu destacado sentido eclesial e seu amor \u00e0 Venezuela, ao povo, \u00e0 sua hist\u00f3ria e tradi\u00e7\u00f5es\u201d.<\/p>\n<p>\u201cEste gesto do Santo Padre reitera sua aprova\u00e7\u00e3o \u00e0 linha de trabalho da nossa Igreja e, ao mesmo tempo, a sua preocupa\u00e7\u00e3o pela nossa P\u00e1tria, que sofre h\u00e1 dezessete anos uma grave crise social, econ\u00f4mica, pol\u00edtica e cultural que afeta todo o povo sem restri\u00e7\u00f5es, em primeiro lugar os mais pobres\u201d.<\/p>\n<p>Para os bispos venezuelanos, \u201cesta ofensa aos nossos dois Cardeais, movidas por interesses pol\u00edticos, deve fazer o povo venezuelano refletir sobre a situa\u00e7\u00e3o dif\u00edcil que estamos vivendo a n\u00edvel \u00e9tico-cultural, que se manifesta em reiterados discursos e atua\u00e7\u00f5es\u201d.<\/p>\n<p>\u201cAl\u00e9m disso, a fama de qualquer cidad\u00e3o deve ser respeitada. Quem tem uma posi\u00e7\u00e3o privilegiada de poder, concedido pelo pr\u00f3prio povo, n\u00e3o podem us\u00e1-la para caluniar e difamar irrespons\u00e1vel e temerariamente o advers\u00e1rio\u201d, sublinharam.<\/p>\n<p>Os bispos asseguraram que acompanhar\u00e3o \u201cespiritual e fraternalmente\u201d Dom Baltazar Porras \u201cquando o Papa Francisco entregar o seu Capelo Cardinal\u00edcio, no pr\u00f3ximo dia 19 de novembro\u201d.<\/p>\n<p>Ao finalizar o comunicado, a CEV exortou \u201ctodos os crentes a elevar suas ora\u00e7\u00f5es pelo nosso povo venezuelano, pelo seu futuro, pelo nosso querido Papa Francisco e nossos Cardeais, que dia a dia testemunham a alegria do Evangelho no servi\u00e7o ao povo de Deus\u201d.<\/p>\n<p>\u201cQue Maria de Coromoto, Padroeira da Venezuela, nos proteja com seu amor\u201d, conclu\u00edram os bispos.<\/p>\n<p style=\"text-align: justify;\">\u00a0<\/p>\n<p style=\"text-align: justify;\">Fonte: Acidigital<\/p>\n","protected":false},"excerpt":{"rendered":"<p>CARACAS, 19 Out. 16 \/ 07:00 am (ACI).- A Confer\u00eancia Episcopal Venezuelana (CEV) recha\u00e7ou as ofensas e cal\u00fanias do deputado do governo Hugbel Roa contra o Arcebispo de Caracas, Cardeal Jorge Urosa, e Dom Baltazar Porras, que ser\u00e1 criado cardeal no consist\u00f3rio convocado pelo Papa Francisco para o dia 19 de novembro. Em um comunicado [&hellip;]<\/p>\n","protected":false},"author":1,"featured_media":18832,"comment_status":"open","ping_status":"open","sticky":false,"template":"","format":"standard","meta":{"footnotes":""},"categories":[4],"tags":[],"class_list":["post-18833","post","type-post","status-publish","format-standard","has-post-thumbnail","hentry","category-cotidiano"],"_links":{"self":[{"href":"https:\/\/catolicanet.net\/wp-cnet\/wp-json\/wp\/v2\/posts\/18833","targetHints":{"allow":["GET"]}}],"collection":[{"href":"https:\/\/catolicanet.net\/wp-cnet\/wp-json\/wp\/v2\/posts"}],"about":[{"href":"https:\/\/catolicanet.net\/wp-cnet\/wp-json\/wp\/v2\/types\/post"}],"author":[{"embeddable":true,"href":"https:\/\/catolicanet.net\/wp-cnet\/wp-json\/wp\/v2\/users\/1"}],"replies":[{"embeddable":true,"href":"https:\/\/catolicanet.net\/wp-cnet\/wp-json\/wp\/v2\/comments?post=18833"}],"version-history":[{"count":1,"href":"https:\/\/catolicanet.net\/wp-cnet\/wp-json\/wp\/v2\/posts\/18833\/revisions"}],"predecessor-version":[{"id":25053,"href":"https:\/\/catolicanet.net\/wp-cnet\/wp-json\/wp\/v2\/posts\/18833\/revisions\/25053"}],"wp:featuredmedia":[{"embeddable":true,"href":"https:\/\/catolicanet.net\/wp-cnet\/wp-json\/wp\/v2\/media\/18832"}],"wp:attachment":[{"href":"https:\/\/catolicanet.net\/wp-cnet\/wp-json\/wp\/v2\/media?parent=18833"}],"wp:term":[{"taxonomy":"category","embeddable":true,"href":"https:\/\/catolicanet.net\/wp-cnet\/wp-json\/wp\/v2\/categories?post=18833"},{"taxonomy":"post_tag","embeddable":true,"href":"https:\/\/catolicanet.net\/wp-cnet\/wp-json\/wp\/v2\/tags?post=18833"}],"curies":[{"name":"wp","href":"https:\/\/api.w.org\/{rel}","templated":true}]}}