{"id":18824,"date":"2016-10-19T15:22:57","date_gmt":"2016-10-19T17:22:57","guid":{"rendered":"http:\/\/catolicanet.net\/wp-cnet\/2016\/10\/19\/dom-arnaldo-carvalheiro-assume-como-novo-bispo-de-itapeva-sp\/"},"modified":"2017-06-02T10:17:58","modified_gmt":"2017-06-02T13:17:58","slug":"dom-arnaldo-carvalheiro-assume-como-novo-bispo-de-itapeva-sp","status":"publish","type":"post","link":"https:\/\/catolicanet.net\/wp-cnet\/dom-arnaldo-carvalheiro-assume-como-novo-bispo-de-itapeva-sp\/","title":{"rendered":"Dom Arnaldo Carvalheiro assume como novo bispo de Itapeva (SP)"},"content":{"rendered":"<p style=\"text-align: justify;\"><img decoding=\"async\" src=\"http:\/\/www.catolicanet.com.br\/images\/stories\/bispos\/dom_arnaldo-carvalheiro-site.jpg\" border=\"0\" align=\"left\" \/>Renuncia apresentada por dom Jos\u00e9 Moreira de Melo foi acolhida pelo papa Francisco<\/p>\n<p>O papa Francisco aceitou o pedido de ren\u00fancia ao governo pastoral da diocese de Itapeva (SP), apresentado por dom Jos\u00e9 Moreira de Melo. Em consequ\u00eancia, assume como bispo diocesano dom Arnaldo Carvalheiro Neto, at\u00e9 ent\u00e3o bispo coadjutor.<\/p>\n<p>Paulistano, 49 anos de idade, ordenado padre em 1997, como membro do clero da diocese de Ara\u00e7atuba (SP), dom Arnaldo foi nomeado bispo em 04 de maio deste ano e ordenado em 17 de julho. <\/p>\n<p>Alguns tra\u00e7os do percurso de forma\u00e7\u00e3o percorrido por dom Arnaldo, segundo a reda\u00e7\u00e3o da R\u00e1dio Vaticano: \u201cEstudou Filosofia na Faculdade Salesiana de Filosofia, Ci\u00eancias e Letras e (UNISAL) em Lorena (1989-1991) e Teologia no Instituto Teol\u00f3gico \u201cRainha dos Ap\u00f3stolos\u201d em Mar\u00edlia (1993-1996). Frequentou cursos de Dire\u00e7\u00e3o Espiritual no \u201cInstitute for Spiritual Leadership\u201d em Chicago-EUA (2002-2003) e de Capelania Hospitalar no \u201cMater Misericordiae Hospital\u201d em Dublin-Irlanda (2006). Al\u00e9m disso, obteve a Licenciatura em \u201cPastoral Counseling\u201d na \u201cLoyola University of Chicago\u201d (2003-2006)\u201d. <\/p>\n<p>Dom Arnaldo \u00e9 o sexto bispo da diocese de Itapeva, que foi criada em 2 de mar\u00e7o de 1968 pela Bula Pontif\u00edcia Quantum Spei do papa Paulo VI. Ao todo, o territ\u00f3rio da diocese abrange 20 munic\u00edpios numa \u00e1rea total de 18.615 quil\u00f4metros quadrados com uma popula\u00e7\u00e3o de 250 mil habitantes.<\/p>\n<p>Fonte: CNBB<\/p>\n","protected":false},"excerpt":{"rendered":"<p>Renuncia apresentada por dom Jos\u00e9 Moreira de Melo foi acolhida pelo papa Francisco O papa Francisco aceitou o pedido de ren\u00fancia ao governo pastoral da diocese de Itapeva (SP), apresentado por dom Jos\u00e9 Moreira de Melo. Em consequ\u00eancia, assume como bispo diocesano dom Arnaldo Carvalheiro Neto, at\u00e9 ent\u00e3o bispo coadjutor. Paulistano, 49 anos de idade, [&hellip;]<\/p>\n","protected":false},"author":1,"featured_media":18823,"comment_status":"open","ping_status":"open","sticky":false,"template":"","format":"standard","meta":{"footnotes":""},"categories":[3],"tags":[],"class_list":["post-18824","post","type-post","status-publish","format-standard","has-post-thumbnail","hentry","category-vaticano"],"_links":{"self":[{"href":"https:\/\/catolicanet.net\/wp-cnet\/wp-json\/wp\/v2\/posts\/18824","targetHints":{"allow":["GET"]}}],"collection":[{"href":"https:\/\/catolicanet.net\/wp-cnet\/wp-json\/wp\/v2\/posts"}],"about":[{"href":"https:\/\/catolicanet.net\/wp-cnet\/wp-json\/wp\/v2\/types\/post"}],"author":[{"embeddable":true,"href":"https:\/\/catolicanet.net\/wp-cnet\/wp-json\/wp\/v2\/users\/1"}],"replies":[{"embeddable":true,"href":"https:\/\/catolicanet.net\/wp-cnet\/wp-json\/wp\/v2\/comments?post=18824"}],"version-history":[{"count":1,"href":"https:\/\/catolicanet.net\/wp-cnet\/wp-json\/wp\/v2\/posts\/18824\/revisions"}],"predecessor-version":[{"id":27395,"href":"https:\/\/catolicanet.net\/wp-cnet\/wp-json\/wp\/v2\/posts\/18824\/revisions\/27395"}],"wp:featuredmedia":[{"embeddable":true,"href":"https:\/\/catolicanet.net\/wp-cnet\/wp-json\/wp\/v2\/media\/18823"}],"wp:attachment":[{"href":"https:\/\/catolicanet.net\/wp-cnet\/wp-json\/wp\/v2\/media?parent=18824"}],"wp:term":[{"taxonomy":"category","embeddable":true,"href":"https:\/\/catolicanet.net\/wp-cnet\/wp-json\/wp\/v2\/categories?post=18824"},{"taxonomy":"post_tag","embeddable":true,"href":"https:\/\/catolicanet.net\/wp-cnet\/wp-json\/wp\/v2\/tags?post=18824"}],"curies":[{"name":"wp","href":"https:\/\/api.w.org\/{rel}","templated":true}]}}