{"id":18817,"date":"2016-10-19T11:30:39","date_gmt":"2016-10-19T13:30:39","guid":{"rendered":"http:\/\/catolicanet.net\/wp-cnet\/2016\/10\/19\/falece-claudio-pastro-maior-nome-da-arte-sacra-brasileira\/"},"modified":"2017-05-30T16:33:26","modified_gmt":"2017-05-30T19:33:26","slug":"falece-claudio-pastro-maior-nome-da-arte-sacra-brasileira","status":"publish","type":"post","link":"https:\/\/catolicanet.net\/wp-cnet\/falece-claudio-pastro-maior-nome-da-arte-sacra-brasileira\/","title":{"rendered":"Falece Cl\u00e1udio Pastro, maior nome da arte sacra brasileira"},"content":{"rendered":"<p style=\"text-align: justify;\"><img decoding=\"async\" src=\"http:\/\/www.catolicanet.com.br\/images\/stories\/noticias\/pastro_na_cupula.jpg\" border=\"0\" align=\"left\" \/>Autor das obras sacras do Santu\u00e1rio Nacional de Aparecida, Cl\u00e1udio Pastro era um dos nomes mais renomados da arte pl\u00e1stica do Brasil.<\/p>\n<p>Faleceu na madrugada desta quarta-feira, 19 de outubro, no Hospital Oswaldo Cruz, em S\u00e3o Paulo (SP), o artista sacro Cl\u00e1udio Pastro. O corpo ser\u00e1 velado no Mosteiro Nossa Senhora da Paz, em Itapecerica da Serra. Seu sepultamento acontecer\u00e1 \u00e0s 16h, no cemit\u00e9rio do Mosteiro, precedido da Eucaristia em a\u00e7\u00e3o de gra\u00e7as por sua vida e ressurrei\u00e7\u00e3o.<\/p>\n<p>\u201cRezemos ao bom Deus que acolha em sua casa este servo bom e fiel!\u201d, declarou o arcebispo de Diamantina (MG) e presidente da Comiss\u00e3o Episcopal Pastoral para a Comunica\u00e7\u00e3o, Dom Darci Jos\u00e9 Nicioli, ao divulgar a not\u00edcia nas redes sociais. \u201cEste irm\u00e3o, com quem pude ter boa amizade, e que serviu a Igreja no Brasil e em outras partes do mundo, com seu dom extraordin\u00e1rio na \u00e1rea lit\u00fargica. Na ressurrei\u00e7\u00e3o, vai cantar as maravilhas de Deus eternamente\u201d, declarou dom Gil Antonio Moreira, respons\u00e1vel pelos bens culturais no Regional Leste 2 da CNBB.<\/p>\n<p>O artista sacro de Aparecida<\/p>\n<p>Cl\u00e1udio Pastro era considerado por especialistas de arte sacra como o brasileiro mais expressivo da atualidade nesta \u00e1rea. Paulistano, nascido em 16 de outubro de 1948 em uma fam\u00edlia cat\u00f3lica, \u00e9 especializado em arte sacra e tem suas obras baseadas no Conc\u00edlio Ecum\u00eanico Vaticano II.<\/p>\n<p>Grande devoto da espiritualidade beneditina recebeu o t\u00edtulo de oblato. J\u00e1 reformou centenas de igrejas no Brasil e no exterior.<\/p>\n<p>Formado em Ci\u00eancias Sociais pela PUC, em 1972, se dedicava \u00e0 arte sacra desde 1975, tendo cursado teoria e t\u00e9cnicas de arte na Abbaye Notre Dame de Tournay (Fran\u00e7a), no Museu de Arte Sacra da Catalunha (Espanha), na Academia de Belas Artes Lorenzo de Viterbo (It\u00e1lia), na Abadia Beneditina de Tepeyac (M\u00e9xico) e no Liceu de Artes e Of\u00edcios de S\u00e3o Paulo.<\/p>\n<p>Entre diversos trabalhos realizados em diversos lugares do mundo, se destaca o acabamento do Santu\u00e1rio Nacional de Nossa Senhora Aparecida, onde atuam os Redentoristas de S\u00e3o Paulo, al\u00e9m de trabalhos realizados nos conventos da Prov\u00edncia.<\/p>\n<p>Inf\u00e2ncia<\/p>\n<p>Pintando desde os cinco anos de idade, Pastro usava os pap\u00e9is de p\u00e3o que a m\u00e3e Alo\u00edsia, chamada por todos de Luizita, guardava para ele desenhar e rabiscar.<\/p>\n<p>No campo art\u00edstico recebeu influ\u00eancia do pai, que o presenteou com um Long Play, um vinil, com o Lago do Cisne, de Tchaicowky, e das Irm\u00e3zinhas da Assun\u00e7\u00e3o, cujo mosteiro localizava-se na Alameda Lorena, bem em frente \u00e0 casa em que a fam\u00edlia morava.<\/p>\n<p>Suas primeiras obras foram na capela do Mosteiro Nossa Senhora da Paz em S\u00e3o Paulo. Vieram ent\u00e3o as cria\u00e7\u00f5es para o Col\u00e9gio Santo Am\u00e9rico e para outras igrejas. Aos poucos foi se tornando conhecido.<\/p>\n<p><img decoding=\"async\" src=\"http:\/\/www.catolicanet.com.br\/images\/stories\/noticias\/130791.jpg\" border=\"0\" align=\"right\" \/>Cl\u00e1udio Pastro, juntamente com o fot\u00f3grafo Fabio Colombini, \u00e9 autor do Livro Aparecida.<\/p>\n<p>O Santu\u00e1rio Nacional de Aparecida<\/p>\n<p>Respons\u00e1vel pela prepara\u00e7\u00e3o do maior Santu\u00e1rio mariano do mundo, Claudio Pastro est\u00e1 \u00e0 frente da concep\u00e7\u00e3o art\u00edstica, cria\u00e7\u00e3o de pain\u00e9is, vitrais e tantas obras da Bas\u00edlica de Aparecida desde 1999. Entre tantas obras \u00e9 autor do Nicho que abriga a imagem de Nossa Senhora Aparecida\u00a0 e da C\u00fapula Central, em fase de finaliza\u00e7\u00e3o na Bas\u00edlica de Aparecida.<\/p>\n<p>Eu fico muito feliz pelo privil\u00e9gio de ter sido escolhido e por ouvir que as pessoas mais simples e as mais sofisticadas tem o mesmo sentimento: ao entrar na Bas\u00edlica n\u00e3o querem sair.<\/p>\n<p>Ao caminhar pelos corredores do Santu\u00e1rio Nacional, nota-se a grandiosidade da Bas\u00edlica dedicada a Padroeira do Brasil e observa-se o colorido e os tra\u00e7os marcados pelas obras de Pastro.<\/p>\n<p>Tamb\u00e9m \u00e9 autor do monumento em homenagem aos 300 anos do encontro de Nossa Senhora Aparecida no Rio Para\u00edba, inaugurado recentemente nos jardins do Vaticano, em Roma, no Santu\u00e1rio Nacional, em Aparecida (SP) e futuramente em Bras\u00edlia (DF) na sede da Confer\u00eancia Nacional dos Bispos do Brasil (CNBB).<\/p>\n<p>Em entrevista recente e exclusiva ao A12.com, Pastro explicou o significado da pe\u00e7a dedicada a Padroeira.<\/p>\n<p style=\"text-align: justify;\"><a href=\"https:\/\/www.youtube.com\/watch?v=ijBnUOIo2iY\">Clique aqui para assistir.<\/a><\/p>\n<p>Cl\u00e1udio Pastro ainda falou sobre a catequese de suas obras sacras e do privil\u00e9gio de conceber tantas obras.<\/p>\n<p>\u201cEsta igreja \u00e9 \u00fanica! Temos uma Bas\u00edlica, onde a manifesta\u00e7\u00e3o de Deus, a verdade e a gratuidade resultam em beleza, luz, esplendor. Eu fico muito feliz pelo privil\u00e9gio de ter sido escolhido e por ouvir que as pessoas mais simples e as mais sofisticadas tem o mesmo sentimento: ao entrar na Bas\u00edlica n\u00e3o querem sair. Isso basta. Nem todo mundo entende, pois a f\u00e9 \u00e9 um crescimento interno e essas obras s\u00e3o um convite para isso\u201d, afirmou.<\/p>\n<p style=\"text-align: justify;\">\u00a0<\/p>\n<p style=\"text-align: justify;\">Fonte: A12 Noticias<\/p>\n","protected":false},"excerpt":{"rendered":"<p>Autor das obras sacras do Santu\u00e1rio Nacional de Aparecida, Cl\u00e1udio Pastro era um dos nomes mais renomados da arte pl\u00e1stica do Brasil. Faleceu na madrugada desta quarta-feira, 19 de outubro, no Hospital Oswaldo Cruz, em S\u00e3o Paulo (SP), o artista sacro Cl\u00e1udio Pastro. O corpo ser\u00e1 velado no Mosteiro Nossa Senhora da Paz, em Itapecerica [&hellip;]<\/p>\n","protected":false},"author":1,"featured_media":18816,"comment_status":"open","ping_status":"open","sticky":false,"template":"","format":"standard","meta":{"footnotes":""},"categories":[4],"tags":[],"class_list":["post-18817","post","type-post","status-publish","format-standard","has-post-thumbnail","hentry","category-cotidiano"],"_links":{"self":[{"href":"https:\/\/catolicanet.net\/wp-cnet\/wp-json\/wp\/v2\/posts\/18817","targetHints":{"allow":["GET"]}}],"collection":[{"href":"https:\/\/catolicanet.net\/wp-cnet\/wp-json\/wp\/v2\/posts"}],"about":[{"href":"https:\/\/catolicanet.net\/wp-cnet\/wp-json\/wp\/v2\/types\/post"}],"author":[{"embeddable":true,"href":"https:\/\/catolicanet.net\/wp-cnet\/wp-json\/wp\/v2\/users\/1"}],"replies":[{"embeddable":true,"href":"https:\/\/catolicanet.net\/wp-cnet\/wp-json\/wp\/v2\/comments?post=18817"}],"version-history":[{"count":1,"href":"https:\/\/catolicanet.net\/wp-cnet\/wp-json\/wp\/v2\/posts\/18817\/revisions"}],"predecessor-version":[{"id":25055,"href":"https:\/\/catolicanet.net\/wp-cnet\/wp-json\/wp\/v2\/posts\/18817\/revisions\/25055"}],"wp:featuredmedia":[{"embeddable":true,"href":"https:\/\/catolicanet.net\/wp-cnet\/wp-json\/wp\/v2\/media\/18816"}],"wp:attachment":[{"href":"https:\/\/catolicanet.net\/wp-cnet\/wp-json\/wp\/v2\/media?parent=18817"}],"wp:term":[{"taxonomy":"category","embeddable":true,"href":"https:\/\/catolicanet.net\/wp-cnet\/wp-json\/wp\/v2\/categories?post=18817"},{"taxonomy":"post_tag","embeddable":true,"href":"https:\/\/catolicanet.net\/wp-cnet\/wp-json\/wp\/v2\/tags?post=18817"}],"curies":[{"name":"wp","href":"https:\/\/api.w.org\/{rel}","templated":true}]}}