{"id":18794,"date":"2016-10-18T12:51:43","date_gmt":"2016-10-18T14:51:43","guid":{"rendered":"http:\/\/catolicanet.net\/wp-cnet\/2016\/10\/18\/santa-se-ensinamentos-indigenas-essenciais-para-humanidade\/"},"modified":"2017-06-02T14:05:09","modified_gmt":"2017-06-02T17:05:09","slug":"santa-se-ensinamentos-indigenas-essenciais-para-humanidade","status":"publish","type":"post","link":"https:\/\/catolicanet.net\/wp-cnet\/santa-se-ensinamentos-indigenas-essenciais-para-humanidade\/","title":{"rendered":"Santa S\u00e9: ensinamentos ind\u00edgenas essenciais para humanidade"},"content":{"rendered":"<p style=\"text-align: justify;\"><img decoding=\"async\" src=\"http:\/\/www.catolicanet.com.br\/images\/stories\/noticias\/afp4658140_articolo.jpg\" border=\"0\" align=\"left\" \/>Nova York (RV) \u2013 A Santa S\u00e9 interveio nesta segunda-feira (17\/10) na sede das Na\u00e7\u00f5es Unidas, em Nova York, em um debate sobre os direitos dos povos ind\u00edgenas. O diplomata filipino Dom Bernardito Auza pronunciou seu discurso diante dos membros da Assembleia Geral lembrando inicialmente que existem hoje mais de 370 milh\u00f5es de ind\u00edgenas espalhados em cerca de 90 pa\u00edses todo o mundo.<\/p>\n<p style=\"text-align: justify;\">\u00a0<\/p>\n<p style=\"text-align: justify;\"><a href=\"http:\/\/media02.radiovaticana.va\/audio\/audio2\/mp3\/00553313.mp3\">Clique aqui para ouvir.<\/a><\/p>\n<p style=\"text-align: justify;\">\u00a0<\/p>\n<p style=\"text-align: justify;\">A popula\u00e7\u00e3o ind\u00edgena representa apenas 5% do total mundial, mas sua experi\u00eancia, seus conhecimentos e a sua abordagem \u00fanica em rela\u00e7\u00e3o ao cuidado com a nossa casa comum s\u00e3o um ensinamento e um ponto de refer\u00eancia essencial para a humanidade. E \u00e9 por essa raz\u00e3o que a luta para preservar o seu patrim\u00f4nio, a l\u00edngua, as tradi\u00e7\u00f5es religiosas e os meios de subsist\u00eancia n\u00e3o \u00e9 apenas uma sua preocupa\u00e7\u00e3o, mas do mundo inteiro.<\/p>\n<p>Extirpados e empobrecidos<\/p>\n<p>Dom Auza frisou que no paradigma social e econ\u00f4mico atual, em que a economia se baseia em grande parte no lucro e no ganho individual ao inv\u00e9s da responsabilidade pelo pr\u00f3ximo, o meio ambiente e o bem comum, os povos ind\u00edgenas ficaram mais e mais para tr\u00e1s. Suas terras tradicionais, com as quais est\u00e3o f\u00edsica e espiritualmente em comunh\u00e3o, lhes s\u00e3o tomadas sem consulta, a favor de empresas extrativas, obras p\u00fablicas, e agricultora de grande escala.<\/p>\n<p>Extra\u00eddos de suas casas e terras tradicionais, os ind\u00edgenas apresentam \u00edndices mais altos de pobreza, desemprego, e inseguran\u00e7a social e alimentar do que as popula\u00e7\u00f5es n\u00e3o-ind\u00edgenas, e constituem cerca de 15% dos pobres do mundo.<\/p>\n<p>Protagonismo no desenvolvimento<\/p>\n<p>Nos esfor\u00e7os da comunidade internacional em cumprir a implementa\u00e7\u00e3o da Agenda 2030 e o Acordo de Paris COP21 para mudar a narrativa global atual de exclus\u00e3o, os povos ind\u00edgenas devem estar no centro. Devem ser os jogadores e n\u00e3o espectadores, agentes ativos e benefici\u00e1rios, n\u00e3o passivos do desenvolvimento.<\/p>\n<p>Os povos ind\u00edgenas justamente exigem n\u00e3o s\u00f3 o respeito pelos seus direitos no processo de implementa\u00e7\u00e3o da Agenda e do Acordo, mas tamb\u00e9m a necessidade de adaptar e integrar o conhecimento ind\u00edgena nas pol\u00edticas e a\u00e7\u00f5es socioecon\u00f4micas e ambientais relevantes.<\/p>\n<p>Neste sentido, a Santa S\u00e9 defende que a participa\u00e7\u00e3o de representantes e institui\u00e7\u00f5es dos povos ind\u00edgenas em reuni\u00f5es dos \u00f3rg\u00e3os competentes das Na\u00e7\u00f5es Unidas deve ser refor\u00e7ada, especialmente nas quest\u00f5es que os afetam diretamente.<\/p>\n<p>Poder n\u00e3o tire soberania dos povos ind\u00edgenas<\/p>\n<p>O diplomata vaticano encerrou o discurso lembrando as palavras do Papa Francisco: \u201cNenhum poder real ou criado tem o direito de privar os povos do pleno exerc\u00edcio da sua soberania. Sempre que se faz isso, vemos o surgimento de novas formas de colonialismo, que prejudica seriamente a possibilidade de paz e justi\u00e7a\u201d.<\/p>\n<p style=\"text-align: justify;\">\u00a0<\/p>\n<p style=\"text-align: justify;\">Fonte: R\u00e1dio Vaticano<\/p>\n","protected":false},"excerpt":{"rendered":"<p>Nova York (RV) \u2013 A Santa S\u00e9 interveio nesta segunda-feira (17\/10) na sede das Na\u00e7\u00f5es Unidas, em Nova York, em um debate sobre os direitos dos povos ind\u00edgenas. O diplomata filipino Dom Bernardito Auza pronunciou seu discurso diante dos membros da Assembleia Geral lembrando inicialmente que existem hoje mais de 370 milh\u00f5es de ind\u00edgenas espalhados [&hellip;]<\/p>\n","protected":false},"author":1,"featured_media":18793,"comment_status":"open","ping_status":"open","sticky":false,"template":"","format":"standard","meta":{"footnotes":""},"categories":[3],"tags":[],"class_list":["post-18794","post","type-post","status-publish","format-standard","has-post-thumbnail","hentry","category-vaticano"],"_links":{"self":[{"href":"https:\/\/catolicanet.net\/wp-cnet\/wp-json\/wp\/v2\/posts\/18794","targetHints":{"allow":["GET"]}}],"collection":[{"href":"https:\/\/catolicanet.net\/wp-cnet\/wp-json\/wp\/v2\/posts"}],"about":[{"href":"https:\/\/catolicanet.net\/wp-cnet\/wp-json\/wp\/v2\/types\/post"}],"author":[{"embeddable":true,"href":"https:\/\/catolicanet.net\/wp-cnet\/wp-json\/wp\/v2\/users\/1"}],"replies":[{"embeddable":true,"href":"https:\/\/catolicanet.net\/wp-cnet\/wp-json\/wp\/v2\/comments?post=18794"}],"version-history":[{"count":1,"href":"https:\/\/catolicanet.net\/wp-cnet\/wp-json\/wp\/v2\/posts\/18794\/revisions"}],"predecessor-version":[{"id":27401,"href":"https:\/\/catolicanet.net\/wp-cnet\/wp-json\/wp\/v2\/posts\/18794\/revisions\/27401"}],"wp:featuredmedia":[{"embeddable":true,"href":"https:\/\/catolicanet.net\/wp-cnet\/wp-json\/wp\/v2\/media\/18793"}],"wp:attachment":[{"href":"https:\/\/catolicanet.net\/wp-cnet\/wp-json\/wp\/v2\/media?parent=18794"}],"wp:term":[{"taxonomy":"category","embeddable":true,"href":"https:\/\/catolicanet.net\/wp-cnet\/wp-json\/wp\/v2\/categories?post=18794"},{"taxonomy":"post_tag","embeddable":true,"href":"https:\/\/catolicanet.net\/wp-cnet\/wp-json\/wp\/v2\/tags?post=18794"}],"curies":[{"name":"wp","href":"https:\/\/api.w.org\/{rel}","templated":true}]}}